{"id":1026,"date":"2008-05-01T20:54:19","date_gmt":"2008-05-01T18:54:19","guid":{"rendered":"http:\/\/www.iesneiravilas.es\/arquivo\/?p=1026"},"modified":"2014-10-15T11:28:51","modified_gmt":"2014-10-15T09:28:51","slug":"entrevista-a-claudia-calvelo-ameijeiras","status":"publish","type":"post","link":"https:\/\/www.iesneiravilas.es\/arquivo\/?p=1026","title":{"rendered":"Entrevista a Claudia Calvelo Ameijeiras"},"content":{"rendered":"<figure id=\"attachment_1027\" aria-describedby=\"caption-attachment-1027\" style=\"width: 300px\" class=\"wp-caption alignleft\"><a href=\"http:\/\/www.iesneiravilas.es\/arquivo\/wp-content\/uploads\/2014\/10\/claudia_calvelo.jpg\"><img loading=\"lazy\" decoding=\"async\" class=\"size-medium wp-image-1027\" src=\"http:\/\/www.iesneiravilas.es\/arquivo\/wp-content\/uploads\/2014\/10\/claudia_calvelo-300x225.jpg\" alt=\"Claudia Calvelo Ameijeiras\" width=\"300\" height=\"225\" srcset=\"https:\/\/www.iesneiravilas.es\/arquivo\/wp-content\/uploads\/2014\/10\/claudia_calvelo-300x225.jpg 300w, https:\/\/www.iesneiravilas.es\/arquivo\/wp-content\/uploads\/2014\/10\/claudia_calvelo.jpg 400w\" sizes=\"auto, (max-width: 300px) 100vw, 300px\" \/><\/a><figcaption id=\"caption-attachment-1027\" class=\"wp-caption-text\">Claudia Calvelo Ameijeiras<\/figcaption><\/figure>\n<h4>A elite do baloncesto no Neira Vilas<\/h4>\n<p>Claudia Calvelo Ameijeiras, de cuarto de ESO, ten dezaseis anos -rec\u00e9n cumplidos- e xa leva m\u00e1is de cinco no cumio do deporte. Con 11 anos, e no primeiro partido de baloncesto xa a mandan \u00e1 selecci\u00f3n galega e no mesmo veran \u00e9 fichada para a selecci\u00f3n nacional. Co equipo espa\u00f1ol recib\u00edu a medalla de oro en Kosica (Eslovenia) hai dous anos.<\/p>\n<h4>\u201cO deporte ax\u00fada a apartar os problemas que te\u00f1as\u201d<\/h4>\n<p>Claudia Calvelo Ameijeiras, de cuarto de ESO, ten dazaseis anos \u2013rec\u00e9n cumplidos- e xa leva m\u00e1is de cinco no cumio do deporte. Con 11 anos, e no primeiro partido de baloncesto xa a mandan \u00e1 selecci\u00f3n galega e no mesmo veran \u00e9 fichada para a selecci\u00f3n nacional. Co equipo espa\u00f1ol recib\u00edu a medalla de oro en Kosica (Eslovenia) hai dous anos. Cunha importante herdanza familiar porque o seu pai fora xogador e entrenador, tardaron a animala porque ti\u00f1an medo das constantes lesi\u00f3n sque sufren os deportistas.<\/p>\n<p><b>-\u00bfC\u00f3mo empezas a xogar?<\/b><\/p>\n<p>&#8211; Empecei pola iusi\u00f3n que lle fac\u00eda \u00f3 meu pai, non tanto \u00e1 mi\u00f1a nai que non quer\u00eda pasar o resto do seu tempo libre vida no pabell\u00f3n de deportes.<\/p>\n<p><b>-O sea que a t\u00faa nai non lle gusta<\/b><\/p>\n<p>&#8211; Pero acabar\u00e1 por gustarlle<\/p>\n<p><b>&#8211; \u00bfHoubera preferido menos implicaci\u00f3n?<\/b><\/p>\n<p>-S\u00ed, porque cada vez que me suben de categor\u00eda, estou menos tempo na casa.<\/p>\n<p><b>&#8211; \u00bfCal son as ventaxas de ser unha xogadora de \u00e9lite?<\/b><\/p>\n<p>-Cobras coma si foras profesional e a satisfacci\u00f3n de ser unha das catro xogadoras de Espa\u00f1a con dous anos menos que xoga en cadete.<\/p>\n<p><b>-\u00bfPor qu\u00e9 o baloncesto?<\/b><\/p>\n<p>&#8211; Gost\u00e1bame, v\u00edao sempre<\/p>\n<p><b>&#8211; \u00bfCal \u00e9 o teu posto?<\/b><\/p>\n<p>&#8211; Agora son capitana da selecci\u00f3n espa\u00f1ola.<\/p>\n<p><b>&#8211; \u00bfTes moita responsabilidade?<\/b><\/p>\n<p>&#8211; S\u00ed porque eres a m\u00e1xima responsable do equipo, eres a conexi\u00f3n co entrenador a que debe controlar que o equipo est\u00e9 co m\u00e1ximo rendemento, controlar o que est\u00e9 triste ou ver se algu\u00e9n ten problemas. Mostramos o noso d\u00eda a d\u00eda no d\u00edario da sub 16 na p\u00e1xina web da federaci\u00f3n en www. feb.es<\/p>\n<p><b>-\u00bfCal son as bondades do deporte?<\/b><\/p>\n<p>-Est\u00e1s ben fisicamente e ben contigo mesma, vas superando as t\u00faas metas. Tam\u00e9n porque viaxas e co\u00f1eces xente. Practicas idiomas porque sen o ingl\u00e9s non vas a ningunha parte. Tam\u00e9n a xente t\u00edmida s\u00f3ltase m\u00e1is.<\/p>\n<p><b>&#8211; \u00bfCal \u00e9 l\u00edmite entre a afici\u00f3n e a paix\u00f3n?<\/b><\/p>\n<p>-Tes que vivilo \u00e9 algo que non se pode contar. Canto est\u00e1 no podio e sona o himno \u00e9 unha emoci\u00f3n enorme.<\/p>\n<p><b>&#8211; \u00bfQu\u00e9 che quita o deporte?<\/b><\/p>\n<p>&#8211; Estar m\u00e1is tempo con meus amigos do Instituto<\/p>\n<p><b>&#8211; \u00bfQu\u00e9 botas en falta?<\/b><\/p>\n<p>-Estar en casa porque estou moito tempo fora. Temos moita presi\u00f3n, cando che sae algo mal necesitas \u00e1 t\u00faa xente e non \u00f3 entrenador. Por eso os meus pais non me chaman cando estou de concentraci\u00f3n.<\/p>\n<p><b>-\u00bfL\u00edgase?<\/b><\/p>\n<p>-S\u00ed que se liga porque coincides con xente de todo o mundo.<\/p>\n<p><b>-\u00bfQu\u00e9 lle dir\u00edas \u00f3 que non fai deporte?<\/b><\/p>\n<p>-Que faga algo, ainda que sexa andar. Porque te sintes millor f\u00edsica e s\u00edquicamente. Distr\u00e1ete e ax\u00fadate a desfogar e aparta os problemas que te\u00f1as.<\/p>\n<p><b>-\u00bfAlonxate da arte ou de outra actividade cultural?<\/b><\/p>\n<p>-Non porque viaxo moito e de cando en vez podemos ver alg\u00fan museo ou palacio.<\/p>\n<p><b>-\u00bfQu\u00e9 carreira vas facer?<\/b><\/p>\n<p>&#8211; A verdade \u00e9 que te\u00f1o facilidades porque te\u00f1o boas notas pero estando nesto podo entar en calquera carrera sen necesidad de media. Vou facer Medici\u00f1a ou Fisioterapia.<\/p>\n<p>Claudia entrena cada d\u00eda tres horas, d\u00ed que lle da tempo todo. As s\u00faas notas o demostran. Mentras facemos a fotograf\u00eda preoc\u00fapase para non sair moi seria. A verdade \u00e9 que non o \u00e9.<\/p>\n<p><b>CGR<\/b><\/p>\n","protected":false},"excerpt":{"rendered":"<p>A elite do baloncesto no Neira Vilas Claudia Calvelo Ameijeiras, de cuarto de ESO, ten dezaseis anos -rec\u00e9n cumplidos- e xa leva m\u00e1is de cinco no cumio do deporte. Con 11 anos, e no primeiro partido de baloncesto xa a mandan \u00e1 selecci\u00f3n galega e no mesmo veran \u00e9 fichada para a selecci\u00f3n nacional. Co &hellip; <a href=\"https:\/\/www.iesneiravilas.es\/arquivo\/?p=1026\" class=\"more-link\">Seguir lendo <span class=\"screen-reader-text\">Entrevista a Claudia Calvelo Ameijeiras<\/span> <span class=\"meta-nav\">&rarr;<\/span><\/a><\/p>\n","protected":false},"author":1,"featured_media":0,"comment_status":"closed","ping_status":"open","sticky":false,"template":"","format":"standard","meta":{"footnotes":""},"categories":[433,17,142,135,139,145],"tags":[148],"class_list":["post-1026","post","type-post","status-publish","format-standard","hentry","category-a-nosa-xente","category-actividades","category-curso","category-curso-2007-2008","category-entrevista","category-quen-fomos","tag-claudia-calvelo-ameijeiras"],"_links":{"self":[{"href":"https:\/\/www.iesneiravilas.es\/arquivo\/index.php?rest_route=\/wp\/v2\/posts\/1026","targetHints":{"allow":["GET"]}}],"collection":[{"href":"https:\/\/www.iesneiravilas.es\/arquivo\/index.php?rest_route=\/wp\/v2\/posts"}],"about":[{"href":"https:\/\/www.iesneiravilas.es\/arquivo\/index.php?rest_route=\/wp\/v2\/types\/post"}],"author":[{"embeddable":true,"href":"https:\/\/www.iesneiravilas.es\/arquivo\/index.php?rest_route=\/wp\/v2\/users\/1"}],"replies":[{"embeddable":true,"href":"https:\/\/www.iesneiravilas.es\/arquivo\/index.php?rest_route=%2Fwp%2Fv2%2Fcomments&post=1026"}],"version-history":[{"count":1,"href":"https:\/\/www.iesneiravilas.es\/arquivo\/index.php?rest_route=\/wp\/v2\/posts\/1026\/revisions"}],"predecessor-version":[{"id":1028,"href":"https:\/\/www.iesneiravilas.es\/arquivo\/index.php?rest_route=\/wp\/v2\/posts\/1026\/revisions\/1028"}],"wp:attachment":[{"href":"https:\/\/www.iesneiravilas.es\/arquivo\/index.php?rest_route=%2Fwp%2Fv2%2Fmedia&parent=1026"}],"wp:term":[{"taxonomy":"category","embeddable":true,"href":"https:\/\/www.iesneiravilas.es\/arquivo\/index.php?rest_route=%2Fwp%2Fv2%2Fcategories&post=1026"},{"taxonomy":"post_tag","embeddable":true,"href":"https:\/\/www.iesneiravilas.es\/arquivo\/index.php?rest_route=%2Fwp%2Fv2%2Ftags&post=1026"}],"curies":[{"name":"wp","href":"https:\/\/api.w.org\/{rel}","templated":true}]}}