{"id":1029,"date":"2008-05-01T20:56:40","date_gmt":"2008-05-01T18:56:40","guid":{"rendered":"http:\/\/www.iesneiravilas.es\/arquivo\/?p=1029"},"modified":"2014-10-15T11:28:33","modified_gmt":"2014-10-15T09:28:33","slug":"entrevista-a-bruno-bargo-lopez","status":"publish","type":"post","link":"https:\/\/www.iesneiravilas.es\/arquivo\/?p=1029","title":{"rendered":"Entrevista a Bruno Bargo L\u00f3pez"},"content":{"rendered":"<figure id=\"attachment_1030\" aria-describedby=\"caption-attachment-1030\" style=\"width: 221px\" class=\"wp-caption alignleft\"><a href=\"http:\/\/www.iesneiravilas.es\/arquivo\/wp-content\/uploads\/2014\/10\/bruno_bargo.jpg\"><img loading=\"lazy\" decoding=\"async\" class=\"size-medium wp-image-1030\" src=\"http:\/\/www.iesneiravilas.es\/arquivo\/wp-content\/uploads\/2014\/10\/bruno_bargo-221x300.jpg\" alt=\"Bruno Bargo L\u00f3pez\" width=\"221\" height=\"300\" srcset=\"https:\/\/www.iesneiravilas.es\/arquivo\/wp-content\/uploads\/2014\/10\/bruno_bargo-221x300.jpg 221w, https:\/\/www.iesneiravilas.es\/arquivo\/wp-content\/uploads\/2014\/10\/bruno_bargo.jpg 300w\" sizes=\"auto, (max-width: 221px) 100vw, 221px\" \/><\/a><figcaption id=\"caption-attachment-1030\" class=\"wp-caption-text\">Bruno Bargo L\u00f3pez<\/figcaption><\/figure>\n<p><strong>&#8220;O balonm\u00e1n \u00e9 duro pero bonito\u201d<\/strong><\/p>\n<p>Bruno Bargo L\u00f3pez, porteiro, \u201ce con moitos balonazos na cara\u201d ten dezaseis anos, cursa cuarto de ESO e est\u00e1 no equipo de balonm\u00e1n de Oleiros, o su equipo ga\u00f1ou a liga de A Coru\u00f1a, a provincial. Van xogar o campionato galego e quiz\u00e1s o nacional.<\/p>\n<h4>\u201cNunca, nunca hai que desistir\u201d<\/h4>\n<p><strong>-\u00bfCanto tempo levas xogando?<\/strong><\/p>\n<p>&#8211; Cinco anos e levo catro de porteiro. Con moitos balonazos na cara.<\/p>\n<p><strong>-\u00bfPor qu\u00e9 empezaches?<\/strong><\/p>\n<p>&#8211; Quer\u00eda un deporte m\u00e1is entretido co f\u00fatbol que \u00e9 o que monopoliza. O f\u00fatbol \u00e9 m\u00e1is pesado non hai tanto goles nin tanta emoci\u00f3n.<\/p>\n<p><strong>-\u00bfC\u00f3mo foron os primeiros d\u00edas?<\/strong><\/p>\n<p>&#8211; O primeiro d\u00eda romp\u00e9ronme as gafas dun balonazo.<\/p>\n<p><strong>-\u00bfE desistiches?<\/strong><\/p>\n<p>-Nunca, nunca hai que desistir<\/p>\n<p><strong>-\u00bfC\u00f3mo estamos de instalaci\u00f3ns?<\/strong><\/p>\n<p>-Bastante ben, o Valle Incl\u00e1n \u00e9 un pavill\u00f3n bastante c\u00f3modo pero en comparaci\u00f3n con outras instalaci\u00f3ns de Coru\u00f1a non \u00e9 tan bon. Aproveito para pedir un novo solo para o pavill\u00f3n do Valle Incl\u00e1n, \u00e9 de goma e se caes queimas as xeonllos.<\/p>\n<p><strong>&#8211; \u00bfHai m\u00e1is mozos que mozas?<\/strong><\/p>\n<p>&#8211; Hai m\u00e1is mozos porque as nenas non se animan.<\/p>\n<p><strong>-\u00bfPor qu\u00e9?<\/strong><\/p>\n<p>-E moi duro porque \u00e9 un deporte de contacto.<\/p>\n<p><strong>&#8211; \u00bfDeber\u00eda haber equipos mixtos?<\/strong><\/p>\n<p>&#8211; Non, o polo tama\u00f1o dos homes, son m\u00e1is anchos de espaldas e son m\u00e1is brutos.<\/p>\n<p><strong>-\u00bfPor que son tan feos os uniformes?<\/strong><\/p>\n<p>&#8211; O noso \u00e9 bonito , \u00e9 azul e branco.<\/p>\n<p><strong>-\u00bfE caro o equipamento?<\/strong><\/p>\n<p>-Reg\u00e1loo o equipo, nos temos que pagar dezaoito euros \u00f3 mes e con eso pagamos todo, a roupa, os desprazamentos e todo o demais.<\/p>\n<p><strong>-\u00bfNon tedes patrocinador?<\/strong><\/p>\n<p>Non , s\u00f3 algunhas axudi\u00f1as.<\/p>\n<p><strong>-Dinos un slogan para animar a xogar \u00f3 balonm\u00e1n.<\/strong><\/p>\n<p>&#8211; E duro pero bonito<\/p>\n<p><strong>CGR<\/strong> Maio, 2008<\/p>\n","protected":false},"excerpt":{"rendered":"<p>&#8220;O balonm\u00e1n \u00e9 duro pero bonito\u201d Bruno Bargo L\u00f3pez, porteiro, \u201ce con moitos balonazos na cara\u201d ten dezaseis anos, cursa cuarto de ESO e est\u00e1 no equipo de balonm\u00e1n de Oleiros, o su equipo ga\u00f1ou a liga de A Coru\u00f1a, a provincial. Van xogar o campionato galego e quiz\u00e1s o nacional. \u201cNunca, nunca hai que &hellip; <a href=\"https:\/\/www.iesneiravilas.es\/arquivo\/?p=1029\" class=\"more-link\">Seguir lendo <span class=\"screen-reader-text\">Entrevista a Bruno Bargo L\u00f3pez<\/span> <span class=\"meta-nav\">&rarr;<\/span><\/a><\/p>\n","protected":false},"author":1,"featured_media":0,"comment_status":"closed","ping_status":"open","sticky":false,"template":"","format":"standard","meta":{"footnotes":""},"categories":[433,17,142,135,139,145],"tags":[147],"class_list":["post-1029","post","type-post","status-publish","format-standard","hentry","category-a-nosa-xente","category-actividades","category-curso","category-curso-2007-2008","category-entrevista","category-quen-fomos","tag-bruno-bargo-lopez"],"_links":{"self":[{"href":"https:\/\/www.iesneiravilas.es\/arquivo\/index.php?rest_route=\/wp\/v2\/posts\/1029","targetHints":{"allow":["GET"]}}],"collection":[{"href":"https:\/\/www.iesneiravilas.es\/arquivo\/index.php?rest_route=\/wp\/v2\/posts"}],"about":[{"href":"https:\/\/www.iesneiravilas.es\/arquivo\/index.php?rest_route=\/wp\/v2\/types\/post"}],"author":[{"embeddable":true,"href":"https:\/\/www.iesneiravilas.es\/arquivo\/index.php?rest_route=\/wp\/v2\/users\/1"}],"replies":[{"embeddable":true,"href":"https:\/\/www.iesneiravilas.es\/arquivo\/index.php?rest_route=%2Fwp%2Fv2%2Fcomments&post=1029"}],"version-history":[{"count":3,"href":"https:\/\/www.iesneiravilas.es\/arquivo\/index.php?rest_route=\/wp\/v2\/posts\/1029\/revisions"}],"predecessor-version":[{"id":1039,"href":"https:\/\/www.iesneiravilas.es\/arquivo\/index.php?rest_route=\/wp\/v2\/posts\/1029\/revisions\/1039"}],"wp:attachment":[{"href":"https:\/\/www.iesneiravilas.es\/arquivo\/index.php?rest_route=%2Fwp%2Fv2%2Fmedia&parent=1029"}],"wp:term":[{"taxonomy":"category","embeddable":true,"href":"https:\/\/www.iesneiravilas.es\/arquivo\/index.php?rest_route=%2Fwp%2Fv2%2Fcategories&post=1029"},{"taxonomy":"post_tag","embeddable":true,"href":"https:\/\/www.iesneiravilas.es\/arquivo\/index.php?rest_route=%2Fwp%2Fv2%2Ftags&post=1029"}],"curies":[{"name":"wp","href":"https:\/\/api.w.org\/{rel}","templated":true}]}}