{"id":1032,"date":"2008-05-01T21:00:08","date_gmt":"2008-05-01T19:00:08","guid":{"rendered":"http:\/\/www.iesneiravilas.es\/arquivo\/?p=1032"},"modified":"2014-10-15T11:28:09","modified_gmt":"2014-10-15T09:28:09","slug":"entrevista-a-pablo-rodriguez-longueira","status":"publish","type":"post","link":"https:\/\/www.iesneiravilas.es\/arquivo\/?p=1032","title":{"rendered":"Entrevista a Pablo Rodr\u00edguez Longueira"},"content":{"rendered":"<figure id=\"attachment_1033\" aria-describedby=\"caption-attachment-1033\" style=\"width: 265px\" class=\"wp-caption alignleft\"><a href=\"http:\/\/www.iesneiravilas.es\/arquivo\/wp-content\/uploads\/2014\/10\/pablo_rodriguez.jpg\"><img loading=\"lazy\" decoding=\"async\" class=\"size-medium wp-image-1033\" src=\"http:\/\/www.iesneiravilas.es\/arquivo\/wp-content\/uploads\/2014\/10\/pablo_rodriguez-265x300.jpg\" alt=\"Pablo Rodr\u00edguez Longueira\" width=\"265\" height=\"300\" srcset=\"https:\/\/www.iesneiravilas.es\/arquivo\/wp-content\/uploads\/2014\/10\/pablo_rodriguez-265x300.jpg 265w, https:\/\/www.iesneiravilas.es\/arquivo\/wp-content\/uploads\/2014\/10\/pablo_rodriguez.jpg 300w\" sizes=\"auto, (max-width: 265px) 100vw, 265px\" \/><\/a><figcaption id=\"caption-attachment-1033\" class=\"wp-caption-text\">Pablo Rodr\u00edguez Longueira<\/figcaption><\/figure>\n<p><strong>\u201cTiven que dar a cara\u201d<\/strong><\/p>\n<p>Pablo Rodr\u00edguez Longueira, Empezou \u00f3s 11 anos a tocar o saxof\u00f3n na escola de m\u00fasica de Perillo. Toca agora na banda municipal. , con 19 anos e una enorme altura, agr\u00e1ndase, m\u00e1is ainda, coa fotograf\u00eda agarrado \u00f3 seu saxo.<\/p>\n<p><strong>&#8211; \u00bfCal \u00e9 actuaci\u00f3n da que est\u00e1s m\u00e1is satisfeito?<\/strong><\/p>\n<p>-Cando perd\u00edn a vergonza.<\/p>\n<p><strong>&#8211; \u00bfC\u00f3mo?<\/strong><\/p>\n<p>-Foi hai cinco anos. O profesor oblig\u00e1bame a tocas en p\u00fablico porque estaba aterrorizado por estar nun escenario. Para min sai e \u201cdar a cara\u201d singnificou superar un reto e sentirme satisfeito.<\/p>\n<p><strong>-\u00bfHai que ter bos pulm\u00f3ns?<\/strong><\/p>\n<p>-Si<\/p>\n<p><strong>-\u00bfHai que respirar dalgunha maneira?<\/strong><\/p>\n<p>&#8211; Hai que facer ben as pausas que che ve\u00f1en indicadas na partitura.<\/p>\n<p><strong>-\u00bfPor qu\u00e9 te decidiches polo saxo?<\/strong><\/p>\n<p>-Polo sonido. De pequeno o\u00edao nos Simpons. Escoitei despois \u00f3 profesor e gustoume. A verdade \u00e9 que \u00e9 un bon instrumento.<\/p>\n<p><strong>-\u00bfQu\u00e9 outro instrumento che gusta?<\/strong><\/p>\n<p><strong>-O piano, pero non o toco, o que s\u00ed me gustar\u00eda tocar \u00e9 a trompeta.<\/strong><\/p>\n<p><strong>-\u00bfPor qu\u00e9?<\/strong><\/p>\n<p>&#8211; Parece menos complicado<\/p>\n<p><strong>-\u00bfO saxo \u00e9 dif\u00edcil?<\/strong><\/p>\n<p>&#8211; Si<\/p>\n<p><strong>-\u00bfPor qu\u00e9?<\/strong><\/p>\n<p>-Ten moitas claves. Hai que ter moita axilidade nos dedos.<\/p>\n<p><strong>-\u00bfQu\u00e9 \u00e9 o mais dificil de tocar nunha orquesta?<\/strong><\/p>\n<p>&#8211; Que todo encaixe e que haxa coordinaci\u00f3n.<\/p>\n<p><strong>-\u00bfDe quen depende?<\/strong><\/p>\n<p>&#8211; Do director qu e\u00e9 quen marca o pulso<\/p>\n<p><strong>&#8211; \u00bfQu\u00e9 p\u00fablico che gusta?<\/strong><\/p>\n<p>&#8211; A m\u00edn g\u00fastanme os vellos. Escoitan con educaci\u00f3n e s son comprensivos.<\/p>\n<p><strong>&#8211; \u00bfCal \u00e9 o p\u00fablico ideal?<\/strong><\/p>\n<p>&#8211; O p\u00fablico que ma\u00eds me gusta \u00e9 o que escoita e aplaude.<\/p>\n<p><strong>-\u00bfTes apoio na casa?<\/strong><\/p>\n<p><strong>-Si, demasiado. A mi\u00f1a nai est\u00e1 todo o d\u00eda: \u201cestudia, practica, estudia, practica\u2026\u201d<\/strong><\/p>\n<p><strong>-\u00bfPensas seguir?<\/strong><\/p>\n<p>-Si.<\/p>\n<p><strong>-\u00bfDe qu\u00e9 depende?<\/strong><\/p>\n<p>&#8211; Sobre todo se pudera entrar no Conservatorio, e as\u00ed poder estar nalgunha banda e ga\u00f1ar di\u00f1eiro.<\/p>\n<p><strong>-\u00bfG\u00fastar\u00edache vivir desto?<\/strong><\/p>\n<p>-Si.<\/p>\n<p><strong>-\u00bfTocar\u00edas na r\u00faa para vivir?<\/strong><\/p>\n<p>-Non<\/p>\n<p><strong>-\u00bfPor qu\u00e9?<\/strong><\/p>\n<p>&#8211; Porque est\u00e1s solo<\/p>\n<p><strong>-\u00bfEntonces a ventaxa da banda \u00e9 estar en grupo?<\/strong><\/p>\n<p>-S\u00ed, est\u00e1s acompa\u00f1ado e ax\u00fadate a tocar millor.<\/p>\n<p><strong>CGR<\/strong> Abril, 2008<\/p>\n","protected":false},"excerpt":{"rendered":"<p>\u201cTiven que dar a cara\u201d Pablo Rodr\u00edguez Longueira, Empezou \u00f3s 11 anos a tocar o saxof\u00f3n na escola de m\u00fasica de Perillo. Toca agora na banda municipal. , con 19 anos e una enorme altura, agr\u00e1ndase, m\u00e1is ainda, coa fotograf\u00eda agarrado \u00f3 seu saxo. &#8211; \u00bfCal \u00e9 actuaci\u00f3n da que est\u00e1s m\u00e1is satisfeito? -Cando perd\u00edn &hellip; <a href=\"https:\/\/www.iesneiravilas.es\/arquivo\/?p=1032\" class=\"more-link\">Seguir lendo <span class=\"screen-reader-text\">Entrevista a Pablo Rodr\u00edguez Longueira<\/span> <span class=\"meta-nav\">&rarr;<\/span><\/a><\/p>\n","protected":false},"author":1,"featured_media":0,"comment_status":"closed","ping_status":"open","sticky":false,"template":"","format":"standard","meta":{"footnotes":""},"categories":[433,17,142,135,139,145],"tags":[149],"class_list":["post-1032","post","type-post","status-publish","format-standard","hentry","category-a-nosa-xente","category-actividades","category-curso","category-curso-2007-2008","category-entrevista","category-quen-fomos","tag-pablo-rodriguez-longueira"],"_links":{"self":[{"href":"https:\/\/www.iesneiravilas.es\/arquivo\/index.php?rest_route=\/wp\/v2\/posts\/1032","targetHints":{"allow":["GET"]}}],"collection":[{"href":"https:\/\/www.iesneiravilas.es\/arquivo\/index.php?rest_route=\/wp\/v2\/posts"}],"about":[{"href":"https:\/\/www.iesneiravilas.es\/arquivo\/index.php?rest_route=\/wp\/v2\/types\/post"}],"author":[{"embeddable":true,"href":"https:\/\/www.iesneiravilas.es\/arquivo\/index.php?rest_route=\/wp\/v2\/users\/1"}],"replies":[{"embeddable":true,"href":"https:\/\/www.iesneiravilas.es\/arquivo\/index.php?rest_route=%2Fwp%2Fv2%2Fcomments&post=1032"}],"version-history":[{"count":1,"href":"https:\/\/www.iesneiravilas.es\/arquivo\/index.php?rest_route=\/wp\/v2\/posts\/1032\/revisions"}],"predecessor-version":[{"id":1034,"href":"https:\/\/www.iesneiravilas.es\/arquivo\/index.php?rest_route=\/wp\/v2\/posts\/1032\/revisions\/1034"}],"wp:attachment":[{"href":"https:\/\/www.iesneiravilas.es\/arquivo\/index.php?rest_route=%2Fwp%2Fv2%2Fmedia&parent=1032"}],"wp:term":[{"taxonomy":"category","embeddable":true,"href":"https:\/\/www.iesneiravilas.es\/arquivo\/index.php?rest_route=%2Fwp%2Fv2%2Fcategories&post=1032"},{"taxonomy":"post_tag","embeddable":true,"href":"https:\/\/www.iesneiravilas.es\/arquivo\/index.php?rest_route=%2Fwp%2Fv2%2Ftags&post=1032"}],"curies":[{"name":"wp","href":"https:\/\/api.w.org\/{rel}","templated":true}]}}