{"id":1059,"date":"2006-09-15T10:18:10","date_gmt":"2006-09-15T08:18:10","guid":{"rendered":"http:\/\/www.iesneiravilas.es\/arquivo\/?p=1059"},"modified":"2014-10-11T10:19:53","modified_gmt":"2014-10-11T08:19:53","slug":"xunta-de-delegados-curso-2006-2007","status":"publish","type":"post","link":"https:\/\/www.iesneiravilas.es\/arquivo\/?p=1059","title":{"rendered":"Xunta de Delegados. Curso 2006-2007"},"content":{"rendered":"<h5>ESO 1A<\/h5>\n<ul>\n<li>Pablo Quiroga Gonz\u00e1lez [Delegado]<\/li>\n<li>Adri\u00e1n Freire Rodr\u00edguez [Subdelegado]<\/li>\n<\/ul>\n<h5>ESO 1B<\/h5>\n<ul>\n<li>Araceli Garc\u00eda Ram\u00edrez [Delegada]<\/li>\n<li>Carlos Casal Vilari\u00f1o [Subdelegada]<\/li>\n<\/ul>\n<h5>ESO 2A<\/h5>\n<ul>\n<li>Elba Tenreiro Uzal [Delegada]<\/li>\n<li>Alejandro Verde de la Torre [Subdelegado]<\/li>\n<\/ul>\n<h5>ESO 2B<\/h5>\n<ul>\n<li>Andrea Mej\u00eda Lux [Delegada]<\/li>\n<li>Sara Garc\u00eda Lareo [Subdelegada]<\/li>\n<\/ul>\n<h5>ESO 2C<\/h5>\n<ul>\n<li>Miriam S\u00e1nchez L\u00f3pez [Delegada]<\/li>\n<li>Stephanya Torres Esquivel [Subdelegada]<\/li>\n<\/ul>\n<h5>ESO 3A<\/h5>\n<ul>\n<li>Bruno Bargo V\u00e1zquez [Delegado]<\/li>\n<li>Alejo Ord\u00f3\u00f1ez Cruz [Subdelegado]<\/li>\n<\/ul>\n<h5>ESO 3B<\/h5>\n<ul>\n<li>Steven Jim\u00e9nez C\u00e1rdenas [Delegado]<\/li>\n<li>Romina Mosquera Fachado [Subdelegada]<\/li>\n<\/ul>\n<h5>ESO 3C<\/h5>\n<ul>\n<li>Marcos L\u00f3pez Pereira [Delegado]<\/li>\n<li>Adri\u00e1n Souto Redondo [Subdelegado]<\/li>\n<\/ul>\n<h5>ESO 3D<\/h5>\n<ul>\n<li>Jessica Vilari\u00f1o Pena [Delegada]<\/li>\n<li>Oscar V\u00e1zquez Fraga [Subdelegado]<\/li>\n<\/ul>\n<h5>ESO 4A<\/h5>\n<ul>\n<li>M\u00aa Soledad L\u00f3pez Lalli [Delegada]<\/li>\n<li>Ana Mar\u00eda L\u00f3pez Regueira [Subdelegada]<\/li>\n<\/ul>\n<h5>ESO 4B<\/h5>\n<ul>\n<li>Yolanda Gordido G\u00f3mez [Delegada]<\/li>\n<li>Daniel Lamas L\u00f3pez [Subdelegado]<\/li>\n<\/ul>\n<h5>ESO 4C<\/h5>\n<ul>\n<li>Cristi\u00e1n Berm\u00fadez Fern\u00e1ndez [Delegado]<\/li>\n<li>Juan Mart\u00ednez Blanco [Subdelegado]<\/li>\n<\/ul>\n<h5>1\u00ba a BACH.<\/h5>\n<ul>\n<li>Iria Tamara Rodr\u00edguez Ymbernon [Delegada]<\/li>\n<li>Carlos R\u00edos Santos [Subdelegado]<\/li>\n<\/ul>\n<h5>1\u00ba B BACH.<\/h5>\n<ul>\n<li>Rocio Saavedra Fern\u00e1ndez [Delegada]<\/li>\n<li>[Subdelegado]<\/li>\n<\/ul>\n<h5>2\u00ba A BACH.<\/h5>\n<ul>\n<li>Samuel Costa Rodr\u00edguez [Delegado]<\/li>\n<li>Alexander Fern\u00e1ndez Neira [Subdelegado]<\/li>\n<\/ul>\n<h5>2\u00ba B BACH.<\/h5>\n<ul>\n<li>Iago Varela Rodr\u00edguez [Delegado]<\/li>\n<li>Francisco Mart\u00ednez Vilari\u00f1o [Subdelegado]<\/li>\n<\/ul>\n","protected":false},"excerpt":{"rendered":"<p>ESO 1A Pablo Quiroga Gonz\u00e1lez [Delegado] Adri\u00e1n Freire Rodr\u00edguez [Subdelegado] ESO 1B Araceli Garc\u00eda Ram\u00edrez [Delegada] Carlos Casal Vilari\u00f1o [Subdelegada] ESO 2A Elba Tenreiro Uzal [Delegada] Alejandro Verde de la Torre [Subdelegado] ESO 2B Andrea Mej\u00eda Lux [Delegada] Sara Garc\u00eda Lareo [Subdelegada] ESO 2C Miriam S\u00e1nchez L\u00f3pez [Delegada] Stephanya Torres Esquivel [Subdelegada] ESO 3A Bruno &hellip; <a href=\"https:\/\/www.iesneiravilas.es\/arquivo\/?p=1059\" class=\"more-link\">Seguir lendo <span class=\"screen-reader-text\">Xunta de Delegados. Curso 2006-2007<\/span> <span class=\"meta-nav\">&rarr;<\/span><\/a><\/p>\n","protected":false},"author":1,"featured_media":0,"comment_status":"closed","ping_status":"open","sticky":false,"template":"","format":"standard","meta":{"footnotes":""},"categories":[142,136,145,150],"tags":[],"class_list":["post-1059","post","type-post","status-publish","format-standard","hentry","category-curso","category-curso-2006-2007","category-quen-fomos","category-xunta-de-delegados"],"_links":{"self":[{"href":"https:\/\/www.iesneiravilas.es\/arquivo\/index.php?rest_route=\/wp\/v2\/posts\/1059","targetHints":{"allow":["GET"]}}],"collection":[{"href":"https:\/\/www.iesneiravilas.es\/arquivo\/index.php?rest_route=\/wp\/v2\/posts"}],"about":[{"href":"https:\/\/www.iesneiravilas.es\/arquivo\/index.php?rest_route=\/wp\/v2\/types\/post"}],"author":[{"embeddable":true,"href":"https:\/\/www.iesneiravilas.es\/arquivo\/index.php?rest_route=\/wp\/v2\/users\/1"}],"replies":[{"embeddable":true,"href":"https:\/\/www.iesneiravilas.es\/arquivo\/index.php?rest_route=%2Fwp%2Fv2%2Fcomments&post=1059"}],"version-history":[{"count":1,"href":"https:\/\/www.iesneiravilas.es\/arquivo\/index.php?rest_route=\/wp\/v2\/posts\/1059\/revisions"}],"predecessor-version":[{"id":1060,"href":"https:\/\/www.iesneiravilas.es\/arquivo\/index.php?rest_route=\/wp\/v2\/posts\/1059\/revisions\/1060"}],"wp:attachment":[{"href":"https:\/\/www.iesneiravilas.es\/arquivo\/index.php?rest_route=%2Fwp%2Fv2%2Fmedia&parent=1059"}],"wp:term":[{"taxonomy":"category","embeddable":true,"href":"https:\/\/www.iesneiravilas.es\/arquivo\/index.php?rest_route=%2Fwp%2Fv2%2Fcategories&post=1059"},{"taxonomy":"post_tag","embeddable":true,"href":"https:\/\/www.iesneiravilas.es\/arquivo\/index.php?rest_route=%2Fwp%2Fv2%2Ftags&post=1059"}],"curies":[{"name":"wp","href":"https:\/\/api.w.org\/{rel}","templated":true}]}}