{"id":1085,"date":"2002-09-15T10:38:01","date_gmt":"2002-09-15T08:38:01","guid":{"rendered":"http:\/\/www.iesneiravilas.es\/arquivo\/?p=1085"},"modified":"2014-10-11T10:41:24","modified_gmt":"2014-10-11T08:41:24","slug":"consello-escolar-curso-2002-2003","status":"publish","type":"post","link":"https:\/\/www.iesneiravilas.es\/arquivo\/?p=1085","title":{"rendered":"Consello Escolar. Curso 2002-2003"},"content":{"rendered":"<p><b>Presidente<\/b><\/p>\n<ul>\n<li>M\u00aa Jes\u00fas Souza Castelo<\/li>\n<\/ul>\n<p><b>Secretario<\/b><\/p>\n<ul>\n<li>Jos\u00e9 L\u00f3pez Couce<\/li>\n<\/ul>\n<p><b>Xefe de Estudios<\/b><\/p>\n<ul>\n<li>Faustino Seijas Seoane<\/li>\n<\/ul>\n<p><b>Representantes do profesorado<\/b><\/p>\n<ul>\n<li>Victor Nogueira Fari\u00f1a<\/li>\n<li>Elvira Elisa Sanz G\u00f3mez<\/li>\n<li>Ricardo Puig de LLano<\/li>\n<li>\u00c1ngeles Andrade Sanjurjo<\/li>\n<li>Jes\u00fas Fern\u00e1ndez Llaneza<\/li>\n<li>Pilar Morandeira Roel<\/li>\n<\/ul>\n<p><b>Representante da ANPA<\/b><\/p>\n<ul>\n<li>M\u00aa del Pilar Romero Fern\u00e1ndez<\/li>\n<\/ul>\n<p><b>Representantes dos Pais\/Nais<\/b><\/p>\n<ul>\n<li>Susana Juane S\u00e1nchez<\/li>\n<li>M\u00aa del Pilar Prado de la Iglesia<\/li>\n<\/ul>\n<p><b>Representantes do Alumnos<\/b><\/p>\n<ul>\n<li>Laura \u00c1lvarez Cabanas<\/li>\n<li>B\u00e1rbara Cadavieco Oliva<\/li>\n<li>Cristina Escourido Garc\u00eda-Souza<\/li>\n<\/ul>\n<p><b>Persoal do Persoal de Admon. e Servizos<\/b><\/p>\n<ul>\n<li>M\u00aa Esther Ramos Esperante<\/li>\n<\/ul>\n<p><b>Concello<\/b><\/p>\n<ul>\n<li>M\u00aa Esther Isabel Garrido Pan<\/li>\n<\/ul>\n","protected":false},"excerpt":{"rendered":"<p>Presidente M\u00aa Jes\u00fas Souza Castelo Secretario Jos\u00e9 L\u00f3pez Couce Xefe de Estudios Faustino Seijas Seoane Representantes do profesorado Victor Nogueira Fari\u00f1a Elvira Elisa Sanz G\u00f3mez Ricardo Puig de LLano \u00c1ngeles Andrade Sanjurjo Jes\u00fas Fern\u00e1ndez Llaneza Pilar Morandeira Roel Representante da ANPA M\u00aa del Pilar Romero Fern\u00e1ndez Representantes dos Pais\/Nais Susana Juane S\u00e1nchez M\u00aa del Pilar &hellip; <a href=\"https:\/\/www.iesneiravilas.es\/arquivo\/?p=1085\" class=\"more-link\">Seguir lendo <span class=\"screen-reader-text\">Consello Escolar. Curso 2002-2003<\/span> <span class=\"meta-nav\">&rarr;<\/span><\/a><\/p>\n","protected":false},"author":1,"featured_media":0,"comment_status":"closed","ping_status":"open","sticky":false,"template":"","format":"standard","meta":{"footnotes":""},"categories":[81,142,138,145],"tags":[],"class_list":["post-1085","post","type-post","status-publish","format-standard","hentry","category-consello-escolar","category-curso","category-curso-2002-2003","category-quen-fomos"],"_links":{"self":[{"href":"https:\/\/www.iesneiravilas.es\/arquivo\/index.php?rest_route=\/wp\/v2\/posts\/1085","targetHints":{"allow":["GET"]}}],"collection":[{"href":"https:\/\/www.iesneiravilas.es\/arquivo\/index.php?rest_route=\/wp\/v2\/posts"}],"about":[{"href":"https:\/\/www.iesneiravilas.es\/arquivo\/index.php?rest_route=\/wp\/v2\/types\/post"}],"author":[{"embeddable":true,"href":"https:\/\/www.iesneiravilas.es\/arquivo\/index.php?rest_route=\/wp\/v2\/users\/1"}],"replies":[{"embeddable":true,"href":"https:\/\/www.iesneiravilas.es\/arquivo\/index.php?rest_route=%2Fwp%2Fv2%2Fcomments&post=1085"}],"version-history":[{"count":1,"href":"https:\/\/www.iesneiravilas.es\/arquivo\/index.php?rest_route=\/wp\/v2\/posts\/1085\/revisions"}],"predecessor-version":[{"id":1086,"href":"https:\/\/www.iesneiravilas.es\/arquivo\/index.php?rest_route=\/wp\/v2\/posts\/1085\/revisions\/1086"}],"wp:attachment":[{"href":"https:\/\/www.iesneiravilas.es\/arquivo\/index.php?rest_route=%2Fwp%2Fv2%2Fmedia&parent=1085"}],"wp:term":[{"taxonomy":"category","embeddable":true,"href":"https:\/\/www.iesneiravilas.es\/arquivo\/index.php?rest_route=%2Fwp%2Fv2%2Fcategories&post=1085"},{"taxonomy":"post_tag","embeddable":true,"href":"https:\/\/www.iesneiravilas.es\/arquivo\/index.php?rest_route=%2Fwp%2Fv2%2Ftags&post=1085"}],"curies":[{"name":"wp","href":"https:\/\/api.w.org\/{rel}","templated":true}]}}