{"id":1335,"date":"2006-05-01T17:14:56","date_gmt":"2006-05-01T15:14:56","guid":{"rendered":"http:\/\/www.iesneiravilas.es\/arquivo\/?p=1335"},"modified":"2014-10-20T20:27:52","modified_gmt":"2014-10-20T18:27:52","slug":"programa-de-radio-cafe-con-churros","status":"publish","type":"post","link":"https:\/\/www.iesneiravilas.es\/arquivo\/?p=1335","title":{"rendered":"Programa de radio Caf\u00e9 con Churros"},"content":{"rendered":"<h3 id=\"participantes\" class=\"clrr\">Participantes<\/h3>\n<figure id=\"attachment_1336\" aria-describedby=\"caption-attachment-1336\" style=\"width: 300px\" class=\"wp-caption alignright\"><a href=\"http:\/\/www.iesneiravilas.es\/arquivo\/wp-content\/uploads\/2014\/10\/radio1.jpg\"><img loading=\"lazy\" decoding=\"async\" class=\"wp-image-1336 size-medium\" src=\"http:\/\/www.iesneiravilas.es\/arquivo\/wp-content\/uploads\/2014\/10\/radio1-300x225.jpg\" alt=\"Brais e Rocio\" width=\"300\" height=\"225\" srcset=\"https:\/\/www.iesneiravilas.es\/arquivo\/wp-content\/uploads\/2014\/10\/radio1-300x225.jpg 300w, https:\/\/www.iesneiravilas.es\/arquivo\/wp-content\/uploads\/2014\/10\/radio1.jpg 400w\" sizes=\"auto, (max-width: 300px) 100vw, 300px\" \/><\/a><figcaption id=\"caption-attachment-1336\" class=\"wp-caption-text\">Brais e Rocio<\/figcaption><\/figure>\n<p><strong>Organizada por:<\/strong><\/p>\n<p>Carmen Garc\u00eda-Rodeja Arrib\u00ed<\/p>\n<p><strong>Alumnado:<\/strong><\/p>\n<p>Roc\u00edo Saavedra (coordinaci\u00f3n e actividades culturais)<br \/>\nMonse Mart\u00ednez-Pi\u00f1eiro<br \/>\nBrais L\u00f3pez(arquitectura)<br \/>\nIago Varela(pol\u00edtica internacional)<br \/>\nSheila Mart\u00ednez (cr\u00edtica de arte e cine)<br \/>\nSarai Rodriguez<br \/>\nAlfredo Rinlo<br \/>\nLoreto Garc\u00eda Al\u00e9n<br \/>\ne<br \/>\ngrupo de 4\u00ba D (rinc\u00f3n po\u00e9tico)<\/p>\n<h3 id=\"programa\" class=\"clrl\">O programa<\/h3>\n<figure id=\"attachment_1337\" aria-describedby=\"caption-attachment-1337\" style=\"width: 300px\" class=\"wp-caption alignleft\"><a href=\"http:\/\/www.iesneiravilas.es\/arquivo\/wp-content\/uploads\/2014\/10\/radio2.jpg\"><img loading=\"lazy\" decoding=\"async\" class=\"size-medium wp-image-1337\" src=\"http:\/\/www.iesneiravilas.es\/arquivo\/wp-content\/uploads\/2014\/10\/radio2-300x169.jpg\" alt=\"Ana Yaiza e Rocio\" width=\"300\" height=\"169\" srcset=\"https:\/\/www.iesneiravilas.es\/arquivo\/wp-content\/uploads\/2014\/10\/radio2-300x169.jpg 300w, https:\/\/www.iesneiravilas.es\/arquivo\/wp-content\/uploads\/2014\/10\/radio2.jpg 445w\" sizes=\"auto, (max-width: 300px) 100vw, 300px\" \/><\/a><figcaption id=\"caption-attachment-1337\" class=\"wp-caption-text\">Ana Yaiza e Rocio<\/figcaption><\/figure>\n<p>&nbsp;<\/p>\n<p>O programa informativo \u00e9 unha canle de comunicaci\u00f3n desde \u00e1 xente nova \u00e1 toda a poboaci\u00f3n. E emitida os venres \u00e1 mediod\u00eda. Prop\u00f3n visitas a exposici\u00f3ns, itinerarios arquitect\u00f3nicos, cr\u00edtica de filmes, rinc\u00f3n po\u00e9tico e informaci\u00f3n sobre novas xuven\u00eds. Tam\u00e9n consta de espacios de opini\u00f3n sobre pol\u00edtica internacional e entrevistas a xente ligada \u00f3 noso centro educativo.<\/p>\n<h3 class=\"clrl\">O primeiro <em>Caf\u00e9 con Churros<\/em><\/h3>\n<!--[if lt IE 9]><script>document.createElement('audio');<\/script><![endif]-->\n\t<div class=\"wp-playlist wp-audio-playlist wp-playlist-light\">\n\t\t\t<div class=\"wp-playlist-current-item\"><\/div>\n\t\t<audio controls=\"controls\" preload=\"none\" width=\"452\"\n\t\t\t><\/audio>\n\t<div class=\"wp-playlist-next\"><\/div>\n\t<div class=\"wp-playlist-prev\"><\/div>\n\t<noscript>\n\t<ol>\n\t\t<li><a href='https:\/\/www.iesneiravilas.es\/arquivo\/wp-content\/uploads\/2014\/10\/01_a-entrada.mp3'>a entrada <\/a><\/li><li><a href='https:\/\/www.iesneiravilas.es\/arquivo\/wp-content\/uploads\/2014\/10\/02_presentacion.mp3'>presentacion <\/a><\/li><li><a href='https:\/\/www.iesneiravilas.es\/arquivo\/wp-content\/uploads\/2014\/10\/03_arquitectura.mp3'>arquitectura <\/a><\/li><li><a href='https:\/\/www.iesneiravilas.es\/arquivo\/wp-content\/uploads\/2014\/10\/04_noticias.mp3'>noticias <\/a><\/li><li><a href='https:\/\/www.iesneiravilas.es\/arquivo\/wp-content\/uploads\/2014\/10\/05_arte.mp3'>arte <\/a><\/li><li><a href='https:\/\/www.iesneiravilas.es\/arquivo\/wp-content\/uploads\/2014\/10\/06_rincon_de_escritura.mp3'>rincon de escritura<\/a><\/li><li><a href='https:\/\/www.iesneiravilas.es\/arquivo\/wp-content\/uploads\/2014\/10\/07_politica.mp3'>politica <\/a><\/li><li><a href='https:\/\/www.iesneiravilas.es\/arquivo\/wp-content\/uploads\/2014\/10\/08_despedida.mp3'>despedida <\/a><\/li>\t<\/ol>\n\t<\/noscript>\n\t<script type=\"application\/json\" class=\"wp-playlist-script\">{\"type\":\"audio\",\"tracklist\":true,\"tracknumbers\":true,\"images\":true,\"artists\":true,\"tracks\":[{\"src\":\"https:\\\/\\\/www.iesneiravilas.es\\\/arquivo\\\/wp-content\\\/uploads\\\/2014\\\/10\\\/01_a-entrada.mp3\",\"type\":\"audio\\\/mpeg\",\"title\":\"a entrada \",\"caption\":\"\",\"description\":\"\\\"a entrada cafe churros\\\" de Ning\\u00fan t\\u00edtulo por cu. Pista 1. X\\u00e9nero: Desconocido.\",\"meta\":{\"artist\":\"Caf\\u00e9 con churros\",\"album\":\"Caf\\u00e9 con churros\",\"genre\":\"Desconocido\",\"length_formatted\":\"0:31\"},\"image\":{\"src\":\"https:\\\/\\\/www.iesneiravilas.es\\\/arquivo\\\/wp-includes\\\/images\\\/media\\\/audio.svg\",\"width\":48,\"height\":64},\"thumb\":{\"src\":\"https:\\\/\\\/www.iesneiravilas.es\\\/arquivo\\\/wp-includes\\\/images\\\/media\\\/audio.svg\",\"width\":48,\"height\":64}},{\"src\":\"https:\\\/\\\/www.iesneiravilas.es\\\/arquivo\\\/wp-content\\\/uploads\\\/2014\\\/10\\\/02_presentacion.mp3\",\"type\":\"audio\\\/mpeg\",\"title\":\"presentacion \",\"caption\":\"\",\"description\":\"\\\"presentacion cafe churros \\\/ presentacion cafe churros\\\" de Ning\\u00fan t\\u00edtulo por cu. Pista 2. X\\u00e9nero: Desconocido.\",\"meta\":{\"artist\":\"Caf\\u00e9 con churros\",\"album\":\"Caf\\u00e9 con churros\",\"genre\":\"Desconocido\",\"length_formatted\":\"1:13\"},\"image\":{\"src\":\"https:\\\/\\\/www.iesneiravilas.es\\\/arquivo\\\/wp-includes\\\/images\\\/media\\\/audio.svg\",\"width\":48,\"height\":64},\"thumb\":{\"src\":\"https:\\\/\\\/www.iesneiravilas.es\\\/arquivo\\\/wp-includes\\\/images\\\/media\\\/audio.svg\",\"width\":48,\"height\":64}},{\"src\":\"https:\\\/\\\/www.iesneiravilas.es\\\/arquivo\\\/wp-content\\\/uploads\\\/2014\\\/10\\\/03_arquitectura.mp3\",\"type\":\"audio\\\/mpeg\",\"title\":\"arquitectura \",\"caption\":\"\",\"description\":\"\\\"arquitectura cafe churros \\\/ arquitectura cafe churros\\\" de Ning\\u00fan t\\u00edtulo por cu. Pista 3. X\\u00e9nero: Desconocido.\",\"meta\":{\"artist\":\"Caf\\u00e9 con churros\",\"album\":\"Caf\\u00e9 con churros\",\"genre\":\"Desconocido\",\"length_formatted\":\"1:10\"},\"image\":{\"src\":\"https:\\\/\\\/www.iesneiravilas.es\\\/arquivo\\\/wp-includes\\\/images\\\/media\\\/audio.svg\",\"width\":48,\"height\":64},\"thumb\":{\"src\":\"https:\\\/\\\/www.iesneiravilas.es\\\/arquivo\\\/wp-includes\\\/images\\\/media\\\/audio.svg\",\"width\":48,\"height\":64}},{\"src\":\"https:\\\/\\\/www.iesneiravilas.es\\\/arquivo\\\/wp-content\\\/uploads\\\/2014\\\/10\\\/04_noticias.mp3\",\"type\":\"audio\\\/mpeg\",\"title\":\"noticias \",\"caption\":\"\",\"description\":\"\\\"noticias cafe churros \\\/ noticias cafe churros\\\" de Ning\\u00fan t\\u00edtulo por cu. Pista 4. X\\u00e9nero: Desconocido.\",\"meta\":{\"artist\":\"Caf\\u00e9 con churros\",\"album\":\"Caf\\u00e9 con churros\",\"genre\":\"Desconocido\",\"length_formatted\":\"3:04\"},\"image\":{\"src\":\"https:\\\/\\\/www.iesneiravilas.es\\\/arquivo\\\/wp-includes\\\/images\\\/media\\\/audio.svg\",\"width\":48,\"height\":64},\"thumb\":{\"src\":\"https:\\\/\\\/www.iesneiravilas.es\\\/arquivo\\\/wp-includes\\\/images\\\/media\\\/audio.svg\",\"width\":48,\"height\":64}},{\"src\":\"https:\\\/\\\/www.iesneiravilas.es\\\/arquivo\\\/wp-content\\\/uploads\\\/2014\\\/10\\\/05_arte.mp3\",\"type\":\"audio\\\/mpeg\",\"title\":\"arte \",\"caption\":\"\",\"description\":\"\\\"arte cafe churros \\\/ arte cafe churros\\\" de Ning\\u00fan t\\u00edtulo por cu. Pista 5. X\\u00e9nero: Desconocido.\",\"meta\":{\"artist\":\"Caf\\u00e9 con churros\",\"album\":\"Caf\\u00e9 con churros\",\"genre\":\"Desconocido\",\"length_formatted\":\"1:44\"},\"image\":{\"src\":\"https:\\\/\\\/www.iesneiravilas.es\\\/arquivo\\\/wp-includes\\\/images\\\/media\\\/audio.svg\",\"width\":48,\"height\":64},\"thumb\":{\"src\":\"https:\\\/\\\/www.iesneiravilas.es\\\/arquivo\\\/wp-includes\\\/images\\\/media\\\/audio.svg\",\"width\":48,\"height\":64}},{\"src\":\"https:\\\/\\\/www.iesneiravilas.es\\\/arquivo\\\/wp-content\\\/uploads\\\/2014\\\/10\\\/06_rincon_de_escritura.mp3\",\"type\":\"audio\\\/mpeg\",\"title\":\"rincon de escritura\",\"caption\":\"\",\"description\":\"\\\"rincon de escritura cafe churros \\\/ rincon de escritura cafe churros\\\" de Ning\\u00fan t\\u00edtulo por cu. Pista 6. X\\u00e9nero: Desconocido.\",\"meta\":{\"artist\":\"Caf\\u00e9 con churros\",\"album\":\"Caf\\u00e9 con churros\",\"genre\":\"Desconocido\",\"length_formatted\":\"3:13\"},\"image\":{\"src\":\"https:\\\/\\\/www.iesneiravilas.es\\\/arquivo\\\/wp-includes\\\/images\\\/media\\\/audio.svg\",\"width\":48,\"height\":64},\"thumb\":{\"src\":\"https:\\\/\\\/www.iesneiravilas.es\\\/arquivo\\\/wp-includes\\\/images\\\/media\\\/audio.svg\",\"width\":48,\"height\":64}},{\"src\":\"https:\\\/\\\/www.iesneiravilas.es\\\/arquivo\\\/wp-content\\\/uploads\\\/2014\\\/10\\\/07_politica.mp3\",\"type\":\"audio\\\/mpeg\",\"title\":\"politica \",\"caption\":\"\",\"description\":\"\\\"politica cafe churros \\\/ politica cafe churros\\\" de Ning\\u00fan t\\u00edtulo por cu. Pista 7. X\\u00e9nero: Desconocido.\",\"meta\":{\"artist\":\"Caf\\u00e9 con churros\",\"album\":\"Caf\\u00e9 con churros\",\"genre\":\"Desconocido\",\"length_formatted\":\"2:20\"},\"image\":{\"src\":\"https:\\\/\\\/www.iesneiravilas.es\\\/arquivo\\\/wp-includes\\\/images\\\/media\\\/audio.svg\",\"width\":48,\"height\":64},\"thumb\":{\"src\":\"https:\\\/\\\/www.iesneiravilas.es\\\/arquivo\\\/wp-includes\\\/images\\\/media\\\/audio.svg\",\"width\":48,\"height\":64}},{\"src\":\"https:\\\/\\\/www.iesneiravilas.es\\\/arquivo\\\/wp-content\\\/uploads\\\/2014\\\/10\\\/08_despedida.mp3\",\"type\":\"audio\\\/mpeg\",\"title\":\"despedida \",\"caption\":\"\",\"description\":\"\\\"despedida cafe churros \\\/ despedida cafe churros\\\" de Ning\\u00fan t\\u00edtulo por cu. Pista 8. X\\u00e9nero: Desconocido.\",\"meta\":{\"artist\":\"Caf\\u00e9 con churros\",\"album\":\"Caf\\u00e9 con churros\",\"genre\":\"Desconocido\",\"length_formatted\":\"1:13\"},\"image\":{\"src\":\"https:\\\/\\\/www.iesneiravilas.es\\\/arquivo\\\/wp-includes\\\/images\\\/media\\\/audio.svg\",\"width\":48,\"height\":64},\"thumb\":{\"src\":\"https:\\\/\\\/www.iesneiravilas.es\\\/arquivo\\\/wp-includes\\\/images\\\/media\\\/audio.svg\",\"width\":48,\"height\":64}}]}<\/script>\n<\/div>\n\t\n<p>&nbsp;<\/p>\n","protected":false},"excerpt":{"rendered":"<p>Participantes Organizada por: Carmen Garc\u00eda-Rodeja Arrib\u00ed Alumnado: Roc\u00edo Saavedra (coordinaci\u00f3n e actividades culturais) Monse Mart\u00ednez-Pi\u00f1eiro Brais L\u00f3pez(arquitectura) Iago Varela(pol\u00edtica internacional) Sheila Mart\u00ednez (cr\u00edtica de arte e cine) Sarai Rodriguez Alfredo Rinlo Loreto Garc\u00eda Al\u00e9n e grupo de 4\u00ba D (rinc\u00f3n po\u00e9tico) O programa &nbsp; O programa informativo \u00e9 unha canle de comunicaci\u00f3n desde \u00e1 xente &hellip; <a href=\"https:\/\/www.iesneiravilas.es\/arquivo\/?p=1335\" class=\"more-link\">Seguir lendo <span class=\"screen-reader-text\">Programa de radio Caf\u00e9 con Churros<\/span> <span class=\"meta-nav\">&rarr;<\/span><\/a><\/p>\n","protected":false},"author":1,"featured_media":0,"comment_status":"closed","ping_status":"open","sticky":false,"template":"","format":"standard","meta":{"footnotes":""},"categories":[17,142,137],"tags":[211,207,388,208,212,206,222,271,209],"class_list":["post-1335","post","type-post","status-publish","format-standard","hentry","category-actividades","category-curso","category-curso-2005-2006","tag-alfredo-rinlo","tag-brais-lopez","tag-carmen-garcia-rodeja","tag-iago-varela","tag-loreto-garcia-alen","tag-monse-martinez-pineiro","tag-rocio-saavedra-fernandez","tag-saray-rodriguez","tag-sheila-martinez"],"_links":{"self":[{"href":"https:\/\/www.iesneiravilas.es\/arquivo\/index.php?rest_route=\/wp\/v2\/posts\/1335","targetHints":{"allow":["GET"]}}],"collection":[{"href":"https:\/\/www.iesneiravilas.es\/arquivo\/index.php?rest_route=\/wp\/v2\/posts"}],"about":[{"href":"https:\/\/www.iesneiravilas.es\/arquivo\/index.php?rest_route=\/wp\/v2\/types\/post"}],"author":[{"embeddable":true,"href":"https:\/\/www.iesneiravilas.es\/arquivo\/index.php?rest_route=\/wp\/v2\/users\/1"}],"replies":[{"embeddable":true,"href":"https:\/\/www.iesneiravilas.es\/arquivo\/index.php?rest_route=%2Fwp%2Fv2%2Fcomments&post=1335"}],"version-history":[{"count":1,"href":"https:\/\/www.iesneiravilas.es\/arquivo\/index.php?rest_route=\/wp\/v2\/posts\/1335\/revisions"}],"predecessor-version":[{"id":1346,"href":"https:\/\/www.iesneiravilas.es\/arquivo\/index.php?rest_route=\/wp\/v2\/posts\/1335\/revisions\/1346"}],"wp:attachment":[{"href":"https:\/\/www.iesneiravilas.es\/arquivo\/index.php?rest_route=%2Fwp%2Fv2%2Fmedia&parent=1335"}],"wp:term":[{"taxonomy":"category","embeddable":true,"href":"https:\/\/www.iesneiravilas.es\/arquivo\/index.php?rest_route=%2Fwp%2Fv2%2Fcategories&post=1335"},{"taxonomy":"post_tag","embeddable":true,"href":"https:\/\/www.iesneiravilas.es\/arquivo\/index.php?rest_route=%2Fwp%2Fv2%2Ftags&post=1335"}],"curies":[{"name":"wp","href":"https:\/\/api.w.org\/{rel}","templated":true}]}}