{"id":1411,"date":"2007-06-30T19:43:51","date_gmt":"2007-06-30T17:43:51","guid":{"rendered":"http:\/\/www.iesneiravilas.es\/arquivo\/?p=1411"},"modified":"2014-10-16T08:53:51","modified_gmt":"2014-10-16T06:53:51","slug":"campeonato-de-futbol-2006-2077","status":"publish","type":"post","link":"https:\/\/www.iesneiravilas.es\/arquivo\/?p=1411","title":{"rendered":"Campeonato de f\u00fatbol 2006-2077"},"content":{"rendered":"<p>Terminada a liga de f\u00fabol entregaranse en pr\u00f3ximas datas os trofeos (expostos na vitrina ao lado de conserxer\u00eda) aos campe\u00f3ns e subcampe\u00f3ns .<\/p>\n<p>Iris Pena de 1\u00baA de bacharelato rem\u00edtenos a seguinte cr\u00f3nica:<\/p>\n<p><strong>TEMOS GA\u00d1ADOR DA PRIMEIRA RONDA DAS LIGAS DEPORTIVAS !!!<\/strong><\/p>\n<p>Fai uns d\u00edas, rematou a primeira ronda de f\u00fatbol no noso instituto. O resultado foi incr\u00edble, xa que, despois de reiterados avisos, a xente animouse e conseguiuse facer unha clasificaci\u00f3n. O equipo ga\u00f1ador foi o 5\u00ba, composto por \u00c1lex Marques de 1\u00ba B, Daniel Dopazo e Rub\u00e9n Lago de 2\u00ba A, Francisco L\u00f3pez de 3\u00ba B e Daniel Lamas e Cristian Berm\u00fadez de 4\u00ba B e C respectivamente.<\/p>\n<p>Se xog\u00e1stedes ben e o dades todo polo f\u00fatbol, ent\u00f3n xa estaredes na nosa selecci\u00f3n do instituto, para despois competir c\u00f3 instituto Miraflores \u2026<\/p>\n<p>\u00c1nimo campi\u00f3ns !!!<\/p>\n<figure id=\"attachment_1412\" aria-describedby=\"caption-attachment-1412\" style=\"width: 300px\" class=\"wp-caption aligncenter\"><a href=\"http:\/\/www.iesneiravilas.es\/arquivo\/wp-content\/uploads\/2014\/10\/campeones.jpg\"><img loading=\"lazy\" decoding=\"async\" class=\"size-medium wp-image-1412\" src=\"http:\/\/www.iesneiravilas.es\/arquivo\/wp-content\/uploads\/2014\/10\/campeones-300x214.jpg\" alt=\"Equipo ga\u00f1ador\" width=\"300\" height=\"214\" srcset=\"https:\/\/www.iesneiravilas.es\/arquivo\/wp-content\/uploads\/2014\/10\/campeones-300x214.jpg 300w, https:\/\/www.iesneiravilas.es\/arquivo\/wp-content\/uploads\/2014\/10\/campeones.jpg 640w\" sizes=\"auto, (max-width: 300px) 100vw, 300px\" \/><\/a><figcaption id=\"caption-attachment-1412\" class=\"wp-caption-text\">Equipo ga\u00f1ador<\/figcaption><\/figure>\n","protected":false},"excerpt":{"rendered":"<p>Terminada a liga de f\u00fabol entregaranse en pr\u00f3ximas datas os trofeos (expostos na vitrina ao lado de conserxer\u00eda) aos campe\u00f3ns e subcampe\u00f3ns . Iris Pena de 1\u00baA de bacharelato rem\u00edtenos a seguinte cr\u00f3nica: TEMOS GA\u00d1ADOR DA PRIMEIRA RONDA DAS LIGAS DEPORTIVAS !!! Fai uns d\u00edas, rematou a primeira ronda de f\u00fatbol no noso instituto. O &hellip; <a href=\"https:\/\/www.iesneiravilas.es\/arquivo\/?p=1411\" class=\"more-link\">Seguir lendo <span class=\"screen-reader-text\">Campeonato de f\u00fatbol 2006-2077<\/span> <span class=\"meta-nav\">&rarr;<\/span><\/a><\/p>\n","protected":false},"author":1,"featured_media":0,"comment_status":"closed","ping_status":"open","sticky":false,"template":"","format":"standard","meta":{"footnotes":""},"categories":[17,136,472],"tags":[239,243,240,182,242,241],"class_list":["post-1411","post","type-post","status-publish","format-standard","hentry","category-actividades","category-curso-2006-2007","category-outras","tag-alex-marques","tag-cristian-bermudez","tag-daniel-dopazo","tag-daniel-lamas","tag-francisco-lopez","tag-ruben-lago"],"_links":{"self":[{"href":"https:\/\/www.iesneiravilas.es\/arquivo\/index.php?rest_route=\/wp\/v2\/posts\/1411","targetHints":{"allow":["GET"]}}],"collection":[{"href":"https:\/\/www.iesneiravilas.es\/arquivo\/index.php?rest_route=\/wp\/v2\/posts"}],"about":[{"href":"https:\/\/www.iesneiravilas.es\/arquivo\/index.php?rest_route=\/wp\/v2\/types\/post"}],"author":[{"embeddable":true,"href":"https:\/\/www.iesneiravilas.es\/arquivo\/index.php?rest_route=\/wp\/v2\/users\/1"}],"replies":[{"embeddable":true,"href":"https:\/\/www.iesneiravilas.es\/arquivo\/index.php?rest_route=%2Fwp%2Fv2%2Fcomments&post=1411"}],"version-history":[{"count":1,"href":"https:\/\/www.iesneiravilas.es\/arquivo\/index.php?rest_route=\/wp\/v2\/posts\/1411\/revisions"}],"predecessor-version":[{"id":1413,"href":"https:\/\/www.iesneiravilas.es\/arquivo\/index.php?rest_route=\/wp\/v2\/posts\/1411\/revisions\/1413"}],"wp:attachment":[{"href":"https:\/\/www.iesneiravilas.es\/arquivo\/index.php?rest_route=%2Fwp%2Fv2%2Fmedia&parent=1411"}],"wp:term":[{"taxonomy":"category","embeddable":true,"href":"https:\/\/www.iesneiravilas.es\/arquivo\/index.php?rest_route=%2Fwp%2Fv2%2Fcategories&post=1411"},{"taxonomy":"post_tag","embeddable":true,"href":"https:\/\/www.iesneiravilas.es\/arquivo\/index.php?rest_route=%2Fwp%2Fv2%2Ftags&post=1411"}],"curies":[{"name":"wp","href":"https:\/\/api.w.org\/{rel}","templated":true}]}}