{"id":1540,"date":"2008-04-30T08:58:27","date_gmt":"2008-04-30T06:58:27","guid":{"rendered":"http:\/\/www.iesneiravilas.es\/arquivo\/?p=1540"},"modified":"2014-10-13T09:01:49","modified_gmt":"2014-10-13T07:01:49","slug":"como-foi-a-mina-vida-charlas-do-departamento-de-historia","status":"publish","type":"post","link":"https:\/\/www.iesneiravilas.es\/arquivo\/?p=1540","title":{"rendered":"\u201cC\u00f3mo foi a mi\u00f1a vida\u201d charlas do Departamento de Historia"},"content":{"rendered":"<figure id=\"attachment_1541\" aria-describedby=\"caption-attachment-1541\" style=\"width: 300px\" class=\"wp-caption alignright\"><a href=\"http:\/\/www.iesneiravilas.es\/arquivo\/wp-content\/uploads\/2014\/10\/serafinmourelle2.jpg\"><img loading=\"lazy\" decoding=\"async\" class=\"size-medium wp-image-1541\" src=\"http:\/\/www.iesneiravilas.es\/arquivo\/wp-content\/uploads\/2014\/10\/serafinmourelle2-300x209.jpg\" alt=\"D.Seraf\u00edn Mourelle\" width=\"300\" height=\"209\" srcset=\"https:\/\/www.iesneiravilas.es\/arquivo\/wp-content\/uploads\/2014\/10\/serafinmourelle2-300x209.jpg 300w, https:\/\/www.iesneiravilas.es\/arquivo\/wp-content\/uploads\/2014\/10\/serafinmourelle2.jpg 800w\" sizes=\"auto, (max-width: 300px) 100vw, 300px\" \/><\/a><figcaption id=\"caption-attachment-1541\" class=\"wp-caption-text\">D.Seraf\u00edn Mourelle<\/figcaption><\/figure>\n<p>D. SERAFIN MOURELLE<\/p>\n<p>Nace en Corme nunha familia mari\u00f1eira.<\/p>\n<p>Eles ch\u00e1manse a s\u00ed mesmos a generaci\u00f3n do ollo do furac\u00e1n porque ti\u00f1an poucos anos cando comenzou a guerra e as s\u00faas consecuencias.<\/p>\n<p>O seu pai estaba na pesca en Asturias e marcha \u00f3 frente republicano voluntario, despois cando as tropas nacionais tomas Asturias, escapa xunto con outros y remata nun campo de concentraci\u00f3n en Le\u00f3n.<\/p>\n<p>El non co\u00f1ec\u00eda \u00f3 seu pai. Un d\u00eda, en Corme, dix\u00e9ronlle: \u201cTalli\u00f1o, o teu pai est\u00e1 na calle\u201d e alegr\u00eda foi enorme porque pensaran que morrera. El, Seraf\u00edn estaba contento porque non sab\u00eda o que era ter un pai.<\/p>\n<p>De neno sent\u00edu a represi\u00f3n ; cando acud\u00eda \u00f3 Auxilio Social \u2013so comedores que se montaron para paliar a fame da posguerra- ti\u00f1a que oir: \u201cOs fillos dos roxos non poden entrar\u201d<\/p>\n<p>Esto, a escola, a represi\u00f3n fixo que tomara conciencia da situaci\u00f3n na que viv\u00eda Espa\u00f1a neses momentos.<\/p>\n<p>No 1957 emb\u00e1rcase e co\u00f1ece mundo. Por a\u00ed adiante ve tam\u00e9n c\u00f3mo funcionan outros paises que non te\u00f1en unha dictadura. Tam\u00e9n, como outras moitas persoas conecta coa realidad \u201creal\u201d o pais a trav\u00e9s de radio Parr\u00eds ou a radio Pirenaica.<\/p>\n<p>No ano 1972 conecta a traves de Stella Maris, grupos cristianos que apoiaban a xente do mar, con outra xente de diferente partidso pol\u00edticos e empeza a militar no Partido Comunista.<\/p>\n<p>E por suerte, pode contalo.<\/p>\n<div id='gallery-1' class='gallery galleryid-1540 gallery-columns-2 gallery-size-thumbnail'><figure class='gallery-item'>\n\t\t\t<div class='gallery-icon landscape'>\n\t\t\t\t<a href='https:\/\/www.iesneiravilas.es\/arquivo\/?attachment_id=1543'><img loading=\"lazy\" decoding=\"async\" width=\"150\" height=\"150\" src=\"https:\/\/www.iesneiravilas.es\/arquivo\/wp-content\/uploads\/2014\/10\/serafinmourelle3-150x150.jpg\" class=\"attachment-thumbnail size-thumbnail\" alt=\"C\u00f3mo foi a mi\u00f1a vida\" aria-describedby=\"gallery-1-1543\" \/><\/a>\n\t\t\t<\/div>\n\t\t\t\t<figcaption class='wp-caption-text gallery-caption' id='gallery-1-1543'>\n\t\t\t\tC\u00f3mo foi a mi\u00f1a vida\n\t\t\t\t<\/figcaption><\/figure><figure class='gallery-item'>\n\t\t\t<div class='gallery-icon landscape'>\n\t\t\t\t<a href='https:\/\/www.iesneiravilas.es\/arquivo\/?attachment_id=1542'><img loading=\"lazy\" decoding=\"async\" width=\"150\" height=\"150\" src=\"https:\/\/www.iesneiravilas.es\/arquivo\/wp-content\/uploads\/2014\/10\/serafinmourelle1-150x150.jpg\" class=\"attachment-thumbnail size-thumbnail\" alt=\"C\u00f3mo foi a mi\u00f1a vida\" aria-describedby=\"gallery-1-1542\" \/><\/a>\n\t\t\t<\/div>\n\t\t\t\t<figcaption class='wp-caption-text gallery-caption' id='gallery-1-1542'>\n\t\t\t\tC\u00f3mo foi a mi\u00f1a vida\n\t\t\t\t<\/figcaption><\/figure>\n\t\t<\/div>\n\n","protected":false},"excerpt":{"rendered":"<p>D. SERAFIN MOURELLE Nace en Corme nunha familia mari\u00f1eira. Eles ch\u00e1manse a s\u00ed mesmos a generaci\u00f3n do ollo do furac\u00e1n porque ti\u00f1an poucos anos cando comenzou a guerra e as s\u00faas consecuencias. O seu pai estaba na pesca en Asturias e marcha \u00f3 frente republicano voluntario, despois cando as tropas nacionais tomas Asturias, escapa xunto &hellip; <a href=\"https:\/\/www.iesneiravilas.es\/arquivo\/?p=1540\" class=\"more-link\">Seguir lendo <span class=\"screen-reader-text\">\u201cC\u00f3mo foi a mi\u00f1a vida\u201d charlas do Departamento de Historia<\/span> <span class=\"meta-nav\">&rarr;<\/span><\/a><\/p>\n","protected":false},"author":1,"featured_media":0,"comment_status":"closed","ping_status":"open","sticky":false,"template":"","format":"standard","meta":{"footnotes":""},"categories":[17,31,142,135],"tags":[254],"class_list":["post-1540","post","type-post","status-publish","format-standard","hentry","category-actividades","category-conferencia","category-curso","category-curso-2007-2008","tag-d-serafin-mourelle"],"_links":{"self":[{"href":"https:\/\/www.iesneiravilas.es\/arquivo\/index.php?rest_route=\/wp\/v2\/posts\/1540","targetHints":{"allow":["GET"]}}],"collection":[{"href":"https:\/\/www.iesneiravilas.es\/arquivo\/index.php?rest_route=\/wp\/v2\/posts"}],"about":[{"href":"https:\/\/www.iesneiravilas.es\/arquivo\/index.php?rest_route=\/wp\/v2\/types\/post"}],"author":[{"embeddable":true,"href":"https:\/\/www.iesneiravilas.es\/arquivo\/index.php?rest_route=\/wp\/v2\/users\/1"}],"replies":[{"embeddable":true,"href":"https:\/\/www.iesneiravilas.es\/arquivo\/index.php?rest_route=%2Fwp%2Fv2%2Fcomments&post=1540"}],"version-history":[{"count":1,"href":"https:\/\/www.iesneiravilas.es\/arquivo\/index.php?rest_route=\/wp\/v2\/posts\/1540\/revisions"}],"predecessor-version":[{"id":1544,"href":"https:\/\/www.iesneiravilas.es\/arquivo\/index.php?rest_route=\/wp\/v2\/posts\/1540\/revisions\/1544"}],"wp:attachment":[{"href":"https:\/\/www.iesneiravilas.es\/arquivo\/index.php?rest_route=%2Fwp%2Fv2%2Fmedia&parent=1540"}],"wp:term":[{"taxonomy":"category","embeddable":true,"href":"https:\/\/www.iesneiravilas.es\/arquivo\/index.php?rest_route=%2Fwp%2Fv2%2Fcategories&post=1540"},{"taxonomy":"post_tag","embeddable":true,"href":"https:\/\/www.iesneiravilas.es\/arquivo\/index.php?rest_route=%2Fwp%2Fv2%2Ftags&post=1540"}],"curies":[{"name":"wp","href":"https:\/\/api.w.org\/{rel}","templated":true}]}}