{"id":1556,"date":"2008-04-30T09:09:33","date_gmt":"2008-04-30T07:09:33","guid":{"rendered":"http:\/\/www.iesneiravilas.es\/arquivo\/?p=1556"},"modified":"2014-10-13T09:15:17","modified_gmt":"2014-10-13T07:15:17","slug":"almorzos-para-a-saude","status":"publish","type":"post","link":"https:\/\/www.iesneiravilas.es\/arquivo\/?p=1556","title":{"rendered":"Almorzos para a Sa\u00fade"},"content":{"rendered":"<p>Os alumnos de 3\u00ba de ESO A-B da asignatura Obradoiro de iniciativas emprendedoras do IES Neira Vilas de Oleiros acabamos de desenvolver con \u00e9xito o noso primeiro proxecto emprendedor denominado \u201cALMORZOS PAR A A SA\u00daDE\u201d<\/p>\n<div class=\"fotopieizq\">\n<figure id=\"attachment_1557\" aria-describedby=\"caption-attachment-1557\" style=\"width: 300px\" class=\"wp-caption alignleft\"><a href=\"http:\/\/www.iesneiravilas.es\/arquivo\/wp-content\/uploads\/2014\/10\/almorzo1.jpg\"><img loading=\"lazy\" decoding=\"async\" class=\"size-medium wp-image-1557\" src=\"http:\/\/www.iesneiravilas.es\/arquivo\/wp-content\/uploads\/2014\/10\/almorzo1-300x98.jpg\" alt=\"(foto do grupo)\" width=\"300\" height=\"98\" srcset=\"https:\/\/www.iesneiravilas.es\/arquivo\/wp-content\/uploads\/2014\/10\/almorzo1-300x98.jpg 300w, https:\/\/www.iesneiravilas.es\/arquivo\/wp-content\/uploads\/2014\/10\/almorzo1.jpg 800w\" sizes=\"auto, (max-width: 300px) 100vw, 300px\" \/><\/a><figcaption id=\"caption-attachment-1557\" class=\"wp-caption-text\">(foto do grupo)<\/figcaption><\/figure>\n<\/div>\n<p>Conseguimos ofertar de forma gratu\u00edta un almorzo completo e saud\u00e1bel para todos os alumnos e alumnas do instituto.<\/p>\n<p>Tivemos que facer enquisas, presupostos, pedir asesoramento sobre nutrici\u00f3n, buscar empresas financiadoras, organizar os grupos de almorzo e servilo durante unha semana.<\/p>\n<p>Explicamos aos nosos compa\u00f1eiros que un almorzo completo debe estar integrado por alimentos de tres grupos: l\u00e1cteos, cereais e froita. Seguindo esta recomendaci\u00f3n os alumnos pod\u00edan escoller de todo. Pl\u00e1tanos, maz\u00e1s, laranxas, kiwis, zumes, leite, queixo fresco, yogur, mel, cereais, pan con tomate ou aceite de oliva ou xam\u00f3n serrano. \u00a1Casi nada! Moitos tomaron un bo almorzo e alg\u00fans dixeron que non lles gustaba. Xa vemos que o dos gustos \u00e9 moi persoal.<\/p>\n<figure id=\"attachment_1558\" aria-describedby=\"caption-attachment-1558\" style=\"width: 300px\" class=\"wp-caption alignleft\"><a href=\"http:\/\/www.iesneiravilas.es\/arquivo\/wp-content\/uploads\/2014\/10\/almorzo2.jpg\"><img loading=\"lazy\" decoding=\"async\" class=\"size-medium wp-image-1558\" src=\"http:\/\/www.iesneiravilas.es\/arquivo\/wp-content\/uploads\/2014\/10\/almorzo2-300x178.jpg\" alt=\"(Un grupo almorzando)\" width=\"300\" height=\"178\" srcset=\"https:\/\/www.iesneiravilas.es\/arquivo\/wp-content\/uploads\/2014\/10\/almorzo2-300x178.jpg 300w, https:\/\/www.iesneiravilas.es\/arquivo\/wp-content\/uploads\/2014\/10\/almorzo2.jpg 800w\" sizes=\"auto, (max-width: 300px) 100vw, 300px\" \/><\/a><figcaption id=\"caption-attachment-1558\" class=\"wp-caption-text\">(Un grupo almorzando)<\/figcaption><\/figure>\n<p>Cando empezamos non pensabamos que ser\u00edamos capaces de conseguilo. Por iso queremos mostrar p\u00fablicamente o noso agradecemento as persoas e entidades que escoitaron o noso proxecto, creron en n\u00f3s, nos aportaron fondos ou lotes de productos ou nos ofreceron asesor\u00eda sobre alimentaci\u00f3n pedi\u00e1trica.<\/p>\n<p>Moitas grazas: Gadis, Familia, Concello Oleiros, Caixa Galicia, Caixa Nova, La Caixa, BBVA, Caixa Espa\u00f1a e doctor Leopoldo Garc\u00eda Alons. Tam\u00e9n un agradecemento especial para Esther que quentou o leite e nos axudou coa organizaci\u00f3n.<\/p>\n<p><a href=\"http:\/\/www.laopinioncoruna.es\/servicios\/cartas\/cartaLector.jsp?pIdCarta=3446&amp;pRef=2008041100_0_0__Cartas\">Carta a &#8220;La opini\u00f3n&#8221;<\/a><\/p>\n<p>IES Oleiros &#8211; Almorzo para a sa\u00fade<\/p>\n<p>Os alumnos de 3\u00ba de ESO A-B da asignatura Obradoiro de Iniciativas Emprendedoras do IES Neira Vilas de Oleiros acabamos de desenvolver o noso primeiro proxecto emprendedor. Co noso traballo conseguimos proporcionarlles de forma gratu\u00edta \u00f3s nosos compa\u00f1eiros de todo o instituto un almorzo completo e saudable na semana anterior \u00f3 d\u00eda 7 de abril que \u00e9 o D\u00eda Mundial da Sa\u00fade.<\/p>\n<p>Tivemos que facer varios traballos. Enquisas para saber como almorza o alumnado, pedir consello para un bo almorzo a un nutricionista especializado, facer o orzamento, visitar distintas entidades para explicar o proxecto e pedir financiaci\u00f3n. E ademais servimos o almorzo todas as ma\u00f1\u00e1s desa semana.<\/p>\n<p>Desde aqu\u00ed queremos dar as grazas publicamente a Gadis, Familia, Concello de Oleiros, Caixa Galicia, Caixa Nova, La Caixa, BBVA e o doctor Leopoldo Garc\u00eda Alonso, xa que sen a s\u00faa axuda non se realizar\u00eda con \u00e9xito o noso proxecto.<\/p>\n<div id='gallery-1' class='gallery galleryid-1556 gallery-columns-2 gallery-size-thumbnail'><figure class='gallery-item'>\n\t\t\t<div class='gallery-icon landscape'>\n\t\t\t\t<a href='https:\/\/www.iesneiravilas.es\/arquivo\/?attachment_id=1562'><img loading=\"lazy\" decoding=\"async\" width=\"150\" height=\"150\" src=\"https:\/\/www.iesneiravilas.es\/arquivo\/wp-content\/uploads\/2014\/10\/almorzo5-150x150.jpg\" class=\"attachment-thumbnail size-thumbnail\" alt=\"(froita e pan)\" aria-describedby=\"gallery-1-1562\" \/><\/a>\n\t\t\t<\/div>\n\t\t\t\t<figcaption class='wp-caption-text gallery-caption' id='gallery-1-1562'>\n\t\t\t\t(froita e pan)\n\t\t\t\t<\/figcaption><\/figure><figure class='gallery-item'>\n\t\t\t<div class='gallery-icon landscape'>\n\t\t\t\t<a href='https:\/\/www.iesneiravilas.es\/arquivo\/?attachment_id=1560'><img loading=\"lazy\" decoding=\"async\" width=\"150\" height=\"150\" src=\"https:\/\/www.iesneiravilas.es\/arquivo\/wp-content\/uploads\/2014\/10\/almorzo4-150x150.jpg\" class=\"attachment-thumbnail size-thumbnail\" alt=\"(xam\u00f3n serrano)\" aria-describedby=\"gallery-1-1560\" \/><\/a>\n\t\t\t<\/div>\n\t\t\t\t<figcaption class='wp-caption-text gallery-caption' id='gallery-1-1560'>\n\t\t\t\t(xam\u00f3n serrano)\n\t\t\t\t<\/figcaption><\/figure><figure class='gallery-item'>\n\t\t\t<div class='gallery-icon landscape'>\n\t\t\t\t<a href='https:\/\/www.iesneiravilas.es\/arquivo\/?attachment_id=1561'><img loading=\"lazy\" decoding=\"async\" width=\"150\" height=\"150\" src=\"https:\/\/www.iesneiravilas.es\/arquivo\/wp-content\/uploads\/2014\/10\/almorzo6-150x150.jpg\" class=\"attachment-thumbnail size-thumbnail\" alt=\"(mel e queixo)\" aria-describedby=\"gallery-1-1561\" \/><\/a>\n\t\t\t<\/div>\n\t\t\t\t<figcaption class='wp-caption-text gallery-caption' id='gallery-1-1561'>\n\t\t\t\t(mel e queixo)\n\t\t\t\t<\/figcaption><\/figure><figure class='gallery-item'>\n\t\t\t<div class='gallery-icon landscape'>\n\t\t\t\t<a href='https:\/\/www.iesneiravilas.es\/arquivo\/?attachment_id=1559'><img loading=\"lazy\" decoding=\"async\" width=\"150\" height=\"150\" src=\"https:\/\/www.iesneiravilas.es\/arquivo\/wp-content\/uploads\/2014\/10\/almorzo3-150x150.jpg\" class=\"attachment-thumbnail size-thumbnail\" alt=\"(l\u00e1cteos e cereais)\" aria-describedby=\"gallery-1-1559\" \/><\/a>\n\t\t\t<\/div>\n\t\t\t\t<figcaption class='wp-caption-text gallery-caption' id='gallery-1-1559'>\n\t\t\t\t(l\u00e1cteos e cereais)\n\t\t\t\t<\/figcaption><\/figure>\n\t\t<\/div>\n\n","protected":false},"excerpt":{"rendered":"<p>Os alumnos de 3\u00ba de ESO A-B da asignatura Obradoiro de iniciativas emprendedoras do IES Neira Vilas de Oleiros acabamos de desenvolver con \u00e9xito o noso primeiro proxecto emprendedor denominado \u201cALMORZOS PAR A A SA\u00daDE\u201d Conseguimos ofertar de forma gratu\u00edta un almorzo completo e saud\u00e1bel para todos os alumnos e alumnas do instituto. Tivemos que &hellip; <a href=\"https:\/\/www.iesneiravilas.es\/arquivo\/?p=1556\" class=\"more-link\">Seguir lendo <span class=\"screen-reader-text\">Almorzos para a Sa\u00fade<\/span> <span class=\"meta-nav\">&rarr;<\/span><\/a><\/p>\n","protected":false},"author":1,"featured_media":0,"comment_status":"closed","ping_status":"open","sticky":false,"template":"","format":"standard","meta":{"footnotes":""},"categories":[17,142,135],"tags":[265,262,263,261,260,259,264,266],"class_list":["post-1556","post","type-post","status-publish","format-standard","hentry","category-actividades","category-curso","category-curso-2007-2008","tag-bbva","tag-caixa-galicia","tag-caixa-nova","tag-concello-de-oleiros","tag-familia","tag-gadis","tag-la-caixa","tag-leopoldo-garcia-alonso"],"_links":{"self":[{"href":"https:\/\/www.iesneiravilas.es\/arquivo\/index.php?rest_route=\/wp\/v2\/posts\/1556","targetHints":{"allow":["GET"]}}],"collection":[{"href":"https:\/\/www.iesneiravilas.es\/arquivo\/index.php?rest_route=\/wp\/v2\/posts"}],"about":[{"href":"https:\/\/www.iesneiravilas.es\/arquivo\/index.php?rest_route=\/wp\/v2\/types\/post"}],"author":[{"embeddable":true,"href":"https:\/\/www.iesneiravilas.es\/arquivo\/index.php?rest_route=\/wp\/v2\/users\/1"}],"replies":[{"embeddable":true,"href":"https:\/\/www.iesneiravilas.es\/arquivo\/index.php?rest_route=%2Fwp%2Fv2%2Fcomments&post=1556"}],"version-history":[{"count":1,"href":"https:\/\/www.iesneiravilas.es\/arquivo\/index.php?rest_route=\/wp\/v2\/posts\/1556\/revisions"}],"predecessor-version":[{"id":1563,"href":"https:\/\/www.iesneiravilas.es\/arquivo\/index.php?rest_route=\/wp\/v2\/posts\/1556\/revisions\/1563"}],"wp:attachment":[{"href":"https:\/\/www.iesneiravilas.es\/arquivo\/index.php?rest_route=%2Fwp%2Fv2%2Fmedia&parent=1556"}],"wp:term":[{"taxonomy":"category","embeddable":true,"href":"https:\/\/www.iesneiravilas.es\/arquivo\/index.php?rest_route=%2Fwp%2Fv2%2Fcategories&post=1556"},{"taxonomy":"post_tag","embeddable":true,"href":"https:\/\/www.iesneiravilas.es\/arquivo\/index.php?rest_route=%2Fwp%2Fv2%2Ftags&post=1556"}],"curies":[{"name":"wp","href":"https:\/\/api.w.org\/{rel}","templated":true}]}}