{"id":1605,"date":"2008-01-17T09:44:58","date_gmt":"2008-01-17T07:44:58","guid":{"rendered":"http:\/\/www.iesneiravilas.es\/arquivo\/?p=1605"},"modified":"2014-10-15T13:00:12","modified_gmt":"2014-10-15T11:00:12","slug":"charla-do-equipo-de-mediacion-na-universidade-da-coruna","status":"publish","type":"post","link":"https:\/\/www.iesneiravilas.es\/arquivo\/?p=1605","title":{"rendered":"Charla do Equipo de Mediaci\u00f3n na universidade da Coru\u00f1a"},"content":{"rendered":"<figure id=\"attachment_1606\" aria-describedby=\"caption-attachment-1606\" style=\"width: 300px\" class=\"wp-caption alignright\"><a href=\"http:\/\/www.iesneiravilas.es\/arquivo\/wp-content\/uploads\/2014\/10\/universidade0.jpg\"><img loading=\"lazy\" decoding=\"async\" class=\"size-medium wp-image-1606\" src=\"http:\/\/www.iesneiravilas.es\/arquivo\/wp-content\/uploads\/2014\/10\/universidade0-300x207.jpg\" alt=\"Charla na UDC\" width=\"300\" height=\"207\" srcset=\"https:\/\/www.iesneiravilas.es\/arquivo\/wp-content\/uploads\/2014\/10\/universidade0-300x207.jpg 300w, https:\/\/www.iesneiravilas.es\/arquivo\/wp-content\/uploads\/2014\/10\/universidade0.jpg 1014w\" sizes=\"auto, (max-width: 300px) 100vw, 300px\" \/><\/a><figcaption id=\"caption-attachment-1606\" class=\"wp-caption-text\">Charla na UDC<\/figcaption><\/figure>\n<p>O 16 de xaneiro, integrantes do grupo de mediaci\u00f3n, os alumnos: Alberto G\u00f3mez, Jessica Vilari\u00f1o, Jennifer Alvarez, Iris Pena e Alexandra Balb\u00e1s e os profesores Fernando Vidal e Warinca Arce do noso Instituto contaron a s\u00faa experiencia a futuros educadores sociais. Foi na facultade de Ciencias da Educaci\u00f3n na clase da materia \u201cmodelos de educaci\u00f3n para a paz e o desenvolvemento\u201d<\/p>\n<p>O motivo central da intervenci\u00f3n foi a mellora da convivencia no centro e as s\u00faas consecuencias positivas para a aprendizaxe.<\/p>\n<p>O Equipo de mediaci\u00f3n, que leva catro anos de andaina, mostrou como as causas da violencia, como sa\u00edda para a soluci\u00f3n dos conflictos, van mudando. Foi identificado o \u201caburrimento vital\u201d como a orixe principal de determinadas condutas violentas entre os adolescentes na nosa sociedade. Esta afirmaci\u00f3n foi confirmada polos resultados dunha enquisa realizada no centro educativo no curso pasado.<\/p>\n<p>Diante desa problem\u00e1tica o equipo de mediaci\u00f3n est\u00e1 a desenvolver diversas actuaci\u00f3ns, e son:<\/p>\n<ul>\n<li>a promoci\u00f3n da aprendizaxe de t\u00e9cnicas de estudo e habilidades sociais nas titor\u00edas<\/li>\n<li>plan de acollida dos novos alumnos<\/li>\n<li>organizaci\u00f3n de ligas deportivas para dinamizar os recreos<\/li>\n<li>o observatorio da convivencia plantexado da man dos delegados<\/li>\n<li>a interacci\u00f3n de alumnos dos primeiros anos con exalumnos para enfrontalos co tema das expectativas<\/li>\n<li>a mediaci\u00f3n na resoluci\u00f3n de conflitos.<\/li>\n<\/ul>\n<p>A esta charla asistiron tam\u00e9n membros do Instituto Manuel Murgu\u00eda de Arteixo que po\u00f1er\u00e1n en marcha unha experiencia similar.<\/p>\n<p>A profesora, Cathryn Teasley, e o alumnado presente consideraron moi interesante a comunicaci\u00f3n da experiencia e subli\u00f1ar a necesidade de afondar na democratizaci\u00f3n escolar en t\u00f3dolos eidos.<\/p>\n<div id='gallery-1' class='gallery galleryid-1605 gallery-columns-3 gallery-size-thumbnail'><figure class='gallery-item'>\n\t\t\t<div class='gallery-icon landscape'>\n\t\t\t\t<a href='https:\/\/www.iesneiravilas.es\/arquivo\/?attachment_id=1612'><img loading=\"lazy\" decoding=\"async\" width=\"150\" height=\"150\" src=\"https:\/\/www.iesneiravilas.es\/arquivo\/wp-content\/uploads\/2014\/10\/universidade6-150x150.jpg\" class=\"attachment-thumbnail size-thumbnail\" alt=\"Charla na UDC\" aria-describedby=\"gallery-1-1612\" \/><\/a>\n\t\t\t<\/div>\n\t\t\t\t<figcaption class='wp-caption-text gallery-caption' id='gallery-1-1612'>\n\t\t\t\tCharla na UDC\n\t\t\t\t<\/figcaption><\/figure><figure class='gallery-item'>\n\t\t\t<div class='gallery-icon landscape'>\n\t\t\t\t<a href='https:\/\/www.iesneiravilas.es\/arquivo\/?attachment_id=1611'><img loading=\"lazy\" decoding=\"async\" width=\"150\" height=\"150\" src=\"https:\/\/www.iesneiravilas.es\/arquivo\/wp-content\/uploads\/2014\/10\/universidade5-150x150.jpg\" class=\"attachment-thumbnail size-thumbnail\" alt=\"Charla na UDC\" aria-describedby=\"gallery-1-1611\" \/><\/a>\n\t\t\t<\/div>\n\t\t\t\t<figcaption class='wp-caption-text gallery-caption' id='gallery-1-1611'>\n\t\t\t\tCharla na UDC\n\t\t\t\t<\/figcaption><\/figure><figure class='gallery-item'>\n\t\t\t<div class='gallery-icon landscape'>\n\t\t\t\t<a href='https:\/\/www.iesneiravilas.es\/arquivo\/?attachment_id=1610'><img loading=\"lazy\" decoding=\"async\" width=\"150\" height=\"150\" src=\"https:\/\/www.iesneiravilas.es\/arquivo\/wp-content\/uploads\/2014\/10\/universidade4-150x150.jpg\" class=\"attachment-thumbnail size-thumbnail\" alt=\"Charla na UDC\" aria-describedby=\"gallery-1-1610\" \/><\/a>\n\t\t\t<\/div>\n\t\t\t\t<figcaption class='wp-caption-text gallery-caption' id='gallery-1-1610'>\n\t\t\t\tCharla na UDC\n\t\t\t\t<\/figcaption><\/figure><figure class='gallery-item'>\n\t\t\t<div class='gallery-icon landscape'>\n\t\t\t\t<a href='https:\/\/www.iesneiravilas.es\/arquivo\/?attachment_id=1607'><img loading=\"lazy\" decoding=\"async\" width=\"150\" height=\"150\" src=\"https:\/\/www.iesneiravilas.es\/arquivo\/wp-content\/uploads\/2014\/10\/universidade1-150x150.jpg\" class=\"attachment-thumbnail size-thumbnail\" alt=\"Charla na UDC\" aria-describedby=\"gallery-1-1607\" \/><\/a>\n\t\t\t<\/div>\n\t\t\t\t<figcaption class='wp-caption-text gallery-caption' id='gallery-1-1607'>\n\t\t\t\tCharla na UDC\n\t\t\t\t<\/figcaption><\/figure><figure class='gallery-item'>\n\t\t\t<div class='gallery-icon landscape'>\n\t\t\t\t<a href='https:\/\/www.iesneiravilas.es\/arquivo\/?attachment_id=1609'><img loading=\"lazy\" decoding=\"async\" width=\"150\" height=\"150\" src=\"https:\/\/www.iesneiravilas.es\/arquivo\/wp-content\/uploads\/2014\/10\/universidade3-150x150.jpg\" class=\"attachment-thumbnail size-thumbnail\" alt=\"Charla na UDC\" aria-describedby=\"gallery-1-1609\" \/><\/a>\n\t\t\t<\/div>\n\t\t\t\t<figcaption class='wp-caption-text gallery-caption' id='gallery-1-1609'>\n\t\t\t\tCharla na UDC\n\t\t\t\t<\/figcaption><\/figure><figure class='gallery-item'>\n\t\t\t<div class='gallery-icon landscape'>\n\t\t\t\t<a href='https:\/\/www.iesneiravilas.es\/arquivo\/?attachment_id=1608'><img loading=\"lazy\" decoding=\"async\" width=\"150\" height=\"150\" src=\"https:\/\/www.iesneiravilas.es\/arquivo\/wp-content\/uploads\/2014\/10\/universidade2-150x150.jpg\" class=\"attachment-thumbnail size-thumbnail\" alt=\"Charla na UDC\" aria-describedby=\"gallery-1-1608\" \/><\/a>\n\t\t\t<\/div>\n\t\t\t\t<figcaption class='wp-caption-text gallery-caption' id='gallery-1-1608'>\n\t\t\t\tCharla na UDC\n\t\t\t\t<\/figcaption><\/figure>\n\t\t<\/div>\n\n","protected":false},"excerpt":{"rendered":"<p>O 16 de xaneiro, integrantes do grupo de mediaci\u00f3n, os alumnos: Alberto G\u00f3mez, Jessica Vilari\u00f1o, Jennifer Alvarez, Iris Pena e Alexandra Balb\u00e1s e os profesores Fernando Vidal e Warinca Arce do noso Instituto contaron a s\u00faa experiencia a futuros educadores sociais. Foi na facultade de Ciencias da Educaci\u00f3n na clase da materia \u201cmodelos de educaci\u00f3n &hellip; <a href=\"https:\/\/www.iesneiravilas.es\/arquivo\/?p=1605\" class=\"more-link\">Seguir lendo <span class=\"screen-reader-text\">Charla do Equipo de Mediaci\u00f3n na universidade da Coru\u00f1a<\/span> <span class=\"meta-nav\">&rarr;<\/span><\/a><\/p>\n","protected":false},"author":1,"featured_media":0,"comment_status":"closed","ping_status":"open","sticky":false,"template":"","format":"standard","meta":{"footnotes":""},"categories":[17,31,142,135],"tags":[193,203,108,284,283,282,281,285],"class_list":["post-1605","post","type-post","status-publish","format-standard","hentry","category-actividades","category-conferencia","category-curso","category-curso-2007-2008","tag-alberto-gomez","tag-alexandra-balbas","tag-convivencia-e-mediacion","tag-fernando-vidal","tag-iris-pena","tag-jennifer-alvarez","tag-jessica-vilarino","tag-warinca-arce"],"_links":{"self":[{"href":"https:\/\/www.iesneiravilas.es\/arquivo\/index.php?rest_route=\/wp\/v2\/posts\/1605","targetHints":{"allow":["GET"]}}],"collection":[{"href":"https:\/\/www.iesneiravilas.es\/arquivo\/index.php?rest_route=\/wp\/v2\/posts"}],"about":[{"href":"https:\/\/www.iesneiravilas.es\/arquivo\/index.php?rest_route=\/wp\/v2\/types\/post"}],"author":[{"embeddable":true,"href":"https:\/\/www.iesneiravilas.es\/arquivo\/index.php?rest_route=\/wp\/v2\/users\/1"}],"replies":[{"embeddable":true,"href":"https:\/\/www.iesneiravilas.es\/arquivo\/index.php?rest_route=%2Fwp%2Fv2%2Fcomments&post=1605"}],"version-history":[{"count":1,"href":"https:\/\/www.iesneiravilas.es\/arquivo\/index.php?rest_route=\/wp\/v2\/posts\/1605\/revisions"}],"predecessor-version":[{"id":1613,"href":"https:\/\/www.iesneiravilas.es\/arquivo\/index.php?rest_route=\/wp\/v2\/posts\/1605\/revisions\/1613"}],"wp:attachment":[{"href":"https:\/\/www.iesneiravilas.es\/arquivo\/index.php?rest_route=%2Fwp%2Fv2%2Fmedia&parent=1605"}],"wp:term":[{"taxonomy":"category","embeddable":true,"href":"https:\/\/www.iesneiravilas.es\/arquivo\/index.php?rest_route=%2Fwp%2Fv2%2Fcategories&post=1605"},{"taxonomy":"post_tag","embeddable":true,"href":"https:\/\/www.iesneiravilas.es\/arquivo\/index.php?rest_route=%2Fwp%2Fv2%2Ftags&post=1605"}],"curies":[{"name":"wp","href":"https:\/\/api.w.org\/{rel}","templated":true}]}}