{"id":1634,"date":"2007-10-20T09:54:35","date_gmt":"2007-10-20T07:54:35","guid":{"rendered":"http:\/\/www.iesneiravilas.es\/arquivo\/?p=1634"},"modified":"2014-10-16T09:03:29","modified_gmt":"2014-10-16T07:03:29","slug":"visita-ao-bosque-animado-de-cecebre-villa-florentina-e-aula-da-natureza-de-crendes-abegondo","status":"publish","type":"post","link":"https:\/\/www.iesneiravilas.es\/arquivo\/?p=1634","title":{"rendered":"Visita ao bosque animado de Cecebre, Villa Florentina e aula da natureza de Crendes (Abegondo)"},"content":{"rendered":"<figure id=\"attachment_1635\" aria-describedby=\"caption-attachment-1635\" style=\"width: 300px\" class=\"wp-caption alignright\"><a href=\"http:\/\/www.iesneiravilas.es\/arquivo\/wp-content\/uploads\/2014\/10\/cecebre02.jpg\"><img loading=\"lazy\" decoding=\"async\" class=\"size-medium wp-image-1635\" src=\"http:\/\/www.iesneiravilas.es\/arquivo\/wp-content\/uploads\/2014\/10\/cecebre02-300x225.jpg\" alt=\"O grupo ante a porta de Villa Florentina, residencia veraniega do escritor Wenceslao Fern\u00e1ndez Fl\u00f3rez en Cecebre..\" width=\"300\" height=\"225\" srcset=\"https:\/\/www.iesneiravilas.es\/arquivo\/wp-content\/uploads\/2014\/10\/cecebre02-300x225.jpg 300w, https:\/\/www.iesneiravilas.es\/arquivo\/wp-content\/uploads\/2014\/10\/cecebre02.jpg 800w\" sizes=\"auto, (max-width: 300px) 100vw, 300px\" \/><\/a><figcaption id=\"caption-attachment-1635\" class=\"wp-caption-text\">O grupo ante a porta de Villa Florentina, residencia veraniega do escritor Wenceslao Fern\u00e1ndez Fl\u00f3rez en Cecebre..<\/figcaption><\/figure>\n<p>O d\u00eda venres 19 de outubro de 2007 1\u00baA e 1\u00baB da ESO participaron nunha visita organizada polos Departamentos de Lingua Castela e Educaci\u00f3n F\u00edsica F\u00edsica ao bosque animado de Cecebre, Villa Florentina e aula da natureza de Crendes (Abegondo).<\/p>\n<div id='gallery-1' class='gallery galleryid-1634 gallery-columns-3 gallery-size-thumbnail'><figure class='gallery-item'>\n\t\t\t<div class='gallery-icon landscape'>\n\t\t\t\t<a href='https:\/\/www.iesneiravilas.es\/arquivo\/?attachment_id=1636'><img loading=\"lazy\" decoding=\"async\" width=\"150\" height=\"150\" src=\"https:\/\/www.iesneiravilas.es\/arquivo\/wp-content\/uploads\/2014\/10\/cecebre03-150x150.jpg\" class=\"attachment-thumbnail size-thumbnail\" alt=\"No sal\u00f3n de Villa Florentina seguindo as explicaci\u00f3ns da monitora. Moitas grazas \u00e1 asociaci\u00f3n Wencesla Fern\u00e1ndez Fl\u00f3rez polas s\u00faas atenci\u00f3ns.\" aria-describedby=\"gallery-1-1636\" \/><\/a>\n\t\t\t<\/div>\n\t\t\t\t<figcaption class='wp-caption-text gallery-caption' id='gallery-1-1636'>\n\t\t\t\tNo sal\u00f3n de Villa Florentina seguindo as explicaci\u00f3ns da monitora. Moitas grazas \u00e1 asociaci\u00f3n Wencesla Fern\u00e1ndez Fl\u00f3rez polas s\u00faas atenci\u00f3ns.\n\t\t\t\t<\/figcaption><\/figure><figure class='gallery-item'>\n\t\t\t<div class='gallery-icon landscape'>\n\t\t\t\t<a href='https:\/\/www.iesneiravilas.es\/arquivo\/?attachment_id=1637'><img loading=\"lazy\" decoding=\"async\" width=\"150\" height=\"150\" src=\"https:\/\/www.iesneiravilas.es\/arquivo\/wp-content\/uploads\/2014\/10\/cecebre04-150x150.jpg\" class=\"attachment-thumbnail size-thumbnail\" alt=\"Cartel da portada da primeira edici\u00f3n de \u201cO Bosque Animado\u201d, novela m\u00e1is co\u00f1ecida de Wenceslao Fern\u00e1ndez Fl\u00f3rez\" aria-describedby=\"gallery-1-1637\" \/><\/a>\n\t\t\t<\/div>\n\t\t\t\t<figcaption class='wp-caption-text gallery-caption' id='gallery-1-1637'>\n\t\t\t\tCartel da portada da primeira edici\u00f3n de \u201cO Bosque Animado\u201d, novela m\u00e1is co\u00f1ecida de Wenceslao Fern\u00e1ndez Fl\u00f3rez\n\t\t\t\t<\/figcaption><\/figure><figure class='gallery-item'>\n\t\t\t<div class='gallery-icon landscape'>\n\t\t\t\t<a href='https:\/\/www.iesneiravilas.es\/arquivo\/?attachment_id=1638'><img loading=\"lazy\" decoding=\"async\" width=\"150\" height=\"150\" src=\"https:\/\/www.iesneiravilas.es\/arquivo\/wp-content\/uploads\/2014\/10\/cecebre05-150x150.jpg\" class=\"attachment-thumbnail size-thumbnail\" alt=\"Unha vitrina con algunha das obras do escritor.\" aria-describedby=\"gallery-1-1638\" \/><\/a>\n\t\t\t<\/div>\n\t\t\t\t<figcaption class='wp-caption-text gallery-caption' id='gallery-1-1638'>\n\t\t\t\t Unha vitrina con algunha das obras do escritor.\n\t\t\t\t<\/figcaption><\/figure><figure class='gallery-item'>\n\t\t\t<div class='gallery-icon landscape'>\n\t\t\t\t<a href='https:\/\/www.iesneiravilas.es\/arquivo\/?attachment_id=1639'><img loading=\"lazy\" decoding=\"async\" width=\"150\" height=\"150\" src=\"https:\/\/www.iesneiravilas.es\/arquivo\/wp-content\/uploads\/2014\/10\/cecebre06-150x150.jpg\" class=\"attachment-thumbnail size-thumbnail\" alt=\"Exposici\u00f3n de fotos de \u00e9poca.\" aria-describedby=\"gallery-1-1639\" \/><\/a>\n\t\t\t<\/div>\n\t\t\t\t<figcaption class='wp-caption-text gallery-caption' id='gallery-1-1639'>\n\t\t\t\tExposici\u00f3n de fotos de \u00e9poca.\n\t\t\t\t<\/figcaption><\/figure><figure class='gallery-item'>\n\t\t\t<div class='gallery-icon landscape'>\n\t\t\t\t<a href='https:\/\/www.iesneiravilas.es\/arquivo\/?attachment_id=1640'><img loading=\"lazy\" decoding=\"async\" width=\"150\" height=\"150\" src=\"https:\/\/www.iesneiravilas.es\/arquivo\/wp-content\/uploads\/2014\/10\/cecebre07-150x150.jpg\" class=\"attachment-thumbnail size-thumbnail\" alt=\"Vista completa de Villa Florentina.\" aria-describedby=\"gallery-1-1640\" \/><\/a>\n\t\t\t<\/div>\n\t\t\t\t<figcaption class='wp-caption-text gallery-caption' id='gallery-1-1640'>\n\t\t\t\tVista completa de Villa Florentina.\n\t\t\t\t<\/figcaption><\/figure><figure class='gallery-item'>\n\t\t\t<div class='gallery-icon landscape'>\n\t\t\t\t<a href='https:\/\/www.iesneiravilas.es\/arquivo\/?attachment_id=1641'><img loading=\"lazy\" decoding=\"async\" width=\"150\" height=\"150\" src=\"https:\/\/www.iesneiravilas.es\/arquivo\/wp-content\/uploads\/2014\/10\/cecebre08-150x150.jpg\" class=\"attachment-thumbnail size-thumbnail\" alt=\"Fermosas perspectivas do embalse de Cecebre en Crendes. Moitas grazas as monitoras da aula da Natureza pola s\u00faa atenci\u00f3n.\" aria-describedby=\"gallery-1-1641\" \/><\/a>\n\t\t\t<\/div>\n\t\t\t\t<figcaption class='wp-caption-text gallery-caption' id='gallery-1-1641'>\n\t\t\t\tFermosas perspectivas do embalse de Cecebre en Crendes. Moitas grazas as monitoras da aula da Natureza pola s\u00faa atenci\u00f3n.\n\t\t\t\t<\/figcaption><\/figure><figure class='gallery-item'>\n\t\t\t<div class='gallery-icon landscape'>\n\t\t\t\t<a href='https:\/\/www.iesneiravilas.es\/arquivo\/?attachment_id=1642'><img loading=\"lazy\" decoding=\"async\" width=\"150\" height=\"150\" src=\"https:\/\/www.iesneiravilas.es\/arquivo\/wp-content\/uploads\/2014\/10\/cecebre09-150x150.jpg\" class=\"attachment-thumbnail size-thumbnail\" alt=\"Fermosas perspectivas do embalse de Cecebre en Crendes. Moitas grazas as monitoras da aula da Natureza pola s\u00faa atenci\u00f3n.\" aria-describedby=\"gallery-1-1642\" \/><\/a>\n\t\t\t<\/div>\n\t\t\t\t<figcaption class='wp-caption-text gallery-caption' id='gallery-1-1642'>\n\t\t\t\tFermosas perspectivas do embalse de Cecebre en Crendes. Moitas grazas as monitoras da aula da Natureza pola s\u00faa atenci\u00f3n.\n\t\t\t\t<\/figcaption><\/figure><figure class='gallery-item'>\n\t\t\t<div class='gallery-icon landscape'>\n\t\t\t\t<a href='https:\/\/www.iesneiravilas.es\/arquivo\/?attachment_id=1643'><img loading=\"lazy\" decoding=\"async\" width=\"150\" height=\"150\" src=\"https:\/\/www.iesneiravilas.es\/arquivo\/wp-content\/uploads\/2014\/10\/cecebre10-150x150.jpg\" class=\"attachment-thumbnail size-thumbnail\" alt=\"Fermosas perspectivas do embalse de Cecebre en Crendes. Moitas grazas as monitoras da aula da Natureza pola s\u00faa atenci\u00f3n.\" aria-describedby=\"gallery-1-1643\" \/><\/a>\n\t\t\t<\/div>\n\t\t\t\t<figcaption class='wp-caption-text gallery-caption' id='gallery-1-1643'>\n\t\t\t\tFermosas perspectivas do embalse de Cecebre en Crendes. Moitas grazas as monitoras da aula da Natureza pola s\u00faa atenci\u00f3n.\n\t\t\t\t<\/figcaption><\/figure><figure class='gallery-item'>\n\t\t\t<div class='gallery-icon landscape'>\n\t\t\t\t<a href='https:\/\/www.iesneiravilas.es\/arquivo\/?attachment_id=1644'><img loading=\"lazy\" decoding=\"async\" width=\"150\" height=\"150\" src=\"https:\/\/www.iesneiravilas.es\/arquivo\/wp-content\/uploads\/2014\/10\/cecebre11-150x150.jpg\" class=\"attachment-thumbnail size-thumbnail\" alt=\"Fermosas perspectivas do embalse de Cecebre en Crendes. Moitas grazas as monitoras da aula da Natureza pola s\u00faa atenci\u00f3n.\" aria-describedby=\"gallery-1-1644\" \/><\/a>\n\t\t\t<\/div>\n\t\t\t\t<figcaption class='wp-caption-text gallery-caption' id='gallery-1-1644'>\n\t\t\t\tFermosas perspectivas do embalse de Cecebre en Crendes. Moitas grazas as monitoras da aula da Natureza pola s\u00faa atenci\u00f3n.\n\t\t\t\t<\/figcaption><\/figure><figure class='gallery-item'>\n\t\t\t<div class='gallery-icon landscape'>\n\t\t\t\t<a href='https:\/\/www.iesneiravilas.es\/arquivo\/?attachment_id=1645'><img loading=\"lazy\" decoding=\"async\" width=\"150\" height=\"150\" src=\"https:\/\/www.iesneiravilas.es\/arquivo\/wp-content\/uploads\/2014\/10\/cecebre12-150x150.jpg\" class=\"attachment-thumbnail size-thumbnail\" alt=\"Observando as aves desde os postos de observaci\u00f3n.\" aria-describedby=\"gallery-1-1645\" \/><\/a>\n\t\t\t<\/div>\n\t\t\t\t<figcaption class='wp-caption-text gallery-caption' id='gallery-1-1645'>\n\t\t\t\tObservando as aves desde os postos de observaci\u00f3n.\n\t\t\t\t<\/figcaption><\/figure><figure class='gallery-item'>\n\t\t\t<div class='gallery-icon landscape'>\n\t\t\t\t<a href='https:\/\/www.iesneiravilas.es\/arquivo\/?attachment_id=1646'><img loading=\"lazy\" decoding=\"async\" width=\"150\" height=\"150\" src=\"https:\/\/www.iesneiravilas.es\/arquivo\/wp-content\/uploads\/2014\/10\/cecebre13-150x150.jpg\" class=\"attachment-thumbnail size-thumbnail\" alt=\"Observando as aves desde os postos de observaci\u00f3n.\" aria-describedby=\"gallery-1-1646\" \/><\/a>\n\t\t\t<\/div>\n\t\t\t\t<figcaption class='wp-caption-text gallery-caption' id='gallery-1-1646'>\n\t\t\t\tObservando as aves desde os postos de observaci\u00f3n.\n\t\t\t\t<\/figcaption><\/figure><figure class='gallery-item'>\n\t\t\t<div class='gallery-icon landscape'>\n\t\t\t\t<a href='https:\/\/www.iesneiravilas.es\/arquivo\/?attachment_id=1647'><img loading=\"lazy\" decoding=\"async\" width=\"150\" height=\"150\" src=\"https:\/\/www.iesneiravilas.es\/arquivo\/wp-content\/uploads\/2014\/10\/cecebre14-150x150.jpg\" class=\"attachment-thumbnail size-thumbnail\" alt=\"Observando as aves desde os postos de observaci\u00f3n.\" aria-describedby=\"gallery-1-1647\" \/><\/a>\n\t\t\t<\/div>\n\t\t\t\t<figcaption class='wp-caption-text gallery-caption' id='gallery-1-1647'>\n\t\t\t\tObservando as aves desde os postos de observaci\u00f3n.\n\t\t\t\t<\/figcaption><\/figure><figure class='gallery-item'>\n\t\t\t<div class='gallery-icon landscape'>\n\t\t\t\t<a href='https:\/\/www.iesneiravilas.es\/arquivo\/?attachment_id=1648'><img loading=\"lazy\" decoding=\"async\" width=\"150\" height=\"150\" src=\"https:\/\/www.iesneiravilas.es\/arquivo\/wp-content\/uploads\/2014\/10\/cecebre15-150x150.jpg\" class=\"attachment-thumbnail size-thumbnail\" alt=\"Observando aos alumnos desde o posto de observaci\u00f3n de aves.\" aria-describedby=\"gallery-1-1648\" \/><\/a>\n\t\t\t<\/div>\n\t\t\t\t<figcaption class='wp-caption-text gallery-caption' id='gallery-1-1648'>\n\t\t\t\tObservando aos alumnos desde o posto de observaci\u00f3n de aves.\n\t\t\t\t<\/figcaption><\/figure><figure class='gallery-item'>\n\t\t\t<div class='gallery-icon landscape'>\n\t\t\t\t<a href='https:\/\/www.iesneiravilas.es\/arquivo\/?attachment_id=1649'><img loading=\"lazy\" decoding=\"async\" width=\"150\" height=\"150\" src=\"https:\/\/www.iesneiravilas.es\/arquivo\/wp-content\/uploads\/2014\/10\/cecebre16-150x150.jpg\" class=\"attachment-thumbnail size-thumbnail\" alt=\"Observando aos alumnos desde o posto de observaci\u00f3n de aves.\" aria-describedby=\"gallery-1-1649\" \/><\/a>\n\t\t\t<\/div>\n\t\t\t\t<figcaption class='wp-caption-text gallery-caption' id='gallery-1-1649'>\n\t\t\t\tObservando aos alumnos desde o posto de observaci\u00f3n de aves.\n\t\t\t\t<\/figcaption><\/figure><figure class='gallery-item'>\n\t\t\t<div class='gallery-icon landscape'>\n\t\t\t\t<a href='https:\/\/www.iesneiravilas.es\/arquivo\/?attachment_id=1650'><img loading=\"lazy\" decoding=\"async\" width=\"150\" height=\"150\" src=\"https:\/\/www.iesneiravilas.es\/arquivo\/wp-content\/uploads\/2014\/10\/cecebre01-150x150.jpg\" class=\"attachment-thumbnail size-thumbnail\" alt=\"Observando aos alumnos desde o posto de observaci\u00f3n de aves.\" aria-describedby=\"gallery-1-1650\" \/><\/a>\n\t\t\t<\/div>\n\t\t\t\t<figcaption class='wp-caption-text gallery-caption' id='gallery-1-1650'>\n\t\t\t\tObservando aos alumnos desde o posto de observaci\u00f3n de aves.\n\t\t\t\t<\/figcaption><\/figure>\n\t\t<\/div>\n\n","protected":false},"excerpt":{"rendered":"<p>O d\u00eda venres 19 de outubro de 2007 1\u00baA e 1\u00baB da ESO participaron nunha visita organizada polos Departamentos de Lingua Castela e Educaci\u00f3n F\u00edsica F\u00edsica ao bosque animado de Cecebre, Villa Florentina e aula da natureza de Crendes (Abegondo).<\/p>\n","protected":false},"author":1,"featured_media":0,"comment_status":"closed","ping_status":"open","sticky":false,"template":"","format":"standard","meta":{"footnotes":""},"categories":[17,142,135,152],"tags":[288,286,287],"class_list":["post-1634","post","type-post","status-publish","format-standard","hentry","category-actividades","category-curso","category-curso-2007-2008","category-excursionvisita","tag-o-bosque-animado","tag-villa-florentina","tag-wenceslao-fernandez-florez"],"_links":{"self":[{"href":"https:\/\/www.iesneiravilas.es\/arquivo\/index.php?rest_route=\/wp\/v2\/posts\/1634","targetHints":{"allow":["GET"]}}],"collection":[{"href":"https:\/\/www.iesneiravilas.es\/arquivo\/index.php?rest_route=\/wp\/v2\/posts"}],"about":[{"href":"https:\/\/www.iesneiravilas.es\/arquivo\/index.php?rest_route=\/wp\/v2\/types\/post"}],"author":[{"embeddable":true,"href":"https:\/\/www.iesneiravilas.es\/arquivo\/index.php?rest_route=\/wp\/v2\/users\/1"}],"replies":[{"embeddable":true,"href":"https:\/\/www.iesneiravilas.es\/arquivo\/index.php?rest_route=%2Fwp%2Fv2%2Fcomments&post=1634"}],"version-history":[{"count":1,"href":"https:\/\/www.iesneiravilas.es\/arquivo\/index.php?rest_route=\/wp\/v2\/posts\/1634\/revisions"}],"predecessor-version":[{"id":1651,"href":"https:\/\/www.iesneiravilas.es\/arquivo\/index.php?rest_route=\/wp\/v2\/posts\/1634\/revisions\/1651"}],"wp:attachment":[{"href":"https:\/\/www.iesneiravilas.es\/arquivo\/index.php?rest_route=%2Fwp%2Fv2%2Fmedia&parent=1634"}],"wp:term":[{"taxonomy":"category","embeddable":true,"href":"https:\/\/www.iesneiravilas.es\/arquivo\/index.php?rest_route=%2Fwp%2Fv2%2Fcategories&post=1634"},{"taxonomy":"post_tag","embeddable":true,"href":"https:\/\/www.iesneiravilas.es\/arquivo\/index.php?rest_route=%2Fwp%2Fv2%2Ftags&post=1634"}],"curies":[{"name":"wp","href":"https:\/\/api.w.org\/{rel}","templated":true}]}}