{"id":1700,"date":"2008-01-19T11:33:16","date_gmt":"2008-01-19T09:33:16","guid":{"rendered":"http:\/\/www.iesneiravilas.es\/arquivo\/?p=1700"},"modified":"2014-10-16T09:03:11","modified_gmt":"2014-10-16T07:03:11","slug":"visita-a-sogama","status":"publish","type":"post","link":"https:\/\/www.iesneiravilas.es\/arquivo\/?p=1700","title":{"rendered":"Visita a SOGAMA"},"content":{"rendered":"<figure id=\"attachment_1701\" aria-describedby=\"caption-attachment-1701\" style=\"width: 300px\" class=\"wp-caption alignright\"><a href=\"http:\/\/www.iesneiravilas.es\/arquivo\/wp-content\/uploads\/2014\/10\/sogama1.jpg\"><img loading=\"lazy\" decoding=\"async\" class=\"size-medium wp-image-1701\" src=\"http:\/\/www.iesneiravilas.es\/arquivo\/wp-content\/uploads\/2014\/10\/sogama1-300x225.jpg\" alt=\"1. Presentaci\u00f3n de la maqueta\" width=\"300\" height=\"225\" srcset=\"https:\/\/www.iesneiravilas.es\/arquivo\/wp-content\/uploads\/2014\/10\/sogama1-300x225.jpg 300w, https:\/\/www.iesneiravilas.es\/arquivo\/wp-content\/uploads\/2014\/10\/sogama1.jpg 1024w\" sizes=\"auto, (max-width: 300px) 100vw, 300px\" \/><\/a><figcaption id=\"caption-attachment-1701\" class=\"wp-caption-text\">1. Presentaci\u00f3n de la maqueta<\/figcaption><\/figure>\n<p>El departamento de ciencias organiz\u00f3, el pasado 18 de enero, una visista dirigida a los alumnos de 4\u00ba de E.S.O. y 2\u00ba de Bachillerato (de la opci\u00f3n de ciencias) al complejo medioambiental de Sogama. Las instalaciones tienen capacidad para tratar 550.000 toneladas de residuos urbanos al a\u00f1o y da empleo a un millar de personas. En este complejo se lleva a cabo la separaci\u00f3n de los materiales reciclables (que se entregan a distintas empresas para recuperarlos) y tambi\u00e9n se extrae energ\u00eda el\u00e9ctrica de la fracci\u00f3n no reciclable.<\/p>\n<p>La visista comenz\u00f3 aproximadamente a las 12:00 de la ma\u00f1ana, hora en la que llegamos a las instalaciones del complejo medioambiental situado en Cerceda. Tras una peque\u00f1a charla de las monitoras, en la que se nos mostraron en una maqueta (foto 1) la distribuci\u00f3n de las instalaciones y los aspectos b\u00e1sicos de su funcionamiento, nos dividimos en 2 grupos e iniciamos el recorrido por las distintas naves (se nos recomend\u00f3 el uso de casco como medida protectora; foto 2)<\/p>\n<p>Pudimos comprobar in situ como una veintena de mujeres manipulan la basura (foto 3) procedente del colector de recogida selectiva que llega a la planta de clasificaci\u00f3n de envases ligeros (donde se recupera los envases de pl\u00e1stico, bricks y latas; fotos 4-5-6)<\/p>\n<figure id=\"attachment_1702\" aria-describedby=\"caption-attachment-1702\" style=\"width: 300px\" class=\"wp-caption alignleft\"><a href=\"http:\/\/www.iesneiravilas.es\/arquivo\/wp-content\/uploads\/2014\/10\/sogama2.jpg\"><img loading=\"lazy\" decoding=\"async\" class=\"size-medium wp-image-1702\" src=\"http:\/\/www.iesneiravilas.es\/arquivo\/wp-content\/uploads\/2014\/10\/sogama2-300x225.jpg\" alt=\"2. Iniciamos la visita\" width=\"300\" height=\"225\" srcset=\"https:\/\/www.iesneiravilas.es\/arquivo\/wp-content\/uploads\/2014\/10\/sogama2-300x225.jpg 300w, https:\/\/www.iesneiravilas.es\/arquivo\/wp-content\/uploads\/2014\/10\/sogama2.jpg 1024w\" sizes=\"auto, (max-width: 300px) 100vw, 300px\" \/><\/a><figcaption id=\"caption-attachment-1702\" class=\"wp-caption-text\">2. Iniciamos la visita<\/figcaption><\/figure>\n<p>Mas tarde nos mostraron dos enormes fosas (foto 7) donde se almacenan los residuos inservibles que van a ser incinerados. Dichos restos deben someterse previamente a un proceso de secado para que puedan arder (foto 8). El material obtenido, que se denomina CDR (combustible derivado de residuos), pasa a un enorme almac\u00e9n (foto 9)que surte a la planta termoel\u00e9ctrica (foto 10-11) de la que se extrae energ\u00eda suficiente par abastecer a una ciudad como La Coru\u00f1a (foto 12)<\/p>\n<p>Finalmente nos mostraron el vertedero donde se almacenan las cenizas que resultan de la combusti\u00f3n de la basura (foto13)<\/p>\n<p>La necesidad de proteger el medio ambiente se ha convertido en una de las prioridades y preocupaciones de la sociedad actual. La colaboraci\u00f3n de los ciudadanos es esencial para minimizar la producci\u00f3n de basura y propiciar su reciclaje. Por ello consideramos que este tipo de visitas es fundamental para implicar a los j\u00f3venes y mostrarles el modo en que pueden colaborar activamente al desarrollo sostenido de Galicia.<\/p>\n<div id='gallery-1' class='gallery galleryid-1700 gallery-columns-3 gallery-size-thumbnail'><figure class='gallery-item'>\n\t\t\t<div class='gallery-icon landscape'>\n\t\t\t\t<a href='https:\/\/www.iesneiravilas.es\/arquivo\/?attachment_id=1703'><img loading=\"lazy\" decoding=\"async\" width=\"150\" height=\"150\" src=\"https:\/\/www.iesneiravilas.es\/arquivo\/wp-content\/uploads\/2014\/10\/sogama3-150x150.jpg\" class=\"attachment-thumbnail size-thumbnail\" alt=\"3. Operadoras clasificando la basura\" aria-describedby=\"gallery-1-1703\" \/><\/a>\n\t\t\t<\/div>\n\t\t\t\t<figcaption class='wp-caption-text gallery-caption' id='gallery-1-1703'>\n\t\t\t\t3. Operadoras clasificando la basura\n\t\t\t\t<\/figcaption><\/figure><figure class='gallery-item'>\n\t\t\t<div class='gallery-icon landscape'>\n\t\t\t\t<a href='https:\/\/www.iesneiravilas.es\/arquivo\/?attachment_id=1704'><img loading=\"lazy\" decoding=\"async\" width=\"150\" height=\"150\" src=\"https:\/\/www.iesneiravilas.es\/arquivo\/wp-content\/uploads\/2014\/10\/sogama4-150x150.jpg\" class=\"attachment-thumbnail size-thumbnail\" alt=\"4. Balas de basura clasificada\" aria-describedby=\"gallery-1-1704\" \/><\/a>\n\t\t\t<\/div>\n\t\t\t\t<figcaption class='wp-caption-text gallery-caption' id='gallery-1-1704'>\n\t\t\t\t4. Balas de basura clasificada\n\t\t\t\t<\/figcaption><\/figure><figure class='gallery-item'>\n\t\t\t<div class='gallery-icon landscape'>\n\t\t\t\t<a href='https:\/\/www.iesneiravilas.es\/arquivo\/?attachment_id=1705'><img loading=\"lazy\" decoding=\"async\" width=\"150\" height=\"150\" src=\"https:\/\/www.iesneiravilas.es\/arquivo\/wp-content\/uploads\/2014\/10\/sogama5-150x150.jpg\" class=\"attachment-thumbnail size-thumbnail\" alt=\"5. Bricks\" aria-describedby=\"gallery-1-1705\" \/><\/a>\n\t\t\t<\/div>\n\t\t\t\t<figcaption class='wp-caption-text gallery-caption' id='gallery-1-1705'>\n\t\t\t\t5. Bricks\n\t\t\t\t<\/figcaption><\/figure><figure class='gallery-item'>\n\t\t\t<div class='gallery-icon landscape'>\n\t\t\t\t<a href='https:\/\/www.iesneiravilas.es\/arquivo\/?attachment_id=1706'><img loading=\"lazy\" decoding=\"async\" width=\"150\" height=\"150\" src=\"https:\/\/www.iesneiravilas.es\/arquivo\/wp-content\/uploads\/2014\/10\/sogama6-150x150.jpg\" class=\"attachment-thumbnail size-thumbnail\" alt=\"6. Tipos de materiales\" aria-describedby=\"gallery-1-1706\" \/><\/a>\n\t\t\t<\/div>\n\t\t\t\t<figcaption class='wp-caption-text gallery-caption' id='gallery-1-1706'>\n\t\t\t\t6. Tipos de materiales\n\t\t\t\t<\/figcaption><\/figure><figure class='gallery-item'>\n\t\t\t<div class='gallery-icon portrait'>\n\t\t\t\t<a href='https:\/\/www.iesneiravilas.es\/arquivo\/?attachment_id=1707'><img loading=\"lazy\" decoding=\"async\" width=\"150\" height=\"150\" src=\"https:\/\/www.iesneiravilas.es\/arquivo\/wp-content\/uploads\/2014\/10\/sogama7-150x150.jpg\" class=\"attachment-thumbnail size-thumbnail\" alt=\"7. Fosa de recogida de restos org\u00e1nicos\" aria-describedby=\"gallery-1-1707\" srcset=\"https:\/\/www.iesneiravilas.es\/arquivo\/wp-content\/uploads\/2014\/10\/sogama7-150x150.jpg 150w, https:\/\/www.iesneiravilas.es\/arquivo\/wp-content\/uploads\/2014\/10\/sogama7-576x576.jpg 576w\" sizes=\"auto, (max-width: 150px) 100vw, 150px\" \/><\/a>\n\t\t\t<\/div>\n\t\t\t\t<figcaption class='wp-caption-text gallery-caption' id='gallery-1-1707'>\n\t\t\t\t7. Fosa de recogida de restos org\u00e1nicos\n\t\t\t\t<\/figcaption><\/figure><figure class='gallery-item'>\n\t\t\t<div class='gallery-icon landscape'>\n\t\t\t\t<a href='https:\/\/www.iesneiravilas.es\/arquivo\/?attachment_id=1708'><img loading=\"lazy\" decoding=\"async\" width=\"150\" height=\"150\" src=\"https:\/\/www.iesneiravilas.es\/arquivo\/wp-content\/uploads\/2014\/10\/sogama8-150x150.jpg\" class=\"attachment-thumbnail size-thumbnail\" alt=\"8. Vapor de agua procedente del segado de la basura\" aria-describedby=\"gallery-1-1708\" \/><\/a>\n\t\t\t<\/div>\n\t\t\t\t<figcaption class='wp-caption-text gallery-caption' id='gallery-1-1708'>\n\t\t\t\t8. Vapor de agua procedente del segado de la basura\n\t\t\t\t<\/figcaption><\/figure><figure class='gallery-item'>\n\t\t\t<div class='gallery-icon landscape'>\n\t\t\t\t<a href='https:\/\/www.iesneiravilas.es\/arquivo\/?attachment_id=1709'><img loading=\"lazy\" decoding=\"async\" width=\"150\" height=\"150\" src=\"https:\/\/www.iesneiravilas.es\/arquivo\/wp-content\/uploads\/2014\/10\/sogama9-150x150.jpg\" class=\"attachment-thumbnail size-thumbnail\" alt=\"9. Almac\u00e9n de CDR\" aria-describedby=\"gallery-1-1709\" \/><\/a>\n\t\t\t<\/div>\n\t\t\t\t<figcaption class='wp-caption-text gallery-caption' id='gallery-1-1709'>\n\t\t\t\t9. Almac\u00e9n de CDR\n\t\t\t\t<\/figcaption><\/figure><figure class='gallery-item'>\n\t\t\t<div class='gallery-icon landscape'>\n\t\t\t\t<a href='https:\/\/www.iesneiravilas.es\/arquivo\/?attachment_id=1710'><img loading=\"lazy\" decoding=\"async\" width=\"150\" height=\"150\" src=\"https:\/\/www.iesneiravilas.es\/arquivo\/wp-content\/uploads\/2014\/10\/sogama10-150x150.jpg\" class=\"attachment-thumbnail size-thumbnail\" alt=\"10. Transporte de CDR hasta la central termoel\u00e9ctrica\" aria-describedby=\"gallery-1-1710\" \/><\/a>\n\t\t\t<\/div>\n\t\t\t\t<figcaption class='wp-caption-text gallery-caption' id='gallery-1-1710'>\n\t\t\t\t10. Transporte de CDR hasta la central termoel\u00e9ctrica\n\t\t\t\t<\/figcaption><\/figure><figure class='gallery-item'>\n\t\t\t<div class='gallery-icon portrait'>\n\t\t\t\t<a href='https:\/\/www.iesneiravilas.es\/arquivo\/?attachment_id=1711'><img loading=\"lazy\" decoding=\"async\" width=\"150\" height=\"150\" src=\"https:\/\/www.iesneiravilas.es\/arquivo\/wp-content\/uploads\/2014\/10\/sogama11-150x150.jpg\" class=\"attachment-thumbnail size-thumbnail\" alt=\"11. Planta termoel\u00e9ctrica\" aria-describedby=\"gallery-1-1711\" \/><\/a>\n\t\t\t<\/div>\n\t\t\t\t<figcaption class='wp-caption-text gallery-caption' id='gallery-1-1711'>\n\t\t\t\t11. Planta termoel\u00e9ctrica\n\t\t\t\t<\/figcaption><\/figure><figure class='gallery-item'>\n\t\t\t<div class='gallery-icon landscape'>\n\t\t\t\t<a href='https:\/\/www.iesneiravilas.es\/arquivo\/?attachment_id=1712'><img loading=\"lazy\" decoding=\"async\" width=\"150\" height=\"150\" src=\"https:\/\/www.iesneiravilas.es\/arquivo\/wp-content\/uploads\/2014\/10\/sogama12-150x150.jpg\" class=\"attachment-thumbnail size-thumbnail\" alt=\"12. Subestaci\u00f3n el\u00e9ctrica\" aria-describedby=\"gallery-1-1712\" \/><\/a>\n\t\t\t<\/div>\n\t\t\t\t<figcaption class='wp-caption-text gallery-caption' id='gallery-1-1712'>\n\t\t\t\t12. Subestaci\u00f3n el\u00e9ctrica\n\t\t\t\t<\/figcaption><\/figure><figure class='gallery-item'>\n\t\t\t<div class='gallery-icon landscape'>\n\t\t\t\t<a href='https:\/\/www.iesneiravilas.es\/arquivo\/?attachment_id=1713'><img loading=\"lazy\" decoding=\"async\" width=\"150\" height=\"150\" src=\"https:\/\/www.iesneiravilas.es\/arquivo\/wp-content\/uploads\/2014\/10\/sogama13-150x150.jpg\" class=\"attachment-thumbnail size-thumbnail\" alt=\"13. Vertedero de cenizas\" aria-describedby=\"gallery-1-1713\" \/><\/a>\n\t\t\t<\/div>\n\t\t\t\t<figcaption class='wp-caption-text gallery-caption' id='gallery-1-1713'>\n\t\t\t\t13. Vertedero de cenizas\n\t\t\t\t<\/figcaption><\/figure>\n\t\t<\/div>\n\n","protected":false},"excerpt":{"rendered":"<p>El departamento de ciencias organiz\u00f3, el pasado 18 de enero, una visista dirigida a los alumnos de 4\u00ba de E.S.O. y 2\u00ba de Bachillerato (de la opci\u00f3n de ciencias) al complejo medioambiental de Sogama. Las instalaciones tienen capacidad para tratar 550.000 toneladas de residuos urbanos al a\u00f1o y da empleo a un millar de personas. &hellip; <a href=\"https:\/\/www.iesneiravilas.es\/arquivo\/?p=1700\" class=\"more-link\">Seguir lendo <span class=\"screen-reader-text\">Visita a SOGAMA<\/span> <span class=\"meta-nav\">&rarr;<\/span><\/a><\/p>\n","protected":false},"author":1,"featured_media":0,"comment_status":"closed","ping_status":"open","sticky":false,"template":"","format":"standard","meta":{"footnotes":""},"categories":[17,142,135,152],"tags":[304],"class_list":["post-1700","post","type-post","status-publish","format-standard","hentry","category-actividades","category-curso","category-curso-2007-2008","category-excursionvisita","tag-sogama"],"_links":{"self":[{"href":"https:\/\/www.iesneiravilas.es\/arquivo\/index.php?rest_route=\/wp\/v2\/posts\/1700","targetHints":{"allow":["GET"]}}],"collection":[{"href":"https:\/\/www.iesneiravilas.es\/arquivo\/index.php?rest_route=\/wp\/v2\/posts"}],"about":[{"href":"https:\/\/www.iesneiravilas.es\/arquivo\/index.php?rest_route=\/wp\/v2\/types\/post"}],"author":[{"embeddable":true,"href":"https:\/\/www.iesneiravilas.es\/arquivo\/index.php?rest_route=\/wp\/v2\/users\/1"}],"replies":[{"embeddable":true,"href":"https:\/\/www.iesneiravilas.es\/arquivo\/index.php?rest_route=%2Fwp%2Fv2%2Fcomments&post=1700"}],"version-history":[{"count":1,"href":"https:\/\/www.iesneiravilas.es\/arquivo\/index.php?rest_route=\/wp\/v2\/posts\/1700\/revisions"}],"predecessor-version":[{"id":1714,"href":"https:\/\/www.iesneiravilas.es\/arquivo\/index.php?rest_route=\/wp\/v2\/posts\/1700\/revisions\/1714"}],"wp:attachment":[{"href":"https:\/\/www.iesneiravilas.es\/arquivo\/index.php?rest_route=%2Fwp%2Fv2%2Fmedia&parent=1700"}],"wp:term":[{"taxonomy":"category","embeddable":true,"href":"https:\/\/www.iesneiravilas.es\/arquivo\/index.php?rest_route=%2Fwp%2Fv2%2Fcategories&post=1700"},{"taxonomy":"post_tag","embeddable":true,"href":"https:\/\/www.iesneiravilas.es\/arquivo\/index.php?rest_route=%2Fwp%2Fv2%2Ftags&post=1700"}],"curies":[{"name":"wp","href":"https:\/\/api.w.org\/{rel}","templated":true}]}}