{"id":1731,"date":"2009-05-23T17:13:12","date_gmt":"2009-05-23T15:13:12","guid":{"rendered":"http:\/\/www.iesneiravilas.es\/arquivo\/?p=1731"},"modified":"2014-10-14T17:17:44","modified_gmt":"2014-10-14T15:17:44","slug":"primeiro-encontro-cientifico-corunacern","status":"publish","type":"post","link":"https:\/\/www.iesneiravilas.es\/arquivo\/?p=1731","title":{"rendered":"Primeiro Encontro Cient\u00edfico CORU\u00d1ACERN"},"content":{"rendered":"<p><figure id=\"attachment_1732\" aria-describedby=\"caption-attachment-1732\" style=\"width: 300px\" class=\"wp-caption alignleft\"><a href=\"http:\/\/www.iesneiravilas.es\/arquivo\/wp-content\/uploads\/2014\/10\/h23c6f1.jpg\"><img loading=\"lazy\" decoding=\"async\" class=\"wp-image-1732 size-medium\" src=\"http:\/\/www.iesneiravilas.es\/arquivo\/wp-content\/uploads\/2014\/10\/h23c6f1-300x222.jpg\" alt=\"Mar Capeans e parte do alumnado asistente. [Foto de La Voz de Galicia]\" width=\"300\" height=\"222\" srcset=\"https:\/\/www.iesneiravilas.es\/arquivo\/wp-content\/uploads\/2014\/10\/h23c6f1-300x222.jpg 300w, https:\/\/www.iesneiravilas.es\/arquivo\/wp-content\/uploads\/2014\/10\/h23c6f1.jpg 316w\" sizes=\"auto, (max-width: 300px) 100vw, 300px\" \/><\/a><figcaption id=\"caption-attachment-1732\" class=\"wp-caption-text\">Mar Capeans e parte do alumnado asistente. [Foto de La Voz de Galicia]<\/figcaption><\/figure>Alumnos de f\u00edsica e qu\u00edmica de 1\u00ba de Bacharelato asistiron o d\u00eda 22 de maio no Centro Social dos Mallos ao Primeiro Encontro Cient\u00edfico CORU\u00d1ACERN. Esta actividade cient\u00edfica organizada polo IES Urbano Lugr\u00eds, pretende dar a co\u00f1ecer o CERN, siglas empregadas para referirse \u00e1 &#8220;Organizaci\u00f3n Europea para a Investigaci\u00f3n Nuclear&#8221;, e tam\u00e9n espertar vocaci\u00f3ns cient\u00edficas nos alumnos dos \u00faltimos cursos do ensino secundario.<\/p>\n<div class=\"caja\">\n<h4>Programa de Actividades<\/h4>\n<ol>\n<li><em>Conferencia <\/em>: Susana Mataix. Que \u00e9 o CERN?<\/li>\n<li><em>Conferencia <\/em>: Margarita Cimadevila. Science, Art &amp; CERN.<\/li>\n<li><em>Conferencia<\/em>: Mar Cape\u00e1ns. Experimento ATLAS: o so\u00f1o acadado.<\/li>\n<li><em>Obradoiro <\/em>: Francisco Barradas. Visionado de neutrinos en C\u00e1mara de N\u00e9boa.<\/li>\n<\/ol>\n<\/div>\n<p>A noticia en &#8220;<a href=\"http:\/\/www.lavozdegalicia.es\/coruna\/2009\/05\/23\/0003_7736706.htm\">La Voz de Galicia<\/a>&#8220;<\/p>\n","protected":false},"excerpt":{"rendered":"<p>Alumnos de f\u00edsica e qu\u00edmica de 1\u00ba de Bacharelato asistiron o d\u00eda 22 de maio no Centro Social dos Mallos ao Primeiro Encontro Cient\u00edfico CORU\u00d1ACERN. Esta actividade cient\u00edfica organizada polo IES Urbano Lugr\u00eds, pretende dar a co\u00f1ecer o CERN, siglas empregadas para referirse \u00e1 &#8220;Organizaci\u00f3n Europea para a Investigaci\u00f3n Nuclear&#8221;, e tam\u00e9n espertar vocaci\u00f3ns cient\u00edficas &hellip; <a href=\"https:\/\/www.iesneiravilas.es\/arquivo\/?p=1731\" class=\"more-link\">Seguir lendo <span class=\"screen-reader-text\">Primeiro Encontro Cient\u00edfico CORU\u00d1ACERN<\/span> <span class=\"meta-nav\">&rarr;<\/span><\/a><\/p>\n","protected":false},"author":1,"featured_media":0,"comment_status":"closed","ping_status":"open","sticky":false,"template":"","format":"standard","meta":{"footnotes":""},"categories":[17,142,134,67],"tags":[308,310,309],"class_list":["post-1731","post","type-post","status-publish","format-standard","hentry","category-actividades","category-curso","category-curso-2008-2009","category-encontro","tag-corunacern","tag-ies-urbano-lugris","tag-mar-capeans"],"_links":{"self":[{"href":"https:\/\/www.iesneiravilas.es\/arquivo\/index.php?rest_route=\/wp\/v2\/posts\/1731","targetHints":{"allow":["GET"]}}],"collection":[{"href":"https:\/\/www.iesneiravilas.es\/arquivo\/index.php?rest_route=\/wp\/v2\/posts"}],"about":[{"href":"https:\/\/www.iesneiravilas.es\/arquivo\/index.php?rest_route=\/wp\/v2\/types\/post"}],"author":[{"embeddable":true,"href":"https:\/\/www.iesneiravilas.es\/arquivo\/index.php?rest_route=\/wp\/v2\/users\/1"}],"replies":[{"embeddable":true,"href":"https:\/\/www.iesneiravilas.es\/arquivo\/index.php?rest_route=%2Fwp%2Fv2%2Fcomments&post=1731"}],"version-history":[{"count":1,"href":"https:\/\/www.iesneiravilas.es\/arquivo\/index.php?rest_route=\/wp\/v2\/posts\/1731\/revisions"}],"predecessor-version":[{"id":1733,"href":"https:\/\/www.iesneiravilas.es\/arquivo\/index.php?rest_route=\/wp\/v2\/posts\/1731\/revisions\/1733"}],"wp:attachment":[{"href":"https:\/\/www.iesneiravilas.es\/arquivo\/index.php?rest_route=%2Fwp%2Fv2%2Fmedia&parent=1731"}],"wp:term":[{"taxonomy":"category","embeddable":true,"href":"https:\/\/www.iesneiravilas.es\/arquivo\/index.php?rest_route=%2Fwp%2Fv2%2Fcategories&post=1731"},{"taxonomy":"post_tag","embeddable":true,"href":"https:\/\/www.iesneiravilas.es\/arquivo\/index.php?rest_route=%2Fwp%2Fv2%2Ftags&post=1731"}],"curies":[{"name":"wp","href":"https:\/\/api.w.org\/{rel}","templated":true}]}}