{"id":1734,"date":"2009-04-14T17:23:01","date_gmt":"2009-04-14T15:23:01","guid":{"rendered":"http:\/\/www.iesneiravilas.es\/arquivo\/?p=1734"},"modified":"2014-10-14T17:32:07","modified_gmt":"2014-10-14T15:32:07","slug":"semana-intercultural","status":"publish","type":"post","link":"https:\/\/www.iesneiravilas.es\/arquivo\/?p=1734","title":{"rendered":"Semana Intercultural"},"content":{"rendered":"<p><a href=\"http:\/\/www.iesneiravilas.es\/arquivo\/wp-content\/uploads\/2014\/10\/semana_intercultural_2009.pdf\"><img loading=\"lazy\" decoding=\"async\" class=\"alignleft wp-image-1735 size-full\" src=\"http:\/\/www.iesneiravilas.es\/arquivo\/wp-content\/uploads\/2014\/10\/semana_intercultural.jpg\" alt=\"Tr\u00edptico informativo\" width=\"300\" height=\"207\" \/><\/a>Era marzo, amencendo abril. Tempo de aprendizaxe e lecer, tempo de recepci\u00f3n e exposici\u00f3n. Mentres unha exposici\u00f3n sobre a muller innovadora na ciencia se exhib\u00eda no corredor inferior, mentres alumnado de diversos cursos participaban nun intercambio cun centro bret\u00f3n, alumnado e profesorado do IES Neira Vilas debullaba e asimilaba os variados co\u00f1ecementos e visitas que no centro se teceron na Semana Intercultural 2009.<\/p>\n<p>Do 30 de marzo ao 3 de abril tiveron lugar toda unha serie de actividades que integraron letras e ciencias, que nos acompa\u00f1aron nun paseo pola cultura e o entretenemento. Falouse de trasplantes, da loita da muller polos seus dereitos, de aforro enerx\u00e9tico, de experiencias cient\u00edficas, da meteorolox\u00eda nas obras de Verne, do surf, do decrecemento, da astronom\u00eda, de Darwin&#8230; Comemos sopas de diversos lugares do mundo, tan variados como a procedencia do noso alumnado, percorremos boa parte dese mundo na proxecci\u00f3n cl\u00e1sica de \u201cA volta ao mundo en oitenta d\u00edas\u201d (1956), aprendemos da nosa contorna con sa\u00eddas para concienciarnos sobre a necesidade de reciclar. Todo un rebumbio cultural que non queremos deixar de repetir cada ano.<\/p>\n<p>Por iso ten que quedar na nosa lembranza este momento, porque a colaboraci\u00f3n do profesorado foi excepcional, porque a participaci\u00f3n do alumnado foi exquisita -e non s\u00f3 do noso, tam\u00e9n tivemos visita dos nosos veci\u00f1os de Bastiagueiro, do IES Mar\u00eda Casares-, porque a colaboraci\u00f3n desinteresada dos diversos po\u00f1entes foi un agasallo.<\/p>\n<p>\u00c9 tempo de agradecer a todo o mundo o seu esforzo, sen esquecerse de ningu\u00e9n: alumnado, profesorado, concelleira, membros do CEFORE, conserxes, limpadoras. Isto non fixo m\u00e1is que comezar. O ano vindeiro, M\u00c1IS!!!<\/p>\n<p>&nbsp;<\/p>\n<div id='gallery-1' class='gallery galleryid-1734 gallery-columns-3 gallery-size-thumbnail'><figure class='gallery-item'>\n\t\t\t<div class='gallery-icon landscape'>\n\t\t\t\t<a href='https:\/\/www.iesneiravilas.es\/arquivo\/?attachment_id=1739'><img loading=\"lazy\" decoding=\"async\" width=\"150\" height=\"150\" src=\"https:\/\/www.iesneiravilas.es\/arquivo\/wp-content\/uploads\/2014\/10\/actividades_tecnoloxia-150x150.jpg\" class=\"attachment-thumbnail size-thumbnail\" alt=\"actividades de tecnolox\u00eda\" aria-describedby=\"gallery-1-1739\" \/><\/a>\n\t\t\t<\/div>\n\t\t\t\t<figcaption class='wp-caption-text gallery-caption' id='gallery-1-1739'>\n\t\t\t\tactividades de tecnolox\u00eda\n\t\t\t\t<\/figcaption><\/figure><figure class='gallery-item'>\n\t\t\t<div class='gallery-icon landscape'>\n\t\t\t\t<a href='https:\/\/www.iesneiravilas.es\/arquivo\/?attachment_id=1740'><img loading=\"lazy\" decoding=\"async\" width=\"150\" height=\"150\" src=\"https:\/\/www.iesneiravilas.es\/arquivo\/wp-content\/uploads\/2014\/10\/maxia_non_ciencia-150x150.jpg\" class=\"attachment-thumbnail size-thumbnail\" alt=\"Maxia? non, Ciencia\" aria-describedby=\"gallery-1-1740\" \/><\/a>\n\t\t\t<\/div>\n\t\t\t\t<figcaption class='wp-caption-text gallery-caption' id='gallery-1-1740'>\n\t\t\t\tMaxia? non, Ciencia\n\t\t\t\t<\/figcaption><\/figure><figure class='gallery-item'>\n\t\t\t<div class='gallery-icon landscape'>\n\t\t\t\t<a href='https:\/\/www.iesneiravilas.es\/arquivo\/?attachment_id=1741'><img loading=\"lazy\" decoding=\"async\" width=\"150\" height=\"150\" src=\"https:\/\/www.iesneiravilas.es\/arquivo\/wp-content\/uploads\/2014\/10\/astronomia-150x150.jpg\" class=\"attachment-thumbnail size-thumbnail\" alt=\"Conferencia de astronom\u00eda\" aria-describedby=\"gallery-1-1741\" \/><\/a>\n\t\t\t<\/div>\n\t\t\t\t<figcaption class='wp-caption-text gallery-caption' id='gallery-1-1741'>\n\t\t\t\tConferencia de astronom\u00eda\n\t\t\t\t<\/figcaption><\/figure><figure class='gallery-item'>\n\t\t\t<div class='gallery-icon landscape'>\n\t\t\t\t<a href='https:\/\/www.iesneiravilas.es\/arquivo\/?attachment_id=1742'><img loading=\"lazy\" decoding=\"async\" width=\"150\" height=\"150\" src=\"https:\/\/www.iesneiravilas.es\/arquivo\/wp-content\/uploads\/2014\/10\/globalizacion_decrecemento-150x150.jpg\" class=\"attachment-thumbnail size-thumbnail\" alt=\"Conferencia de Carlos Taibo: &quot;Globalizaci\u00f3n e Decrecemento&quot;\" aria-describedby=\"gallery-1-1742\" \/><\/a>\n\t\t\t<\/div>\n\t\t\t\t<figcaption class='wp-caption-text gallery-caption' id='gallery-1-1742'>\n\t\t\t\tConferencia de Carlos Taibo: &#8220;Globalizaci\u00f3n e Decrecemento&#8221;\n\t\t\t\t<\/figcaption><\/figure><figure class='gallery-item'>\n\t\t\t<div class='gallery-icon landscape'>\n\t\t\t\t<a href='https:\/\/www.iesneiravilas.es\/arquivo\/?attachment_id=1743'><img loading=\"lazy\" decoding=\"async\" width=\"150\" height=\"150\" src=\"https:\/\/www.iesneiravilas.es\/arquivo\/wp-content\/uploads\/2014\/10\/meteoroloxia_nas_obras_de_verne-150x150.jpg\" class=\"attachment-thumbnail size-thumbnail\" alt=\"Conferencia:&quot;Metereolox\u00eda nas obras de Jules Verne&quot;\" aria-describedby=\"gallery-1-1743\" \/><\/a>\n\t\t\t<\/div>\n\t\t\t\t<figcaption class='wp-caption-text gallery-caption' id='gallery-1-1743'>\n\t\t\t\tConferencia:&#8221;Metereolox\u00eda nas obras de Jules Verne&#8221;\n\t\t\t\t<\/figcaption><\/figure><figure class='gallery-item'>\n\t\t\t<div class='gallery-icon landscape'>\n\t\t\t\t<a href='https:\/\/www.iesneiravilas.es\/arquivo\/?attachment_id=1744'><img loading=\"lazy\" decoding=\"async\" width=\"150\" height=\"150\" src=\"https:\/\/www.iesneiravilas.es\/arquivo\/wp-content\/uploads\/2014\/10\/mulleres_e_dereitos_carme_alvarino-150x150.jpg\" class=\"attachment-thumbnail size-thumbnail\" alt=\"Conferencia de Carme Alvari\u00f1o: &quot;Mulleres e Dereitos&quot;\" aria-describedby=\"gallery-1-1744\" \/><\/a>\n\t\t\t<\/div>\n\t\t\t\t<figcaption class='wp-caption-text gallery-caption' id='gallery-1-1744'>\n\t\t\t\tConferencia de Carme Alvari\u00f1o: &#8220;Mulleres e Dereitos&#8221;\n\t\t\t\t<\/figcaption><\/figure><figure class='gallery-item'>\n\t\t\t<div class='gallery-icon landscape'>\n\t\t\t\t<a href='https:\/\/www.iesneiravilas.es\/arquivo\/?attachment_id=1745'><img loading=\"lazy\" decoding=\"async\" width=\"150\" height=\"150\" src=\"https:\/\/www.iesneiravilas.es\/arquivo\/wp-content\/uploads\/2014\/10\/sopas_sen_fronteiras-150x150.jpg\" class=\"attachment-thumbnail size-thumbnail\" alt=\"Sopas sen fronteiras\" aria-describedby=\"gallery-1-1745\" \/><\/a>\n\t\t\t<\/div>\n\t\t\t\t<figcaption class='wp-caption-text gallery-caption' id='gallery-1-1745'>\n\t\t\t\tSopas sen fronteiras\n\t\t\t\t<\/figcaption><\/figure><figure class='gallery-item'>\n\t\t\t<div class='gallery-icon landscape'>\n\t\t\t\t<a href='https:\/\/www.iesneiravilas.es\/arquivo\/?attachment_id=1746'><img loading=\"lazy\" decoding=\"async\" width=\"150\" height=\"150\" src=\"https:\/\/www.iesneiravilas.es\/arquivo\/wp-content\/uploads\/2014\/10\/surfeando_p-150x150.jpg\" class=\"attachment-thumbnail size-thumbnail\" alt=\"Conferencia: Surfeando\" aria-describedby=\"gallery-1-1746\" \/><\/a>\n\t\t\t<\/div>\n\t\t\t\t<figcaption class='wp-caption-text gallery-caption' id='gallery-1-1746'>\n\t\t\t\tConferencia: Surfeando\n\t\t\t\t<\/figcaption><\/figure><figure class='gallery-item'>\n\t\t\t<div class='gallery-icon landscape'>\n\t\t\t\t<a href='https:\/\/www.iesneiravilas.es\/arquivo\/?attachment_id=1747'><img loading=\"lazy\" decoding=\"async\" width=\"150\" height=\"150\" src=\"https:\/\/www.iesneiravilas.es\/arquivo\/wp-content\/uploads\/2014\/10\/exposicion_axenda21-150x150.jpg\" class=\"attachment-thumbnail size-thumbnail\" alt=\"Exposici\u00f3n Axenda 21\" aria-describedby=\"gallery-1-1747\" \/><\/a>\n\t\t\t<\/div>\n\t\t\t\t<figcaption class='wp-caption-text gallery-caption' id='gallery-1-1747'>\n\t\t\t\tExposici\u00f3n Axenda 21\n\t\t\t\t<\/figcaption><\/figure><figure class='gallery-item'>\n\t\t\t<div class='gallery-icon landscape'>\n\t\t\t\t<a href='https:\/\/www.iesneiravilas.es\/arquivo\/?attachment_id=1735'><img loading=\"lazy\" decoding=\"async\" width=\"150\" height=\"150\" src=\"https:\/\/www.iesneiravilas.es\/arquivo\/wp-content\/uploads\/2014\/10\/semana_intercultural-150x150.jpg\" class=\"attachment-thumbnail size-thumbnail\" alt=\"Tr\u00edptico informativo\" aria-describedby=\"gallery-1-1735\" \/><\/a>\n\t\t\t<\/div>\n\t\t\t\t<figcaption class='wp-caption-text gallery-caption' id='gallery-1-1735'>\n\t\t\t\tTr\u00edptico informativo\n\t\t\t\t<\/figcaption><\/figure>\n\t\t<\/div>\n\n","protected":false},"excerpt":{"rendered":"<p>Era marzo, amencendo abril. Tempo de aprendizaxe e lecer, tempo de recepci\u00f3n e exposici\u00f3n. Mentres unha exposici\u00f3n sobre a muller innovadora na ciencia se exhib\u00eda no corredor inferior, mentres alumnado de diversos cursos participaban nun intercambio cun centro bret\u00f3n, alumnado e profesorado do IES Neira Vilas debullaba e asimilaba os variados co\u00f1ecementos e visitas que &hellip; <a href=\"https:\/\/www.iesneiravilas.es\/arquivo\/?p=1734\" class=\"more-link\">Seguir lendo <span class=\"screen-reader-text\">Semana Intercultural<\/span> <span class=\"meta-nav\">&rarr;<\/span><\/a><\/p>\n","protected":false},"author":1,"featured_media":0,"comment_status":"closed","ping_status":"open","sticky":false,"template":"","format":"standard","meta":{"footnotes":""},"categories":[17,142,134,311],"tags":[78,312,313,319,320,295,315,317,316,268,77,318,314],"class_list":["post-1734","post","type-post","status-publish","format-standard","hentry","category-actividades","category-curso","category-curso-2008-2009","category-semana-intercultural","tag-antonio-varela","tag-carlos-taibo","tag-carme-alvarino","tag-f-franco-del-amo","tag-intercambio-2","tag-isabel-lopez-marino","tag-jesus-ares","tag-jose-miguel-vinas","tag-marcos-rodriguez","tag-nacho-taibo","tag-ramon-romero","tag-rut-balbis","tag-xose-rodriguez"],"_links":{"self":[{"href":"https:\/\/www.iesneiravilas.es\/arquivo\/index.php?rest_route=\/wp\/v2\/posts\/1734","targetHints":{"allow":["GET"]}}],"collection":[{"href":"https:\/\/www.iesneiravilas.es\/arquivo\/index.php?rest_route=\/wp\/v2\/posts"}],"about":[{"href":"https:\/\/www.iesneiravilas.es\/arquivo\/index.php?rest_route=\/wp\/v2\/types\/post"}],"author":[{"embeddable":true,"href":"https:\/\/www.iesneiravilas.es\/arquivo\/index.php?rest_route=\/wp\/v2\/users\/1"}],"replies":[{"embeddable":true,"href":"https:\/\/www.iesneiravilas.es\/arquivo\/index.php?rest_route=%2Fwp%2Fv2%2Fcomments&post=1734"}],"version-history":[{"count":3,"href":"https:\/\/www.iesneiravilas.es\/arquivo\/index.php?rest_route=\/wp\/v2\/posts\/1734\/revisions"}],"predecessor-version":[{"id":1748,"href":"https:\/\/www.iesneiravilas.es\/arquivo\/index.php?rest_route=\/wp\/v2\/posts\/1734\/revisions\/1748"}],"wp:attachment":[{"href":"https:\/\/www.iesneiravilas.es\/arquivo\/index.php?rest_route=%2Fwp%2Fv2%2Fmedia&parent=1734"}],"wp:term":[{"taxonomy":"category","embeddable":true,"href":"https:\/\/www.iesneiravilas.es\/arquivo\/index.php?rest_route=%2Fwp%2Fv2%2Fcategories&post=1734"},{"taxonomy":"post_tag","embeddable":true,"href":"https:\/\/www.iesneiravilas.es\/arquivo\/index.php?rest_route=%2Fwp%2Fv2%2Ftags&post=1734"}],"curies":[{"name":"wp","href":"https:\/\/api.w.org\/{rel}","templated":true}]}}