{"id":1749,"date":"2009-05-17T17:32:22","date_gmt":"2009-05-17T15:32:22","guid":{"rendered":"http:\/\/www.iesneiravilas.es\/arquivo\/?p=1749"},"modified":"2014-10-14T17:40:27","modified_gmt":"2014-10-14T15:40:27","slug":"verniada","status":"publish","type":"post","link":"https:\/\/www.iesneiravilas.es\/arquivo\/?p=1749","title":{"rendered":"Vern\u00edada"},"content":{"rendered":"<p><a href=\"http:\/\/www.iesneiravilas.es\/arquivo\/wp-content\/uploads\/2014\/10\/verniada10.jpg\"><img loading=\"lazy\" decoding=\"async\" class=\"alignleft wp-image-1759 size-medium\" src=\"http:\/\/www.iesneiravilas.es\/arquivo\/wp-content\/uploads\/2014\/10\/verniada10-300x225.jpg\" alt=\"Todos no escenario\" width=\"300\" height=\"225\" srcset=\"https:\/\/www.iesneiravilas.es\/arquivo\/wp-content\/uploads\/2014\/10\/verniada10-300x225.jpg 300w, https:\/\/www.iesneiravilas.es\/arquivo\/wp-content\/uploads\/2014\/10\/verniada10.jpg 1024w\" sizes=\"auto, (max-width: 300px) 100vw, 300px\" \/><\/a> Festa en Mera. O 16 de maio de 2009 culmina o noso \u201cano Verne\u201d, o ano acad\u00e9mico da multiculturalidade e a viaxe sen fin. No escenario do auditorio Garc\u00eda M\u00e1rquez rendemos homenaxe ao escritor de Nantes que en 1873 publicou \u201cA volta ao mundo en 80 d\u00edas\u201d. E fac\u00e9molo rodeados de alumnas e alumnos, profesoras e profesores, nais e pais, familiares que desexan pasear polo mundo ao son da m\u00fasica e da palabra, participando nun espect\u00e1culo literario-musical que se adiantou no entroido e que agora cobra forma para a posteridade.<\/p>\n<p>A nosa \u201cVern\u00edada\u201d vi\u00f1a precedida da lectura dun libro sen par -Mat\u00edas recomend\u00f3unolo, f\u00edxonolo amar-, dun ensaio xeral en entroido -no que Mari\u00e1n e Jes\u00fas xa escolleran as pezas musicais que \u00edan dar forma a esta representaci\u00f3n-, dunha proxecci\u00f3n dos mellores intres da versi\u00f3n cinematogr\u00e1fica, datada en 1956 -Nacho fixo a selecci\u00f3n-, dunha conferencia na I Semana Intercultural, dunha entusiasta participaci\u00f3n de profesorado no traballo interdisciplinar da obra -Isabel Aller, Jos\u00e9 Antonio Rodr\u00edguez, Ant\u00f3n, Isabel, Goretti, Warinca, Carlos-. S\u00f3 quedaba que m\u00e1is dun cento de alumnas e alumnos do IES Neira Vilas subisen ao escenario de Mera para po\u00f1er en pr\u00e1ctica un traballo do que nos sentimos orgullosos.<\/p>\n<p>E as\u00ed foi. Durante oitenta minutos viaxamos por todo o mundo igual que Fogg o fixera en oitenta d\u00edas. Miriam, absolutamente insuperable, presentou o espect\u00e1culo, introduc\u00edunos no argumento. E foron pasando lectores en diversos idiomas; Ux\u00eda, Sergio, Constance, Alberto, B\u00e1rbara, Dong, Sara, Joana, Bruno, Andr\u00e9 Luis e Vladimir foron ubic\u00e1ndonos nas paisaxes: Londres, Suez, Ad\u00e9n, Bombai, Hong-Kong, Yokohama, San Francisco, Oakland, Nova Iorque, a costa de Irlanda&#8230; L\u00e9ronnos en franc\u00e9s, ingl\u00e9s, castel\u00e1n, galego, portugu\u00e9s, chin\u00e9s, xapon\u00e9s, ruso. Pux\u00e9ronnos ante a evidencia de que somos un centro educativo plural, e que nesa pluralidade nos gusta vernos reflectidos.<\/p>\n<p>Quedan na retina as imaxes do alumnado disfrazado para axustarse estrictamente \u00e1 representaci\u00f3n: H\u00e9ctor estaba glorioso co seu kilt escoc\u00e9s como se dun inmigrante de tal guisa en Nova Iorque se tratase; outros eran xudeus en Suez, vaqueiros no oeste, Alejo levaba un poncho sudamericano espectacular, Amanda era unha india do oeste moi ben caracterizada, hab\u00eda xoves galegas disfrazadas de orientais chinesas dun xeito excelente, Dong deunos un recital vocal cando pasamos por Hong-Kong.<\/p>\n<p>Grazas a todas e todos. Podedes sentir contentos. Fix\u00e9stesnos amar a literatura, a m\u00fasica, a oratoria, o teatro, o espect\u00e1culo. Demostrastes que ler \u00e9 gozar, que aprender non est\u00e1 en contra de disfrutar, que cando todos arrimamos o ombreiro as cousas merecen ser repetidas. As\u00ed que isto ten que ter continuidade. Porque o talento non debe quedar descansando na casa, hai que facelo p\u00fablico.<\/p>\n<div id='gallery-1' class='gallery galleryid-1749 gallery-columns-3 gallery-size-thumbnail'><figure class='gallery-item'>\n\t\t\t<div class='gallery-icon landscape'>\n\t\t\t\t<a href='https:\/\/www.iesneiravilas.es\/arquivo\/?attachment_id=1750'><img loading=\"lazy\" decoding=\"async\" width=\"150\" height=\"150\" src=\"https:\/\/www.iesneiravilas.es\/arquivo\/wp-content\/uploads\/2014\/10\/verniada01-150x150.jpg\" class=\"attachment-thumbnail size-thumbnail\" alt=\"2\u00ba ESO B interpretando unha peza oriental en Suez\" aria-describedby=\"gallery-1-1750\" \/><\/a>\n\t\t\t<\/div>\n\t\t\t\t<figcaption class='wp-caption-text gallery-caption' id='gallery-1-1750'>\n\t\t\t\t2\u00ba ESO B interpretando unha peza oriental en Suez\n\t\t\t\t<\/figcaption><\/figure><figure class='gallery-item'>\n\t\t\t<div class='gallery-icon landscape'>\n\t\t\t\t<a href='https:\/\/www.iesneiravilas.es\/arquivo\/?attachment_id=1751'><img loading=\"lazy\" decoding=\"async\" width=\"150\" height=\"150\" src=\"https:\/\/www.iesneiravilas.es\/arquivo\/wp-content\/uploads\/2014\/10\/verniada02-150x150.jpg\" class=\"attachment-thumbnail size-thumbnail\" alt=\"3\u00ba ESO A interpretando unha canci\u00f3n tradicional hebrea en Ad\u00e9n\" aria-describedby=\"gallery-1-1751\" \/><\/a>\n\t\t\t<\/div>\n\t\t\t\t<figcaption class='wp-caption-text gallery-caption' id='gallery-1-1751'>\n\t\t\t\t3\u00ba ESO A interpretando unha canci\u00f3n tradicional hebrea en Ad\u00e9n\n\t\t\t\t<\/figcaption><\/figure><figure class='gallery-item'>\n\t\t\t<div class='gallery-icon landscape'>\n\t\t\t\t<a href='https:\/\/www.iesneiravilas.es\/arquivo\/?attachment_id=1752'><img loading=\"lazy\" decoding=\"async\" width=\"150\" height=\"150\" src=\"https:\/\/www.iesneiravilas.es\/arquivo\/wp-content\/uploads\/2014\/10\/verniada03-150x150.jpg\" class=\"attachment-thumbnail size-thumbnail\" alt=\"1\u00ba Bacharelato interpreta \u201cCanci\u00f3n india\u201d, de Rimsky-Korsakov, en Mumbai\" aria-describedby=\"gallery-1-1752\" \/><\/a>\n\t\t\t<\/div>\n\t\t\t\t<figcaption class='wp-caption-text gallery-caption' id='gallery-1-1752'>\n\t\t\t\t1\u00ba Bacharelato interpreta \u201cCanci\u00f3n india\u201d, de Rimsky-Korsakov, en Mumbai\n\t\t\t\t<\/figcaption><\/figure><figure class='gallery-item'>\n\t\t\t<div class='gallery-icon landscape'>\n\t\t\t\t<a href='https:\/\/www.iesneiravilas.es\/arquivo\/?attachment_id=1753'><img loading=\"lazy\" decoding=\"async\" width=\"150\" height=\"150\" src=\"https:\/\/www.iesneiravilas.es\/arquivo\/wp-content\/uploads\/2014\/10\/verniada04-150x150.jpg\" class=\"attachment-thumbnail size-thumbnail\" alt=\"2\u00ba Bacharelato interpreta unha peza tradicional chinesa en Hong-Kong\" aria-describedby=\"gallery-1-1753\" \/><\/a>\n\t\t\t<\/div>\n\t\t\t\t<figcaption class='wp-caption-text gallery-caption' id='gallery-1-1753'>\n\t\t\t\t2\u00ba Bacharelato interpreta unha peza tradicional chinesa en Hong-Kong\n\t\t\t\t<\/figcaption><\/figure><figure class='gallery-item'>\n\t\t\t<div class='gallery-icon landscape'>\n\t\t\t\t<a href='https:\/\/www.iesneiravilas.es\/arquivo\/?attachment_id=1754'><img loading=\"lazy\" decoding=\"async\" width=\"150\" height=\"150\" src=\"https:\/\/www.iesneiravilas.es\/arquivo\/wp-content\/uploads\/2014\/10\/verniada05-150x150.jpg\" class=\"attachment-thumbnail size-thumbnail\" alt=\"3\u00ba ESO B interpreta unha nana no tren, cami\u00f1o de Oakland\" aria-describedby=\"gallery-1-1754\" \/><\/a>\n\t\t\t<\/div>\n\t\t\t\t<figcaption class='wp-caption-text gallery-caption' id='gallery-1-1754'>\n\t\t\t\t3\u00ba ESO B interpreta unha nana no tren, cami\u00f1o de Oakland\n\t\t\t\t<\/figcaption><\/figure><figure class='gallery-item'>\n\t\t\t<div class='gallery-icon landscape'>\n\t\t\t\t<a href='https:\/\/www.iesneiravilas.es\/arquivo\/?attachment_id=1755'><img loading=\"lazy\" decoding=\"async\" width=\"150\" height=\"150\" src=\"https:\/\/www.iesneiravilas.es\/arquivo\/wp-content\/uploads\/2014\/10\/verniada06-150x150.jpg\" class=\"attachment-thumbnail size-thumbnail\" alt=\"4\u00ba ESO B interpreta \u201cO c\u00f3ndor pasa\u201d, en San Francisco\" aria-describedby=\"gallery-1-1755\" \/><\/a>\n\t\t\t<\/div>\n\t\t\t\t<figcaption class='wp-caption-text gallery-caption' id='gallery-1-1755'>\n\t\t\t\t4\u00ba ESO B interpreta \u201cO c\u00f3ndor pasa\u201d, en San Francisco\n\t\t\t\t<\/figcaption><\/figure><figure class='gallery-item'>\n\t\t\t<div class='gallery-icon landscape'>\n\t\t\t\t<a href='https:\/\/www.iesneiravilas.es\/arquivo\/?attachment_id=1756'><img loading=\"lazy\" decoding=\"async\" width=\"150\" height=\"150\" src=\"https:\/\/www.iesneiravilas.es\/arquivo\/wp-content\/uploads\/2014\/10\/verniada07-150x150.jpg\" class=\"attachment-thumbnail size-thumbnail\" alt=\"2\u00ba ESO A interpreta \u201cA lenda da cidade sen nome\u201d, cami\u00f1o de Nova Iorque\" aria-describedby=\"gallery-1-1756\" \/><\/a>\n\t\t\t<\/div>\n\t\t\t\t<figcaption class='wp-caption-text gallery-caption' id='gallery-1-1756'>\n\t\t\t\t2\u00ba ESO A interpreta \u201cA lenda da cidade sen nome\u201d, cami\u00f1o de Nova Iorque\n\t\t\t\t<\/figcaption><\/figure><figure class='gallery-item'>\n\t\t\t<div class='gallery-icon landscape'>\n\t\t\t\t<a href='https:\/\/www.iesneiravilas.es\/arquivo\/?attachment_id=1757'><img loading=\"lazy\" decoding=\"async\" width=\"150\" height=\"150\" src=\"https:\/\/www.iesneiravilas.es\/arquivo\/wp-content\/uploads\/2014\/10\/verniada08-150x150.jpg\" class=\"attachment-thumbnail size-thumbnail\" alt=\"Bacharelato e alumnado de 3\u00baESO interpretan danzas escocesas en Nova Iorque\" aria-describedby=\"gallery-1-1757\" \/><\/a>\n\t\t\t<\/div>\n\t\t\t\t<figcaption class='wp-caption-text gallery-caption' id='gallery-1-1757'>\n\t\t\t\tBacharelato e alumnado de 3\u00baESO interpretan danzas escocesas en Nova Iorque\n\t\t\t\t<\/figcaption><\/figure><figure class='gallery-item'>\n\t\t\t<div class='gallery-icon landscape'>\n\t\t\t\t<a href='https:\/\/www.iesneiravilas.es\/arquivo\/?attachment_id=1758'><img loading=\"lazy\" decoding=\"async\" width=\"150\" height=\"150\" src=\"https:\/\/www.iesneiravilas.es\/arquivo\/wp-content\/uploads\/2014\/10\/verniada09-150x150.jpg\" class=\"attachment-thumbnail size-thumbnail\" alt=\"2\u00ba Bacharelato interpretan danzas irlandesas, cami\u00f1o de Irlanda\" aria-describedby=\"gallery-1-1758\" \/><\/a>\n\t\t\t<\/div>\n\t\t\t\t<figcaption class='wp-caption-text gallery-caption' id='gallery-1-1758'>\n\t\t\t\t2\u00ba Bacharelato interpretan danzas irlandesas, cami\u00f1o de Irlanda\n\t\t\t\t<\/figcaption><\/figure>\n\t\t<\/div>\n\n","protected":false},"excerpt":{"rendered":"<p>Festa en Mera. O 16 de maio de 2009 culmina o noso \u201cano Verne\u201d, o ano acad\u00e9mico da multiculturalidade e a viaxe sen fin. No escenario do auditorio Garc\u00eda M\u00e1rquez rendemos homenaxe ao escritor de Nantes que en 1873 publicou \u201cA volta ao mundo en 80 d\u00edas\u201d. E fac\u00e9molo rodeados de alumnas e alumnos, profesoras &hellip; <a href=\"https:\/\/www.iesneiravilas.es\/arquivo\/?p=1749\" class=\"more-link\">Seguir lendo <span class=\"screen-reader-text\">Vern\u00edada<\/span> <span class=\"meta-nav\">&rarr;<\/span><\/a><\/p>\n","protected":false},"author":1,"featured_media":0,"comment_status":"closed","ping_status":"open","sticky":false,"template":"","format":"standard","meta":{"footnotes":""},"categories":[17,142,134],"tags":[128,122,325,324,322,323,321,173,268,285],"class_list":["post-1749","post","type-post","status-publish","format-standard","hentry","category-actividades","category-curso","category-curso-2008-2009","tag-anton-garcia","tag-carlos-vidal","tag-goretti-hermida","tag-isabel-aller","tag-jesus-fernandez-llaneza","tag-jose-antonio-rodriguez","tag-marian-conde","tag-matias-cuba","tag-nacho-taibo","tag-warinca-arce"],"_links":{"self":[{"href":"https:\/\/www.iesneiravilas.es\/arquivo\/index.php?rest_route=\/wp\/v2\/posts\/1749","targetHints":{"allow":["GET"]}}],"collection":[{"href":"https:\/\/www.iesneiravilas.es\/arquivo\/index.php?rest_route=\/wp\/v2\/posts"}],"about":[{"href":"https:\/\/www.iesneiravilas.es\/arquivo\/index.php?rest_route=\/wp\/v2\/types\/post"}],"author":[{"embeddable":true,"href":"https:\/\/www.iesneiravilas.es\/arquivo\/index.php?rest_route=\/wp\/v2\/users\/1"}],"replies":[{"embeddable":true,"href":"https:\/\/www.iesneiravilas.es\/arquivo\/index.php?rest_route=%2Fwp%2Fv2%2Fcomments&post=1749"}],"version-history":[{"count":1,"href":"https:\/\/www.iesneiravilas.es\/arquivo\/index.php?rest_route=\/wp\/v2\/posts\/1749\/revisions"}],"predecessor-version":[{"id":1760,"href":"https:\/\/www.iesneiravilas.es\/arquivo\/index.php?rest_route=\/wp\/v2\/posts\/1749\/revisions\/1760"}],"wp:attachment":[{"href":"https:\/\/www.iesneiravilas.es\/arquivo\/index.php?rest_route=%2Fwp%2Fv2%2Fmedia&parent=1749"}],"wp:term":[{"taxonomy":"category","embeddable":true,"href":"https:\/\/www.iesneiravilas.es\/arquivo\/index.php?rest_route=%2Fwp%2Fv2%2Fcategories&post=1749"},{"taxonomy":"post_tag","embeddable":true,"href":"https:\/\/www.iesneiravilas.es\/arquivo\/index.php?rest_route=%2Fwp%2Fv2%2Ftags&post=1749"}],"curies":[{"name":"wp","href":"https:\/\/api.w.org\/{rel}","templated":true}]}}