{"id":1761,"date":"2009-04-01T17:40:36","date_gmt":"2009-04-01T15:40:36","guid":{"rendered":"http:\/\/www.iesneiravilas.es\/arquivo\/?p=1761"},"modified":"2014-10-16T08:43:29","modified_gmt":"2014-10-16T06:43:29","slug":"obradoiro-de-danza","status":"publish","type":"post","link":"https:\/\/www.iesneiravilas.es\/arquivo\/?p=1761","title":{"rendered":"Obradoiro de danza"},"content":{"rendered":"<figure id=\"attachment_1762\" aria-describedby=\"caption-attachment-1762\" style=\"width: 300px\" class=\"wp-caption alignleft\"><a href=\"http:\/\/www.iesneiravilas.es\/arquivo\/wp-content\/uploads\/2014\/10\/menos_1.jpg\"><img loading=\"lazy\" decoding=\"async\" class=\"wp-image-1762 size-medium\" src=\"http:\/\/www.iesneiravilas.es\/arquivo\/wp-content\/uploads\/2014\/10\/menos_1-300x225.jpg\" alt=\"Menos 1: Un mundo no que os lados opostos non est\u00e1n tan separados, no que o cambio dun estado a outro sucede de forma continua, onde a risa se convirte en algo triste e a ca\u00edda nun momento elegante.\" width=\"300\" height=\"225\" srcset=\"https:\/\/www.iesneiravilas.es\/arquivo\/wp-content\/uploads\/2014\/10\/menos_1-300x225.jpg 300w, https:\/\/www.iesneiravilas.es\/arquivo\/wp-content\/uploads\/2014\/10\/menos_1-1024x768.jpg 1024w\" sizes=\"auto, (max-width: 300px) 100vw, 300px\" \/><\/a><figcaption id=\"caption-attachment-1762\" class=\"wp-caption-text\">Menos 1: Un mundo no que os lados opostos non est\u00e1n tan separados, no que o cambio dun estado a outro sucede de forma continua, onde a risa se convirte en algo triste e a ca\u00edda nun momento elegante.<\/figcaption><\/figure>\n<p>O d\u00eda 31 de marzo con motivo da semana cultural o departamento de educaci\u00f3n f\u00edsica levou a cabo un obradoiro de danza contempor\u00e1nea impartido pola coreogr\u00e1fa Rut Balbis, da Compa\u00f1ia Pisando Ovos. A actividade estivo pensada para alumnos de 3\u00ba e 4\u00ba de ESO, en horario de 8.30h a 10.10h. En primeiro lugar a core\u00f3grafa impartiu una pequena clase no ximnasio, posteriormente representou a coreografia \u201cMenos 1\u201d no corredor no andar inferior. A actividade foi moi ben acollida, os alumnos tiveron ocasi\u00f3n de preguntarlle a bailarina todas aquelas curiosidades e inquietudes relacionadas con esta disciplina art\u00edstica.<\/p>\n","protected":false},"excerpt":{"rendered":"<p>O d\u00eda 31 de marzo con motivo da semana cultural o departamento de educaci\u00f3n f\u00edsica levou a cabo un obradoiro de danza contempor\u00e1nea impartido pola coreogr\u00e1fa Rut Balbis, da Compa\u00f1ia Pisando Ovos. A actividade estivo pensada para alumnos de 3\u00ba e 4\u00ba de ESO, en horario de 8.30h a 10.10h. En primeiro lugar a core\u00f3grafa &hellip; <a href=\"https:\/\/www.iesneiravilas.es\/arquivo\/?p=1761\" class=\"more-link\">Seguir lendo <span class=\"screen-reader-text\">Obradoiro de danza<\/span> <span class=\"meta-nav\">&rarr;<\/span><\/a><\/p>\n","protected":false},"author":1,"featured_media":0,"comment_status":"closed","ping_status":"open","sticky":false,"template":"","format":"standard","meta":{"footnotes":""},"categories":[17,471,142,134],"tags":[327,318],"class_list":["post-1761","post","type-post","status-publish","format-standard","hentry","category-actividades","category-artesescenicas","category-curso","category-curso-2008-2009","tag-danza","tag-rut-balbis"],"_links":{"self":[{"href":"https:\/\/www.iesneiravilas.es\/arquivo\/index.php?rest_route=\/wp\/v2\/posts\/1761","targetHints":{"allow":["GET"]}}],"collection":[{"href":"https:\/\/www.iesneiravilas.es\/arquivo\/index.php?rest_route=\/wp\/v2\/posts"}],"about":[{"href":"https:\/\/www.iesneiravilas.es\/arquivo\/index.php?rest_route=\/wp\/v2\/types\/post"}],"author":[{"embeddable":true,"href":"https:\/\/www.iesneiravilas.es\/arquivo\/index.php?rest_route=\/wp\/v2\/users\/1"}],"replies":[{"embeddable":true,"href":"https:\/\/www.iesneiravilas.es\/arquivo\/index.php?rest_route=%2Fwp%2Fv2%2Fcomments&post=1761"}],"version-history":[{"count":1,"href":"https:\/\/www.iesneiravilas.es\/arquivo\/index.php?rest_route=\/wp\/v2\/posts\/1761\/revisions"}],"predecessor-version":[{"id":1763,"href":"https:\/\/www.iesneiravilas.es\/arquivo\/index.php?rest_route=\/wp\/v2\/posts\/1761\/revisions\/1763"}],"wp:attachment":[{"href":"https:\/\/www.iesneiravilas.es\/arquivo\/index.php?rest_route=%2Fwp%2Fv2%2Fmedia&parent=1761"}],"wp:term":[{"taxonomy":"category","embeddable":true,"href":"https:\/\/www.iesneiravilas.es\/arquivo\/index.php?rest_route=%2Fwp%2Fv2%2Fcategories&post=1761"},{"taxonomy":"post_tag","embeddable":true,"href":"https:\/\/www.iesneiravilas.es\/arquivo\/index.php?rest_route=%2Fwp%2Fv2%2Ftags&post=1761"}],"curies":[{"name":"wp","href":"https:\/\/api.w.org\/{rel}","templated":true}]}}