{"id":1860,"date":"2010-03-27T18:51:17","date_gmt":"2010-03-27T16:51:17","guid":{"rendered":"http:\/\/www.iesneiravilas.es\/arquivo\/?p=1860"},"modified":"2014-10-20T20:32:07","modified_gmt":"2014-10-20T18:32:07","slug":"entrevista-o-escritor-xose-neira-vilas","status":"publish","type":"post","link":"https:\/\/www.iesneiravilas.es\/arquivo\/?p=1860","title":{"rendered":"Entrevista \u00f3 escritor Xos\u00e9 Neira Vilas"},"content":{"rendered":"<div class=\"caja\">\n<h2>Xos\u00e9 Neira Vilas<\/h2>\n<figure id=\"attachment_1861\" aria-describedby=\"caption-attachment-1861\" style=\"width: 300px\" class=\"wp-caption alignleft\"><a href=\"http:\/\/www.iesneiravilas.es\/arquivo\/wp-content\/uploads\/2014\/10\/entrevista_4.jpg\"><img loading=\"lazy\" decoding=\"async\" class=\"size-medium wp-image-1861\" src=\"http:\/\/www.iesneiravilas.es\/arquivo\/wp-content\/uploads\/2014\/10\/entrevista_4-300x224.jpg\" alt=\"Xos\u00e9 Neira Vilas\" width=\"300\" height=\"224\" srcset=\"https:\/\/www.iesneiravilas.es\/arquivo\/wp-content\/uploads\/2014\/10\/entrevista_4-300x224.jpg 300w, https:\/\/www.iesneiravilas.es\/arquivo\/wp-content\/uploads\/2014\/10\/entrevista_4.jpg 637w\" sizes=\"auto, (max-width: 300px) 100vw, 300px\" \/><\/a><figcaption id=\"caption-attachment-1861\" class=\"wp-caption-text\">Xos\u00e9 Neira Vilas<\/figcaption><\/figure>\n<p>Xos\u00e9 Neira Vilas naceu en Gres (A Estrada) o 3 de novembro de 1920. \u00c9, como moitos outros galegos emigrante en Buenos Aires. Desde 1949 leva nesa cidade un intenso contacto con exiliados e realiza unha gran labor de difusi\u00f3n da cultura galega.<\/p>\n<p>En 1957 casa con Anisia Miranda, cubana. Nese mesmo ano, Neira Vilas e Anisia van residir a Cuba, al\u00ed vive ata 1983, data que se xubilou. Nos trinta e un anos que resid\u00edu nese pa\u00eds, escribiu a maior parte da sua obra literaria.<\/p>\n<p>Hoxe vive en Galicia, no seu pobo natal.<\/p>\n<p>\u00c9 membro numerario da Real Academia Galega, Doctor Honoris Causa polas Universidades de A Coru\u00f1a e La Habana, Premio da Cr\u00edtica Espa\u00f1ola e premio da Cr\u00edtica Galega. Est\u00e1 en posesi\u00f3n da medallas Castelao, Pedr\u00f3n de Honra e Celanova Casa dos Poetas.<\/p>\n<p>A s\u00faa producci\u00f3n literaria \u00e9 moi ampla e abrangue dende a poes\u00eda de tem\u00e1tica social ata relatos e ensaios. A vida e a situaci\u00f3n de Galicia est\u00e1 presente sempres na s\u00faa producci\u00f3n literaria. A novela &#8220;Memorias dun neno labrego&#8221;, unha das m\u00e1is co\u00f1ecidas ten m\u00e1is de trinta edici\u00f3ns y est\u00e1 traducida a m\u00e1is de quince idiomas.<\/p>\n<p>Na nosa semana cultural acud\u00edu \u00f3 noso centro a darnos unha charla sobre a s\u00faa interesante vida, sobre os seus libros e contounos un pouco a s\u00faa experiencia. Estamos moi orgullosos e agradecidos de que nos visitara.<\/p>\n<\/div>\n<div class=\"fotopieizq\"><\/div>\n<h3>Entrevistado por Beatriz Motos e Stephanie Torres<\/h3>\n<figure id=\"attachment_1862\" aria-describedby=\"caption-attachment-1862\" style=\"width: 474px\" class=\"wp-caption aligncenter\"><a href=\"http:\/\/www.iesneiravilas.es\/arquivo\/wp-content\/uploads\/2014\/10\/entrevista_2.jpg\"><img loading=\"lazy\" decoding=\"async\" class=\"wp-image-1862 size-large\" src=\"http:\/\/www.iesneiravilas.es\/arquivo\/wp-content\/uploads\/2014\/10\/entrevista_2-1024x555.jpg\" alt=\"Xos\u00e9 Neira Vilas con Beatriz Motos e Stephanie Torres\" width=\"474\" height=\"256\" srcset=\"https:\/\/www.iesneiravilas.es\/arquivo\/wp-content\/uploads\/2014\/10\/entrevista_2-1024x555.jpg 1024w, https:\/\/www.iesneiravilas.es\/arquivo\/wp-content\/uploads\/2014\/10\/entrevista_2-300x162.jpg 300w, https:\/\/www.iesneiravilas.es\/arquivo\/wp-content\/uploads\/2014\/10\/entrevista_2.jpg 2048w\" sizes=\"auto, (max-width: 474px) 100vw, 474px\" \/><\/a><figcaption id=\"caption-attachment-1862\" class=\"wp-caption-text\">Xos\u00e9 Neira Vilas con Beatriz Motos e Stephanie Torres<\/figcaption><\/figure>\n<p><em>\u201cA mi\u00f1a pr\u00f3xima novela ser\u00e1 sobre un home que perde bus que o leva \u00f3 barco que vai a Am\u00e9rica, mentras reflexiona sobre o que deixa atr\u00e1s\u201d<\/em><\/p>\n<p><strong>\u00bfEn que se inspira para escribir os seus libros?<\/strong><\/p>\n<p>Insp\u00edrome na realidade, parto das propias experiencias, no que un ve, no que un percibe, no que un o rodea, insp\u00edrome na vida mesma, nas experiencias vividas.<\/p>\n<p><strong>\u00bfCal foi o motivo que o levo a escribir?<\/strong><\/p>\n<p>\u00c9 a mi\u00f1a vocaci\u00f3n desde neno, eu empecei a escribir con nove anos, pero logo seguin escribiendo, naturalmente ainda non me propo\u00f1ia ser un escritor pero logo seguin com esta afici\u00f3n. Con vinte anos emigro a Arxentina, al\u00ed descubro Galicia, con mestres moi importantes dos cales fun amigo, como Luis Seoane, Lorenzo Varela, Rafael Dieste, Ram\u00f3n de Valenzuela \u2026 Descubro que hai moitas revistas, emisi\u00f3ns de radio importantisimas&#8230; Buenos Aires daquela era a capital cultural de Galicia, ti\u00f1a catrocentos mil galegos nativos emigrados al\u00ed -m\u00e1is que a poblaci\u00f3n de Coru\u00f1a e Vigo xuntos- e ali xurde a mi\u00f1a vocaci\u00f3n unida ao meu descubrimento da presedencia hist\u00f3rica e cultural de Galicia, polo tanto escribin xa en galego, escribin poes\u00eda, contos, art\u00edculos e de todo. En 1960 publico o meu primeiro libro \u201cDende lonxe\u201d, logo \u201cMemorias dun neno labrego\u201d, que foi traducido en moitos idiomas, tam\u00e9n foi utilizado para teatro, public\u00e1ronse mais de catrocentos cicuenta mil exemplares, estos son as d\u00faas \u00fanicas obras que publiquei en Buenos Aires, pero seguin escribindo periodismo e libros. No ano 61 a mi\u00f1a experiencia cubana foi moi importante, foi donde escribin a maioria da mi\u00f1a obra, e foi en Cuba donde completei libros que empezara en Buenos Aires, como \u201cXente no rodicio\u201d.<\/p>\n<figure id=\"attachment_1863\" aria-describedby=\"caption-attachment-1863\" style=\"width: 474px\" class=\"wp-caption aligncenter\"><a href=\"http:\/\/www.iesneiravilas.es\/arquivo\/wp-content\/uploads\/2014\/10\/entrevista_3.jpg\"><img loading=\"lazy\" decoding=\"async\" class=\"wp-image-1863 size-large\" src=\"http:\/\/www.iesneiravilas.es\/arquivo\/wp-content\/uploads\/2014\/10\/entrevista_3-1024x496.jpg\" alt=\"Xos\u00e9 Neira Vilas con Beatriz Motos e Stephanie Torres\" width=\"474\" height=\"229\" srcset=\"https:\/\/www.iesneiravilas.es\/arquivo\/wp-content\/uploads\/2014\/10\/entrevista_3-1024x496.jpg 1024w, https:\/\/www.iesneiravilas.es\/arquivo\/wp-content\/uploads\/2014\/10\/entrevista_3-300x145.jpg 300w, https:\/\/www.iesneiravilas.es\/arquivo\/wp-content\/uploads\/2014\/10\/entrevista_3.jpg 2048w\" sizes=\"auto, (max-width: 474px) 100vw, 474px\" \/><\/a><figcaption id=\"caption-attachment-1863\" class=\"wp-caption-text\">Xos\u00e9 Neira Vilas con Beatriz Motos e Stephanie Torres<\/figcaption><\/figure>\n<p><strong>\u00bfCal foi o libro que mais lle gustou de todos os que ten escrito?<\/strong><\/p>\n<p>\u00c9 moi dif\u00edcil que un pai che diga cal e o seu fillo preferido. Aunque hai unha novela que quero moito que se chama, \u201cQuerido Tomas\u201d e tam\u00e9n \u201cAqueles anos de Moncho\u201d e algunhas de investigaci\u00f3n como \u201cCastelao en Cuba\u201d que e un libro moi elaborado, \u201cRelatos mari\u00f1eiros\u201d que e un libro de contos\u2026 son moitos os preferidos por non dicir todos.<\/p>\n<p><strong>\u00bfC\u00f3mo e cando escribe?<\/strong><\/p>\n<p>Un libro \u00e9 unha longa elaboraci\u00f3n. Primeiro se necesita unha idea que xurden nun momento dado, pero si esta idea acude reiteradamente a cabeza, acaba escribindose, logo hai que buscar informaci\u00f3n e ir xunt\u00e1ndoa. Hai un libro que escribin hace moitos anos \u201cNeira Vilas en Arxentina\u201d, \u00e9 unha entrevista na que nunha parte falo do proceso de creaci\u00f3n dun libro. Eu escribo os fins de semana, en vacaci\u00f3ns, eu escribo en calquera momento e en calquera sitio. Para escribir, o m\u00e1is importante \u00e9 a idea que vai medrando nun. O outro d\u00eda ocurr\u00eduseme unha idea -e pode que sexa a pr\u00f3xima novela que escriba- \u00e9 un mozo de 18 ou 19 anos que emigra, e logo ese mozo que de tanto tempo que emprega en despedirse dos pais e dos irm\u00e1ns, perde o coche de linea que el ten que coller para chegar a Vigo para coller o barco. A sete kil\u00f3metros pasaba un coche chamado o leiteiro que vi\u00f1a de recoller leite, e seguia para a cidade&#8230;. A novela consiste nunha reflexi\u00f3n -mentres \u00e9l espera ao leiteiro- sobre o que que deixa atr\u00e1s, a morri\u00f1a \u2026<\/p>\n<p><strong>\u00bfQu\u00e9 significou para usted Cuba?<\/strong><\/p>\n<p>Eu viv\u00edn trinta eun anos en Cuba, de 1961 a 1992. Cuba \u00e9 un pa\u00eds que me atra\u00eda moito, porque eu quer\u00eda vivir a revoluci\u00f3n. Eu ti\u00f1a unha vida moi asentada pero buscaba aventuras, e para min Cuba era unha inc\u00f3gnita. Era un pobo maravilloso, gustabame moito o clima -persoalmente prefiro o clima de Cuba que o de Galicia- a xente e moi cordial e hospitalaria. Al\u00ed colaborei na prensa falando de temas galegos, tam\u00e9n traduc\u00edn alg\u00fans dos meus libros\u2026 A min uneme un sentimiento moi especial.<\/p>\n<p><strong>\u00bf Qu\u00e9 soluci\u00f3ns prop\u00f3n para os problemas polos que esta pasando Cuba?<\/strong><\/p>\n<p>Eu penso que Cuba vai salir a flote, sobre todo cando se suspenda o brutal bloqueo, econ\u00f3mico, financieiro e tecnol\u00f3xico que ten Estados Unidos que ten con Cuba. Ningun pa\u00eds na historia do mundo sufriu un acoso tan brutal como o que esta sufrindo este pa\u00eds. Estou seguro que Cuba vai poder sobrepo\u00f1erse a esto.<\/p>\n<p><strong>Moitas gracias<\/strong><\/p>\n<p>Entrevista realizada por <strong>Beatriz Motos e Stephanie Torres<\/strong><\/p>\n<figure id=\"attachment_1864\" aria-describedby=\"caption-attachment-1864\" style=\"width: 450px\" class=\"wp-caption aligncenter\"><a href=\"http:\/\/www.iesneiravilas.es\/arquivo\/wp-content\/uploads\/2014\/10\/entrevista_1.jpg\"><img loading=\"lazy\" decoding=\"async\" class=\"wp-image-1864\" src=\"http:\/\/www.iesneiravilas.es\/arquivo\/wp-content\/uploads\/2014\/10\/entrevista_1-300x151.jpg\" alt=\"Xos\u00e9 Neira Vilas con Beatriz Motos e Stephanie Torres\" width=\"450\" height=\"227\" srcset=\"https:\/\/www.iesneiravilas.es\/arquivo\/wp-content\/uploads\/2014\/10\/entrevista_1-300x151.jpg 300w, https:\/\/www.iesneiravilas.es\/arquivo\/wp-content\/uploads\/2014\/10\/entrevista_1.jpg 981w\" sizes=\"auto, (max-width: 450px) 100vw, 450px\" \/><\/a><figcaption id=\"caption-attachment-1864\" class=\"wp-caption-text\">Xos\u00e9 Neira Vilas con Beatriz Motos e Stephanie Torres<\/figcaption><\/figure>\n","protected":false},"excerpt":{"rendered":"<p>Xos\u00e9 Neira Vilas Xos\u00e9 Neira Vilas naceu en Gres (A Estrada) o 3 de novembro de 1920. \u00c9, como moitos outros galegos emigrante en Buenos Aires. Desde 1949 leva nesa cidade un intenso contacto con exiliados e realiza unha gran labor de difusi\u00f3n da cultura galega. En 1957 casa con Anisia Miranda, cubana. Nese mesmo &hellip; <a href=\"https:\/\/www.iesneiravilas.es\/arquivo\/?p=1860\" class=\"more-link\">Seguir lendo <span class=\"screen-reader-text\">Entrevista \u00f3 escritor Xos\u00e9 Neira Vilas<\/span> <span class=\"meta-nav\">&rarr;<\/span><\/a><\/p>\n","protected":false},"author":1,"featured_media":0,"comment_status":"closed","ping_status":"open","sticky":false,"template":"","format":"standard","meta":{"footnotes":""},"categories":[433,17,142,133,139,145],"tags":[344,373,28],"class_list":["post-1860","post","type-post","status-publish","format-standard","hentry","category-a-nosa-xente","category-actividades","category-curso","category-curso-2009-2010","category-entrevista","category-quen-fomos","tag-beatriz-motos","tag-stephanya-torres-esquivel","tag-xose-neira-vilas"],"_links":{"self":[{"href":"https:\/\/www.iesneiravilas.es\/arquivo\/index.php?rest_route=\/wp\/v2\/posts\/1860","targetHints":{"allow":["GET"]}}],"collection":[{"href":"https:\/\/www.iesneiravilas.es\/arquivo\/index.php?rest_route=\/wp\/v2\/posts"}],"about":[{"href":"https:\/\/www.iesneiravilas.es\/arquivo\/index.php?rest_route=\/wp\/v2\/types\/post"}],"author":[{"embeddable":true,"href":"https:\/\/www.iesneiravilas.es\/arquivo\/index.php?rest_route=\/wp\/v2\/users\/1"}],"replies":[{"embeddable":true,"href":"https:\/\/www.iesneiravilas.es\/arquivo\/index.php?rest_route=%2Fwp%2Fv2%2Fcomments&post=1860"}],"version-history":[{"count":8,"href":"https:\/\/www.iesneiravilas.es\/arquivo\/index.php?rest_route=\/wp\/v2\/posts\/1860\/revisions"}],"predecessor-version":[{"id":1872,"href":"https:\/\/www.iesneiravilas.es\/arquivo\/index.php?rest_route=\/wp\/v2\/posts\/1860\/revisions\/1872"}],"wp:attachment":[{"href":"https:\/\/www.iesneiravilas.es\/arquivo\/index.php?rest_route=%2Fwp%2Fv2%2Fmedia&parent=1860"}],"wp:term":[{"taxonomy":"category","embeddable":true,"href":"https:\/\/www.iesneiravilas.es\/arquivo\/index.php?rest_route=%2Fwp%2Fv2%2Fcategories&post=1860"},{"taxonomy":"post_tag","embeddable":true,"href":"https:\/\/www.iesneiravilas.es\/arquivo\/index.php?rest_route=%2Fwp%2Fv2%2Ftags&post=1860"}],"curies":[{"name":"wp","href":"https:\/\/api.w.org\/{rel}","templated":true}]}}