{"id":1873,"date":"2010-05-14T20:00:03","date_gmt":"2010-05-14T18:00:03","guid":{"rendered":"http:\/\/www.iesneiravilas.es\/arquivo\/?p=1873"},"modified":"2014-10-20T20:10:58","modified_gmt":"2014-10-20T18:10:58","slug":"etica-e-cidadania-os-comezos-da-filosofia","status":"publish","type":"post","link":"https:\/\/www.iesneiravilas.es\/arquivo\/?p=1873","title":{"rendered":"Entrevista \u00f3 profesor de filosof\u00eda, Fern\u00e1ndo Vidal Meij\u00f3n"},"content":{"rendered":"<h3>\u00c9tica e cidadan\u00eda, os comezos da filosof\u00eda<\/h3>\n<p><strong>Entrevista feita por Ant\u00eda L\u00f3pez Mosteiro e Sara Sequeiros Fern\u00e1ndez [4\u00baA ESO]<\/strong><\/p>\n<div id=\"main\">\n<figure id=\"attachment_1874\" aria-describedby=\"caption-attachment-1874\" style=\"width: 300px\" class=\"wp-caption alignleft\"><a href=\"http:\/\/www.iesneiravilas.es\/arquivo\/wp-content\/uploads\/2014\/10\/fernando_vidal1.jpg\"><img loading=\"lazy\" decoding=\"async\" class=\"size-full wp-image-1874\" src=\"http:\/\/www.iesneiravilas.es\/arquivo\/wp-content\/uploads\/2014\/10\/fernando_vidal1.jpg\" alt=\"O profesor Fernando Vidal Meij\u00f3n\" width=\"300\" height=\"225\" \/><\/a><figcaption id=\"caption-attachment-1874\" class=\"wp-caption-text\">O profesor Fernando Vidal Meij\u00f3n<\/figcaption><\/figure>\n<p><strong>\u00bfEn que consiste a educaci\u00f3n \u00e1 cidadan\u00eda?<\/strong>A educaci\u00f3n para a cidadan\u00eda e unha materia nova que se introduciu no sistema educativo despois da ultima lei do PSOE, e supostamente pretende cubrir a eses niveis de primeiro ou segundo ciclo de secundaria -xa que hai algunhas comunidades aut\u00f3nomas en Espa\u00f1a nas que esta materia se imparte en terceiro da ESO- unha serie de contidos que non estaban cubertos, contidos como que son os dereitos humanos, a constituci\u00f3n espa\u00f1ola, a democracia, cales son os recursos que nos da a democracia para poder exercer como cidad\u00e1ns, etc.<\/p>\n<p><strong>\u00bfE, dende o seu punto de vista, \u00e9 bo estudala?<\/strong>Non \u00e9 nin bo nin malo, estar\u00eda mellor se iso se exercese. Se nos Institutos se aplicase m\u00e1is.<\/p>\n<p><strong>\u00bfPara que serve?<\/strong>Serve para co\u00f1ecer mellor as cousas, como cando mercas un aparello electr\u00f3nico e lees as instruci\u00f3ns dun aparello que acabas de mercar. \u00c9 unha maneira de co\u00f1ecer eses recursos que a sociedade che ofrece para poder ser cidad\u00e1n libre e poder facer o que queres facer.<\/p>\n<p><strong>\u00bfQue \u00e9 a \u00e9tica?<\/strong>A \u00e9tica \u00e9 unha reflexi\u00f3n racional sobre a conduta, coa idea de intentar pensar a mellor maneira de ser felices, si \u00e9 que se pode pensar iso e si \u00e9 que hai alg\u00fan recurso racional que nos permita tomar decisi\u00f3n nunha direcci\u00f3n ou noutra.<\/p>\n<p><strong>\u00bfPara que serve a educaci\u00f3n \u00e9tica-c\u00edvica?<\/strong>A verdade \u00e9 que \u00e9 pouco tempo \u00f3 que se lle adica porque \u00e9 unha hora semanal, pero deber\u00eda de servir para facer un exercicio practico de manexo de criterios racionais para reflexionar sobre o que facemos. Cuestionarnos o que facemos, fago isto, por que?<\/p>\n<figure id=\"attachment_1875\" aria-describedby=\"caption-attachment-1875\" style=\"width: 300px\" class=\"wp-caption alignleft\"><a href=\"http:\/\/www.iesneiravilas.es\/arquivo\/wp-content\/uploads\/2014\/10\/fernando_vidal2.jpg\"><img loading=\"lazy\" decoding=\"async\" class=\"size-full wp-image-1875\" src=\"http:\/\/www.iesneiravilas.es\/arquivo\/wp-content\/uploads\/2014\/10\/fernando_vidal2.jpg\" alt=\"O profesor Vidal con Sara e Ant\u00eda\" width=\"300\" height=\"225\" \/><\/a><figcaption id=\"caption-attachment-1875\" class=\"wp-caption-text\">O profesor Vidal con Sara e Ant\u00eda<\/figcaption><\/figure>\n<p><strong>Antes relacion\u00e1base a \u00e9tica coa relixi\u00f3n, \u00bfHoxe en d\u00eda, que relaci\u00f3n te\u00f1en?<\/strong>A \u00e9tica e a relixi\u00f3n van collidas da man. Porque a relixi\u00f3n tam\u00e9n pretende establecer criterios para vivir. A diferenza \u00e9 que a \u00e9tica pretende que ti reflexiones como ser feliz e como vivir sen deus.<\/p>\n<p><strong>\u00bfQu\u00e9 se estuda na \u00e9tica?<\/strong>Est\u00fadase elementos necesarios para poder constru\u00edr elementos racionais sobre a conduta, diferentes elementos que constit\u00faen a moralidade humana (responsabilidade, liberdade&#8230;) alg\u00fan tipo de propostas para ser feliz que fixeron fil\u00f3sofos ao longo da historia. Reflexi\u00f3ns sobre os dereitos humanos, feminismo, pacifismo, ecoloxismos&#8230;<\/p>\n<p>O obxectivo \u00e9 poder reflexionar sobre o que fas dende as claves dos distintos puntos de vista.<\/p>\n<p><strong>\u00bfEsta materia esta encami\u00f1ada cara a filosof\u00eda?<\/strong>Si, porque de algunha maneira si es quen de establecer un discurso racional sobre o que fas, estar\u00e1s preparado para discutir sobre outros temas m\u00e1is abstractos como que \u00e9 a verdade e qu\u00e9 \u00e9 a mentira e moitos outros temas&#8230;<\/p>\n<p><strong>Moitas gracias<\/strong><\/p>\n<\/div>\n<div id=\"footer\"><\/div>\n","protected":false},"excerpt":{"rendered":"<p>\u00c9tica e cidadan\u00eda, os comezos da filosof\u00eda Entrevista feita por Ant\u00eda L\u00f3pez Mosteiro e Sara Sequeiros Fern\u00e1ndez [4\u00baA ESO] \u00bfEn que consiste a educaci\u00f3n \u00e1 cidadan\u00eda?A educaci\u00f3n para a cidadan\u00eda e unha materia nova que se introduciu no sistema educativo despois da ultima lei do PSOE, e supostamente pretende cubrir a eses niveis de primeiro &hellip; <a href=\"https:\/\/www.iesneiravilas.es\/arquivo\/?p=1873\" class=\"more-link\">Seguir lendo <span class=\"screen-reader-text\">Entrevista \u00f3 profesor de filosof\u00eda, Fern\u00e1ndo Vidal Meij\u00f3n<\/span> <span class=\"meta-nav\">&rarr;<\/span><\/a><\/p>\n","protected":false},"author":1,"featured_media":0,"comment_status":"closed","ping_status":"open","sticky":false,"template":"","format":"standard","meta":{"footnotes":""},"categories":[433,17,142,134,139,145],"tags":[380,284,381],"class_list":["post-1873","post","type-post","status-publish","format-standard","hentry","category-a-nosa-xente","category-actividades","category-curso","category-curso-2008-2009","category-entrevista","category-quen-fomos","tag-antia-lopez-mosteiro","tag-fernando-vidal","tag-sara-sequeiros-fernandez"],"_links":{"self":[{"href":"https:\/\/www.iesneiravilas.es\/arquivo\/index.php?rest_route=\/wp\/v2\/posts\/1873","targetHints":{"allow":["GET"]}}],"collection":[{"href":"https:\/\/www.iesneiravilas.es\/arquivo\/index.php?rest_route=\/wp\/v2\/posts"}],"about":[{"href":"https:\/\/www.iesneiravilas.es\/arquivo\/index.php?rest_route=\/wp\/v2\/types\/post"}],"author":[{"embeddable":true,"href":"https:\/\/www.iesneiravilas.es\/arquivo\/index.php?rest_route=\/wp\/v2\/users\/1"}],"replies":[{"embeddable":true,"href":"https:\/\/www.iesneiravilas.es\/arquivo\/index.php?rest_route=%2Fwp%2Fv2%2Fcomments&post=1873"}],"version-history":[{"count":3,"href":"https:\/\/www.iesneiravilas.es\/arquivo\/index.php?rest_route=\/wp\/v2\/posts\/1873\/revisions"}],"predecessor-version":[{"id":2181,"href":"https:\/\/www.iesneiravilas.es\/arquivo\/index.php?rest_route=\/wp\/v2\/posts\/1873\/revisions\/2181"}],"wp:attachment":[{"href":"https:\/\/www.iesneiravilas.es\/arquivo\/index.php?rest_route=%2Fwp%2Fv2%2Fmedia&parent=1873"}],"wp:term":[{"taxonomy":"category","embeddable":true,"href":"https:\/\/www.iesneiravilas.es\/arquivo\/index.php?rest_route=%2Fwp%2Fv2%2Fcategories&post=1873"},{"taxonomy":"post_tag","embeddable":true,"href":"https:\/\/www.iesneiravilas.es\/arquivo\/index.php?rest_route=%2Fwp%2Fv2%2Ftags&post=1873"}],"curies":[{"name":"wp","href":"https:\/\/api.w.org\/{rel}","templated":true}]}}