{"id":1918,"date":"2010-04-30T20:30:47","date_gmt":"2010-04-30T18:30:47","guid":{"rendered":"http:\/\/www.iesneiravilas.es\/arquivo\/?p=1918"},"modified":"2014-10-23T09:52:57","modified_gmt":"2014-10-23T07:52:57","slug":"mediadoras-do-neira-vilas-imparten-un-curso-a-companeiros-de-guitiriz","status":"publish","type":"post","link":"https:\/\/www.iesneiravilas.es\/arquivo\/?p=1918","title":{"rendered":"Mediadoras do Neira Vilas imparten un curso a compa\u00f1eiros de Guitiriz"},"content":{"rendered":"<figure id=\"attachment_1919\" aria-describedby=\"caption-attachment-1919\" style=\"width: 300px\" class=\"wp-caption alignleft\"><a href=\"http:\/\/www.iesneiravilas.es\/arquivo\/wp-content\/uploads\/2014\/10\/mediacion3.jpg\"><img loading=\"lazy\" decoding=\"async\" class=\"size-medium wp-image-1919\" src=\"http:\/\/www.iesneiravilas.es\/arquivo\/wp-content\/uploads\/2014\/10\/mediacion3-300x225.jpg\" alt=\"\u00c9ramos ao redor de 40 persoas\" width=\"300\" height=\"225\" srcset=\"https:\/\/www.iesneiravilas.es\/arquivo\/wp-content\/uploads\/2014\/10\/mediacion3-300x225.jpg 300w, https:\/\/www.iesneiravilas.es\/arquivo\/wp-content\/uploads\/2014\/10\/mediacion3.jpg 1024w\" sizes=\"auto, (max-width: 300px) 100vw, 300px\" \/><\/a><figcaption id=\"caption-attachment-1919\" class=\"wp-caption-text\">\u00c9ramos ao redor de 40 persoas<\/figcaption><\/figure>\n<p>\u201cO EQUIPO DE MEDIACI\u00d3N E CONVIVENCIA NO CENTRO ESCOLAR\u201d foi o tema central da experiencia de intercambio e formaci\u00f3n entre iguais entre o I.E.S. X. Neira Vilas e o <a class=\"externo\" href=\"http:\/\/www.iesguitiriz.org\">I.E.S. Poeta D\u00edaz Castro<\/a>.<\/p>\n<p>Unha posibilidade que promoveu e fixo posible o programa <a class=\"externo\" href=\"http:\/\/a21.medioambiente.xunta.es\/escolar\/\">Axenda 21 Escolar de Galicia<\/a>. O encontro persoal e a educaci\u00f3n entre iguais son os seus principais valores, ademais da propia mediaci\u00f3n. Os membros do equipo de convivencia e mediaci\u00f3n fixeron un esforzo importante para ser \u201ccomunicadores\u201d, \u201ceducadores\u201d e \u201ccompa\u00f1eiros entusiastas\u201d dun grupo interesado \u2013 dezaseis rapaces e rapazas &#8211; do centro Lucense. Aproveitaron a oportunidade seis compa\u00f1eiras de 1\u00ba de ESO do noso centro participando como \u201caprendices\u201d de mediadoras. (Teresa L\u00f3pez Velo, Catalina Bernot Hern\u00e1ndez, Nuria Bu\u00f1o Gol\u00e1n, Laura Carro Sabio e Damaris Fern\u00e1ndez Pumar)<\/p>\n<p>A iniciativa partiu dos compa\u00f1eiros e compa\u00f1eiras de Guitiriz. Con eles compart\u00edrase a estad\u00eda na<a class=\"externo\" href=\"http:\/\/www.alvarella.com\">casa rural-ecol\u00f3xica de \u201cAlvarella\u201d<\/a> a finais do curso pasado. Gozaran deste premio reco\u00f1ecido polos responsables da A21 Escolar de Galicia polo traballo desenvolvido nos dous institutos a prol dun mundo mais sostible. O alumnado do Neira Vilas foi agasallado polo traballo de varios anos e varias xeraci\u00f3ns de mediadores e mediadoras. Tam\u00e9n pola brillantez coa que o equipo do curso 2008-09 expuxo o seu traballo no encontro de Pontevedra \u201cO alumnado \u00e9 protagonista\u201d &#8211; no marco da A21EG -.<\/p>\n<p>O \u201ccurso\u201d dividiuse en d\u00faas xornadas: na primeira, o 20 de abril, foi o centro Oleirense o anfitri\u00f3n. De 10 a 13 horas da ma\u00f1\u00e1, no Sal\u00f3n de Actos do centro, tras unha presentaci\u00f3n \u201cregulamentaria\u201d de t\u00f3dolos asistentes, desenvolveuse o programa: O conflito, preciso para medrar na vida; diferentes modos de afrontar un conflito: asertivo, pasivo e violento; a v\u00eda da mediaci\u00f3n: momentos da mediaci\u00f3n e habilidades sociais necesarias para todo mediador. Cada momento foi dinamizado por membros do equipo de convivencia existente e Perillo: Lidia Candal Su\u00e1rez, Adri\u00e1n Freire Rodriguez, Marta S\u00e1nchez M\u00e9ndez, Sara S\u00e1nchez Roma, Macarena Farias, Laura V\u00e1zquez, Estefan\u00eda Torres Esquivel e Laura Grobas. Empreg\u00e1ronse din\u00e1micas de grupo para tratar cada un dos apartados. Os momentos de lecer foron tam\u00e9n intensos e coidados: a parada a media ma\u00f1\u00e1 fixo famosa a tortilla do noso cantineiro Pablo en todo Guitiriz; e a ma\u00f1\u00e1 pechouse cun paseo de amigos e amigas pola praia de Santa Cristina.<\/p>\n<p>Entre a 1\u00aa e a 2\u00ba xornada o \u201ctuenti\u201d colapsouse na s\u00faa autoestrada virtual entre Perillo e Guitiriz&#8230; hab\u00eda que afianzar conceptos e amizades.<\/p>\n<figure id=\"attachment_1920\" aria-describedby=\"caption-attachment-1920\" style=\"width: 300px\" class=\"wp-caption alignright\"><a href=\"http:\/\/www.iesneiravilas.es\/arquivo\/wp-content\/uploads\/2014\/10\/mediacion2.jpg\"><img loading=\"lazy\" decoding=\"async\" class=\"size-medium wp-image-1920\" src=\"http:\/\/www.iesneiravilas.es\/arquivo\/wp-content\/uploads\/2014\/10\/mediacion2-300x225.jpg\" alt=\"As 2\u00aas xornadas foron de gran debate\" width=\"300\" height=\"225\" srcset=\"https:\/\/www.iesneiravilas.es\/arquivo\/wp-content\/uploads\/2014\/10\/mediacion2-300x225.jpg 300w, https:\/\/www.iesneiravilas.es\/arquivo\/wp-content\/uploads\/2014\/10\/mediacion2.jpg 1022w\" sizes=\"auto, (max-width: 300px) 100vw, 300px\" \/><\/a><figcaption id=\"caption-attachment-1920\" class=\"wp-caption-text\">As 2\u00aas xornadas foron de gran debate<\/figcaption><\/figure>\n<p>Na segunda xornada, o 25 de maio, foi o alumnado da Terra Ch\u00e1 quen acolleu ao grupo de mari\u00f1\u00e1ns que foron al\u00e1. Decidiuse que fose todo o grupo, non so os m\u00e1is directamente implicados na mediaci\u00f3n, para facer tam\u00e9n balance do ano acad\u00e9mico e pasar o d\u00eda xuntos convivindo. Sum\u00e1ronse ent\u00f3n aos xa co\u00f1ecidos: Sara Castro, Luc\u00eda Rodr\u00edguez, Lidia Sotorr\u00edos, Alejandro Nogueira, Sergio Ce\u00e1n, Andr\u00e9 Luis Araujo, \u00c1lvaro Cadavieco, Fernando Romero, Nicole Barros, Mart\u00edn Mejuto, Sergio Roget, Jesica Valadares, Leila Mejuto&#8230; A tem\u00e1tica permit\u00eda facer isto xa que esta segunda foi unha xornada sobre cuesti\u00f3ns organizativas: como se aborda un conflito nun centro sen mediaci\u00f3n e como con mediaci\u00f3n?; a posta en marcha do equipo de convivencia e mediaci\u00f3n curso a curso ? E as li\u00f1as de traballo que tentou desenvolver no Neira Vilas o Equipo: a mediaci\u00f3n en conflitos; a coidado medio-ambiental &#8211; reciclaxe, punto limpo, aforro&#8230; -; o acompa\u00f1amento aos novos &#8211; asignando un compa\u00f1eiro o u compa\u00f1eira aos alumnos que chegan novos ao centro -; asesor\u00eda aos delegados e delegadas &#8211; mediante \u201cauditor\u00edas\u201d sobre a marcha dos distintos grupos -; observatorio da convivencia &#8211; detectando problemas e facendo un seguimento da sa\u00fade da convivencia no centro con reuni\u00f3ns peri\u00f3dicas coa Xefatura de Estudos e Orientaci\u00f3n&#8230;-. Precisamente na avaliaci\u00f3n destas li\u00f1as participaron activamente aqueles que non estaban directamente involucrados en mediaci\u00f3n. O tempo de lecer non foi menos importante: Parada a media ma\u00f1\u00e1 para saborear unhas empanadas moi ricas de carne e de bonito; comida na ribeira do r\u00edo Parga, no lugar dos \u201cSete Mu\u00ed\u00f1os\u201d &#8211; piscina fluvial de Guitiriz \u2013 con alg\u00fan susto pola chuvia; e tarde de paseo e \u201cbares\u201d polo centro de Guitiriz tam\u00e9n facendo m\u00e1is amigos; ate houbo quen andou uns quil\u00f3metros polo monte ate Pardi\u00f1as &#8211; lugar de soa polo seu festival folck e o seu vello balneario -.<\/p>\n<p>A valoraci\u00f3n foi positiva por parte dos dous grupos. Agardando unha mais sisuda e pausada \u00e9 unha constataci\u00f3n o enriquecemento do intercambio entre compa\u00f1eiras e compa\u00f1eiros de distinto centro e diferente nivel educativo. Tam\u00e9n d\u00e1 xogo a mediaci\u00f3n como dramatizaci\u00f3n alternativa da vivencia dun conflito: inventar o alternativo \u00e1 labazada, a declaraci\u00f3n de guerra ou \u00e1 imprescindible intervenci\u00f3n do Leviat\u00e1n Hobbesiano. A cr\u00edtica maior que admite todo isto \u00e9 precisamente a s\u00faa fraxilidade, a s\u00faa caducidade nun tempo onde a vida dos rapaces e rapazas \u201cvai de paso\u201d, na s\u00faa frescura de \u201cle\u00f1a verde &#8230;que todo e fume&#8230;\u201d, vaia, como case todo en educaci\u00f3n.<\/p>\n<div id='gallery-1' class='gallery galleryid-1918 gallery-columns-3 gallery-size-thumbnail'><figure class='gallery-item'>\n\t\t\t<div class='gallery-icon landscape'>\n\t\t\t\t<a href='https:\/\/www.iesneiravilas.es\/arquivo\/?attachment_id=1921'><img loading=\"lazy\" decoding=\"async\" width=\"150\" height=\"150\" src=\"https:\/\/www.iesneiravilas.es\/arquivo\/wp-content\/uploads\/2014\/10\/mediacion1-150x150.jpg\" class=\"attachment-thumbnail size-thumbnail\" alt=\"Dinamizando as 2\u00aas xornadas en Guitiriz\" aria-describedby=\"gallery-1-1921\" \/><\/a>\n\t\t\t<\/div>\n\t\t\t\t<figcaption class='wp-caption-text gallery-caption' id='gallery-1-1921'>\n\t\t\t\tDinamizando as 2\u00aas xornadas en Guitiriz\n\t\t\t\t<\/figcaption><\/figure><figure class='gallery-item'>\n\t\t\t<div class='gallery-icon landscape'>\n\t\t\t\t<a href='https:\/\/www.iesneiravilas.es\/arquivo\/?attachment_id=1922'><img loading=\"lazy\" decoding=\"async\" width=\"150\" height=\"150\" src=\"https:\/\/www.iesneiravilas.es\/arquivo\/wp-content\/uploads\/2014\/10\/mediacion4-150x150.jpg\" class=\"attachment-thumbnail size-thumbnail\" alt=\"Nas primeiras xornadas no Neira Vilas\" aria-describedby=\"gallery-1-1922\" \/><\/a>\n\t\t\t<\/div>\n\t\t\t\t<figcaption class='wp-caption-text gallery-caption' id='gallery-1-1922'>\n\t\t\t\tNas primeiras xornadas no Neira Vilas\n\t\t\t\t<\/figcaption><\/figure><figure class='gallery-item'>\n\t\t\t<div class='gallery-icon landscape'>\n\t\t\t\t<a href='https:\/\/www.iesneiravilas.es\/arquivo\/?attachment_id=1923'><img loading=\"lazy\" decoding=\"async\" width=\"150\" height=\"150\" src=\"https:\/\/www.iesneiravilas.es\/arquivo\/wp-content\/uploads\/2014\/10\/mediacion5-150x150.jpg\" class=\"attachment-thumbnail size-thumbnail\" alt=\"Nas primeiras xornadas no Neira Vilas\" aria-describedby=\"gallery-1-1923\" \/><\/a>\n\t\t\t<\/div>\n\t\t\t\t<figcaption class='wp-caption-text gallery-caption' id='gallery-1-1923'>\n\t\t\t\tNas primeiras xornadas no Neira Vilas\n\t\t\t\t<\/figcaption><\/figure><figure class='gallery-item'>\n\t\t\t<div class='gallery-icon landscape'>\n\t\t\t\t<a href='https:\/\/www.iesneiravilas.es\/arquivo\/?attachment_id=1924'><img loading=\"lazy\" decoding=\"async\" width=\"150\" height=\"150\" src=\"https:\/\/www.iesneiravilas.es\/arquivo\/wp-content\/uploads\/2014\/10\/mediacion7-150x150.jpg\" class=\"attachment-thumbnail size-thumbnail\" alt=\"Grupo de Convivencia E Mediaci\u00f3n\" aria-describedby=\"gallery-1-1924\" \/><\/a>\n\t\t\t<\/div>\n\t\t\t\t<figcaption class='wp-caption-text gallery-caption' id='gallery-1-1924'>\n\t\t\t\tGrupo de Convivencia E Mediaci\u00f3n\n\t\t\t\t<\/figcaption><\/figure><figure class='gallery-item'>\n\t\t\t<div class='gallery-icon portrait'>\n\t\t\t\t<a href='https:\/\/www.iesneiravilas.es\/arquivo\/?attachment_id=1925'><img loading=\"lazy\" decoding=\"async\" width=\"150\" height=\"150\" src=\"https:\/\/www.iesneiravilas.es\/arquivo\/wp-content\/uploads\/2014\/10\/mediacion6-150x150.jpg\" class=\"attachment-thumbnail size-thumbnail\" alt=\"Grupo de Convivencia E Mediaci\u00f3n\" aria-describedby=\"gallery-1-1925\" \/><\/a>\n\t\t\t<\/div>\n\t\t\t\t<figcaption class='wp-caption-text gallery-caption' id='gallery-1-1925'>\n\t\t\t\tGrupo de Convivencia E Mediaci\u00f3n\n\t\t\t\t<\/figcaption><\/figure>\n\t\t<\/div>\n\n","protected":false},"excerpt":{"rendered":"<p>\u201cO EQUIPO DE MEDIACI\u00d3N E CONVIVENCIA NO CENTRO ESCOLAR\u201d foi o tema central da experiencia de intercambio e formaci\u00f3n entre iguais entre o I.E.S. X. Neira Vilas e o I.E.S. Poeta D\u00edaz Castro. Unha posibilidade que promoveu e fixo posible o programa Axenda 21 Escolar de Galicia. O encontro persoal e a educaci\u00f3n entre iguais &hellip; <a href=\"https:\/\/www.iesneiravilas.es\/arquivo\/?p=1918\" class=\"more-link\">Seguir lendo <span class=\"screen-reader-text\">Mediadoras do Neira Vilas imparten un curso a compa\u00f1eiros de Guitiriz<\/span> <span class=\"meta-nav\">&rarr;<\/span><\/a><\/p>\n","protected":false},"author":1,"featured_media":0,"comment_status":"closed","ping_status":"open","sticky":false,"template":"","format":"standard","meta":{"footnotes":""},"categories":[17,142,133,472],"tags":[170,410,412,411,397,108,400,406,413,284,395,356,322,399,407,405,418,401,409,408,367,351,415,414,398,383,404,92,416,396],"class_list":["post-1918","post","type-post","status-publish","format-standard","hentry","category-actividades","category-curso","category-curso-2009-2010","category-outras","tag-adrian-freire","tag-alejandro-nogueira","tag-alvaro-cadavieco","tag-andre-luis-araujo","tag-catalina-bernot-hernandez","tag-convivencia-e-mediacion","tag-damaris-fernandez-pumar","tag-estefania-torres-esquivel","tag-fernando-romero","tag-fernando-vidal","tag-i-e-s-poeta-diaz-castro","tag-jessica-valadares","tag-jesus-fernandez-llaneza","tag-laura-carro-sabio","tag-laura-grobas","tag-laura-vazquez","tag-leila-mejuto","tag-lidia-candal-suarez","tag-lidia-sotorrios","tag-lucia-rodriguez","tag-macarena-farias","tag-marta-sanchez","tag-martin-mejuto","tag-nicole-barros","tag-nuria-buno-golan","tag-sara-castro","tag-sara-sanchez-roma","tag-sergio-cean","tag-sergio-roget","tag-teresa-lopez-velo"],"_links":{"self":[{"href":"https:\/\/www.iesneiravilas.es\/arquivo\/index.php?rest_route=\/wp\/v2\/posts\/1918","targetHints":{"allow":["GET"]}}],"collection":[{"href":"https:\/\/www.iesneiravilas.es\/arquivo\/index.php?rest_route=\/wp\/v2\/posts"}],"about":[{"href":"https:\/\/www.iesneiravilas.es\/arquivo\/index.php?rest_route=\/wp\/v2\/types\/post"}],"author":[{"embeddable":true,"href":"https:\/\/www.iesneiravilas.es\/arquivo\/index.php?rest_route=\/wp\/v2\/users\/1"}],"replies":[{"embeddable":true,"href":"https:\/\/www.iesneiravilas.es\/arquivo\/index.php?rest_route=%2Fwp%2Fv2%2Fcomments&post=1918"}],"version-history":[{"count":1,"href":"https:\/\/www.iesneiravilas.es\/arquivo\/index.php?rest_route=\/wp\/v2\/posts\/1918\/revisions"}],"predecessor-version":[{"id":1926,"href":"https:\/\/www.iesneiravilas.es\/arquivo\/index.php?rest_route=\/wp\/v2\/posts\/1918\/revisions\/1926"}],"wp:attachment":[{"href":"https:\/\/www.iesneiravilas.es\/arquivo\/index.php?rest_route=%2Fwp%2Fv2%2Fmedia&parent=1918"}],"wp:term":[{"taxonomy":"category","embeddable":true,"href":"https:\/\/www.iesneiravilas.es\/arquivo\/index.php?rest_route=%2Fwp%2Fv2%2Fcategories&post=1918"},{"taxonomy":"post_tag","embeddable":true,"href":"https:\/\/www.iesneiravilas.es\/arquivo\/index.php?rest_route=%2Fwp%2Fv2%2Ftags&post=1918"}],"curies":[{"name":"wp","href":"https:\/\/api.w.org\/{rel}","templated":true}]}}