{"id":1939,"date":"2010-03-14T20:57:08","date_gmt":"2010-03-14T18:57:08","guid":{"rendered":"http:\/\/www.iesneiravilas.es\/arquivo\/?p=1939"},"modified":"2014-10-16T09:00:40","modified_gmt":"2014-10-16T07:00:40","slug":"visita-a-compostela","status":"publish","type":"post","link":"https:\/\/www.iesneiravilas.es\/arquivo\/?p=1939","title":{"rendered":"Visita a Compostela"},"content":{"rendered":"<p>O luns 8 de marzo alumnado de 4\u00baC acompa\u00f1ados da profesora Carmen Garc\u00eda-Rodeja, visitou Compostela. A pesar do d\u00eda de fr\u00edo e vento foi posible ver a cidade sen chuvia e sen turistas.<\/p>\n<p>A visita serv\u00edu para identificar e co\u00f1ecer m\u00e1is a fondo os principais edificios da cidade, tanto da arquitrectura tradicional como da monumental. Observouse o urbanismo, as r\u00faas medievales, as plazas barrocas e o interior dos principias edificios religiosos. Tam\u00e9n se visitaron alg\u00fanha das exposici\u00f3ns temporais que durante eses d\u00edas estaban en Santiago.<\/p>\n<p>\u00d3 longo da visita leronse textos sobre a cidade en lugares especialmente significativos.<\/p>\n<div id='gallery-1' class='gallery galleryid-1939 gallery-columns-3 gallery-size-thumbnail'><figure class='gallery-item'>\n\t\t\t<div class='gallery-icon landscape'>\n\t\t\t\t<a href='https:\/\/www.iesneiravilas.es\/arquivo\/?attachment_id=1940'><img loading=\"lazy\" decoding=\"async\" width=\"150\" height=\"150\" src=\"https:\/\/www.iesneiravilas.es\/arquivo\/wp-content\/uploads\/2014\/10\/visita_santiago1-150x150.jpg\" class=\"attachment-thumbnail size-thumbnail\" alt=\"Visita a Compostela\" aria-describedby=\"gallery-1-1940\" \/><\/a>\n\t\t\t<\/div>\n\t\t\t\t<figcaption class='wp-caption-text gallery-caption' id='gallery-1-1940'>\n\t\t\t\tVisita a Compostela\n\t\t\t\t<\/figcaption><\/figure><figure class='gallery-item'>\n\t\t\t<div class='gallery-icon landscape'>\n\t\t\t\t<a href='https:\/\/www.iesneiravilas.es\/arquivo\/?attachment_id=1941'><img loading=\"lazy\" decoding=\"async\" width=\"150\" height=\"150\" src=\"https:\/\/www.iesneiravilas.es\/arquivo\/wp-content\/uploads\/2014\/10\/visita_santiago2-150x150.jpg\" class=\"attachment-thumbnail size-thumbnail\" alt=\"Visita a Compostela\" aria-describedby=\"gallery-1-1941\" \/><\/a>\n\t\t\t<\/div>\n\t\t\t\t<figcaption class='wp-caption-text gallery-caption' id='gallery-1-1941'>\n\t\t\t\tVisita a Compostela\n\t\t\t\t<\/figcaption><\/figure><figure class='gallery-item'>\n\t\t\t<div class='gallery-icon landscape'>\n\t\t\t\t<a href='https:\/\/www.iesneiravilas.es\/arquivo\/?attachment_id=1942'><img loading=\"lazy\" decoding=\"async\" width=\"150\" height=\"150\" src=\"https:\/\/www.iesneiravilas.es\/arquivo\/wp-content\/uploads\/2014\/10\/visita_santiago3-150x150.jpg\" class=\"attachment-thumbnail size-thumbnail\" alt=\"Visita a Compostela\" aria-describedby=\"gallery-1-1942\" \/><\/a>\n\t\t\t<\/div>\n\t\t\t\t<figcaption class='wp-caption-text gallery-caption' id='gallery-1-1942'>\n\t\t\t\tVisita a Compostela\n\t\t\t\t<\/figcaption><\/figure><figure class='gallery-item'>\n\t\t\t<div class='gallery-icon portrait'>\n\t\t\t\t<a href='https:\/\/www.iesneiravilas.es\/arquivo\/?attachment_id=1943'><img loading=\"lazy\" decoding=\"async\" width=\"150\" height=\"150\" src=\"https:\/\/www.iesneiravilas.es\/arquivo\/wp-content\/uploads\/2014\/10\/visita_santiago4-150x150.jpg\" class=\"attachment-thumbnail size-thumbnail\" alt=\"Visita a Compostela\" aria-describedby=\"gallery-1-1943\" \/><\/a>\n\t\t\t<\/div>\n\t\t\t\t<figcaption class='wp-caption-text gallery-caption' id='gallery-1-1943'>\n\t\t\t\tVisita a Compostela\n\t\t\t\t<\/figcaption><\/figure><figure class='gallery-item'>\n\t\t\t<div class='gallery-icon landscape'>\n\t\t\t\t<a href='https:\/\/www.iesneiravilas.es\/arquivo\/?attachment_id=1944'><img loading=\"lazy\" decoding=\"async\" width=\"150\" height=\"150\" src=\"https:\/\/www.iesneiravilas.es\/arquivo\/wp-content\/uploads\/2014\/10\/visita_santiago5-150x150.jpg\" class=\"attachment-thumbnail size-thumbnail\" alt=\"Visita a Compostela\" aria-describedby=\"gallery-1-1944\" \/><\/a>\n\t\t\t<\/div>\n\t\t\t\t<figcaption class='wp-caption-text gallery-caption' id='gallery-1-1944'>\n\t\t\t\tVisita a Compostela\n\t\t\t\t<\/figcaption><\/figure><figure class='gallery-item'>\n\t\t\t<div class='gallery-icon landscape'>\n\t\t\t\t<a href='https:\/\/www.iesneiravilas.es\/arquivo\/?attachment_id=1945'><img loading=\"lazy\" decoding=\"async\" width=\"150\" height=\"150\" src=\"https:\/\/www.iesneiravilas.es\/arquivo\/wp-content\/uploads\/2014\/10\/visita_santiago6-150x150.jpg\" class=\"attachment-thumbnail size-thumbnail\" alt=\"Visita a Compostela\" aria-describedby=\"gallery-1-1945\" \/><\/a>\n\t\t\t<\/div>\n\t\t\t\t<figcaption class='wp-caption-text gallery-caption' id='gallery-1-1945'>\n\t\t\t\tVisita a Compostela\n\t\t\t\t<\/figcaption><\/figure><figure class='gallery-item'>\n\t\t\t<div class='gallery-icon portrait'>\n\t\t\t\t<a href='https:\/\/www.iesneiravilas.es\/arquivo\/?attachment_id=1946'><img loading=\"lazy\" decoding=\"async\" width=\"150\" height=\"150\" src=\"https:\/\/www.iesneiravilas.es\/arquivo\/wp-content\/uploads\/2014\/10\/visita_santiago7-150x150.jpg\" class=\"attachment-thumbnail size-thumbnail\" alt=\"Visita a Compostela\" aria-describedby=\"gallery-1-1946\" \/><\/a>\n\t\t\t<\/div>\n\t\t\t\t<figcaption class='wp-caption-text gallery-caption' id='gallery-1-1946'>\n\t\t\t\tVisita a Compostela\n\t\t\t\t<\/figcaption><\/figure><figure class='gallery-item'>\n\t\t\t<div class='gallery-icon landscape'>\n\t\t\t\t<a href='https:\/\/www.iesneiravilas.es\/arquivo\/?attachment_id=1947'><img loading=\"lazy\" decoding=\"async\" width=\"150\" height=\"150\" src=\"https:\/\/www.iesneiravilas.es\/arquivo\/wp-content\/uploads\/2014\/10\/visita_santiago8-150x150.jpg\" class=\"attachment-thumbnail size-thumbnail\" alt=\"Visita a Compostela\" aria-describedby=\"gallery-1-1947\" \/><\/a>\n\t\t\t<\/div>\n\t\t\t\t<figcaption class='wp-caption-text gallery-caption' id='gallery-1-1947'>\n\t\t\t\tVisita a Compostela\n\t\t\t\t<\/figcaption><\/figure><figure class='gallery-item'>\n\t\t\t<div class='gallery-icon landscape'>\n\t\t\t\t<a href='https:\/\/www.iesneiravilas.es\/arquivo\/?attachment_id=1948'><img loading=\"lazy\" decoding=\"async\" width=\"150\" height=\"150\" src=\"https:\/\/www.iesneiravilas.es\/arquivo\/wp-content\/uploads\/2014\/10\/visita_santiago9-150x150.jpg\" class=\"attachment-thumbnail size-thumbnail\" alt=\"Visita a Compostela\" aria-describedby=\"gallery-1-1948\" \/><\/a>\n\t\t\t<\/div>\n\t\t\t\t<figcaption class='wp-caption-text gallery-caption' id='gallery-1-1948'>\n\t\t\t\tVisita a Compostela\n\t\t\t\t<\/figcaption><\/figure><figure class='gallery-item'>\n\t\t\t<div class='gallery-icon landscape'>\n\t\t\t\t<a href='https:\/\/www.iesneiravilas.es\/arquivo\/?attachment_id=1935'><img loading=\"lazy\" decoding=\"async\" width=\"150\" height=\"150\" src=\"https:\/\/www.iesneiravilas.es\/arquivo\/wp-content\/uploads\/2014\/10\/intercambio8-150x150.jpg\" class=\"attachment-thumbnail size-thumbnail\" alt=\"En la sala de multimedia del instituto\" aria-describedby=\"gallery-1-1935\" \/><\/a>\n\t\t\t<\/div>\n\t\t\t\t<figcaption class='wp-caption-text gallery-caption' id='gallery-1-1935'>\n\t\t\t\tEn la sala de multimedia del instituto\n\t\t\t\t<\/figcaption><\/figure><figure class='gallery-item'>\n\t\t\t<div class='gallery-icon landscape'>\n\t\t\t\t<a href='https:\/\/www.iesneiravilas.es\/arquivo\/?attachment_id=1936'><img loading=\"lazy\" decoding=\"async\" width=\"150\" height=\"150\" src=\"https:\/\/www.iesneiravilas.es\/arquivo\/wp-content\/uploads\/2014\/10\/intercambio9-150x150.jpg\" class=\"attachment-thumbnail size-thumbnail\" alt=\"En clase de espa\u00f1ol\" aria-describedby=\"gallery-1-1936\" \/><\/a>\n\t\t\t<\/div>\n\t\t\t\t<figcaption class='wp-caption-text gallery-caption' id='gallery-1-1936'>\n\t\t\t\tEn clase de espa\u00f1ol\n\t\t\t\t<\/figcaption><\/figure><figure class='gallery-item'>\n\t\t\t<div class='gallery-icon landscape'>\n\t\t\t\t<a href='https:\/\/www.iesneiravilas.es\/arquivo\/?attachment_id=1937'><img loading=\"lazy\" decoding=\"async\" width=\"150\" height=\"150\" src=\"https:\/\/www.iesneiravilas.es\/arquivo\/wp-content\/uploads\/2014\/10\/intercambio10-150x150.jpg\" class=\"attachment-thumbnail size-thumbnail\" alt=\"En clase de espa\u00f1ol\" aria-describedby=\"gallery-1-1937\" \/><\/a>\n\t\t\t<\/div>\n\t\t\t\t<figcaption class='wp-caption-text gallery-caption' id='gallery-1-1937'>\n\t\t\t\tEn clase de espa\u00f1ol\n\t\t\t\t<\/figcaption><\/figure>\n\t\t<\/div>\n\n","protected":false},"excerpt":{"rendered":"<p>O luns 8 de marzo alumnado de 4\u00baC acompa\u00f1ados da profesora Carmen Garc\u00eda-Rodeja, visitou Compostela. A pesar do d\u00eda de fr\u00edo e vento foi posible ver a cidade sen chuvia e sen turistas. A visita serv\u00edu para identificar e co\u00f1ecer m\u00e1is a fondo os principais edificios da cidade, tanto da arquitrectura tradicional como da monumental. &hellip; <a href=\"https:\/\/www.iesneiravilas.es\/arquivo\/?p=1939\" class=\"more-link\">Seguir lendo <span class=\"screen-reader-text\">Visita a Compostela<\/span> <span class=\"meta-nav\">&rarr;<\/span><\/a><\/p>\n","protected":false},"author":1,"featured_media":0,"comment_status":"closed","ping_status":"open","sticky":false,"template":"","format":"standard","meta":{"footnotes":""},"categories":[17,142,133,152],"tags":[388],"class_list":["post-1939","post","type-post","status-publish","format-standard","hentry","category-actividades","category-curso","category-curso-2009-2010","category-excursionvisita","tag-carmen-garcia-rodeja"],"_links":{"self":[{"href":"https:\/\/www.iesneiravilas.es\/arquivo\/index.php?rest_route=\/wp\/v2\/posts\/1939","targetHints":{"allow":["GET"]}}],"collection":[{"href":"https:\/\/www.iesneiravilas.es\/arquivo\/index.php?rest_route=\/wp\/v2\/posts"}],"about":[{"href":"https:\/\/www.iesneiravilas.es\/arquivo\/index.php?rest_route=\/wp\/v2\/types\/post"}],"author":[{"embeddable":true,"href":"https:\/\/www.iesneiravilas.es\/arquivo\/index.php?rest_route=\/wp\/v2\/users\/1"}],"replies":[{"embeddable":true,"href":"https:\/\/www.iesneiravilas.es\/arquivo\/index.php?rest_route=%2Fwp%2Fv2%2Fcomments&post=1939"}],"version-history":[{"count":1,"href":"https:\/\/www.iesneiravilas.es\/arquivo\/index.php?rest_route=\/wp\/v2\/posts\/1939\/revisions"}],"predecessor-version":[{"id":1949,"href":"https:\/\/www.iesneiravilas.es\/arquivo\/index.php?rest_route=\/wp\/v2\/posts\/1939\/revisions\/1949"}],"wp:attachment":[{"href":"https:\/\/www.iesneiravilas.es\/arquivo\/index.php?rest_route=%2Fwp%2Fv2%2Fmedia&parent=1939"}],"wp:term":[{"taxonomy":"category","embeddable":true,"href":"https:\/\/www.iesneiravilas.es\/arquivo\/index.php?rest_route=%2Fwp%2Fv2%2Fcategories&post=1939"},{"taxonomy":"post_tag","embeddable":true,"href":"https:\/\/www.iesneiravilas.es\/arquivo\/index.php?rest_route=%2Fwp%2Fv2%2Ftags&post=1939"}],"curies":[{"name":"wp","href":"https:\/\/api.w.org\/{rel}","templated":true}]}}