{"id":1973,"date":"2009-11-14T21:08:58","date_gmt":"2009-11-14T19:08:58","guid":{"rendered":"http:\/\/www.iesneiravilas.es\/arquivo\/?p=1973"},"modified":"2014-10-14T21:11:59","modified_gmt":"2014-10-14T19:11:59","slug":"reflexions-de-actualidade","status":"publish","type":"post","link":"https:\/\/www.iesneiravilas.es\/arquivo\/?p=1973","title":{"rendered":"Reflexi\u00f3ns de actualidade"},"content":{"rendered":"<h3>Actividade do alumnado de 3\u00ba e 4\u00ba de ESO<\/h3>\n<h4><a href=\"http:\/\/www.iesneiravilas.es\/arquivo\/wp-content\/uploads\/2014\/10\/a_crise_e_os_nenos_saharauis_daniel_vazquez_4a.pdf\">A crise e os nenos saharauis<\/a> [ 471 KB]<\/h4>\n<p>Agora que o Sahara entre na primeira plana da actualidade, Daniel V\u00e1zquez reflexiona sobre a crise e os nenos saharauis<\/p>\n<h4><a href=\"http:\/\/www.iesneiravilas.es\/arquivo\/wp-content\/uploads\/2014\/10\/sen_futuro_marta_saavedra_4a.pdf\">Sen futuro<\/a> [ 32 KB]<\/h4>\n<p>O d\u00eda 25 de novembro celebrouse o d\u00eda internacional contra a violencia sobre as mulleres. Marta Saavedra nos presenta esta breve e pero profunda reflexi\u00f3n.<\/p>\n<h4><a href=\"http:\/\/www.iesneiravilas.es\/arquivo\/wp-content\/uploads\/2014\/10\/a_mortalidade_infantil_no_mundo_maria_ramil_3a.pdf\">A mortalidade infantil no mundo<\/a> [ 39 KB]<\/h4>\n<p>O 20 de novembro foi a celebraci\u00f3n do d\u00eda internacional do Dereitos da infancia. Velaivai a informaci\u00f3n de Mar\u00eda Ramil sobre a mortalidade infantil.<\/p>\n","protected":false},"excerpt":{"rendered":"<p>Actividade do alumnado de 3\u00ba e 4\u00ba de ESO A crise e os nenos saharauis [ 471 KB] Agora que o Sahara entre na primeira plana da actualidade, Daniel V\u00e1zquez reflexiona sobre a crise e os nenos saharauis Sen futuro [ 32 KB] O d\u00eda 25 de novembro celebrouse o d\u00eda internacional contra a violencia &hellip; <a href=\"https:\/\/www.iesneiravilas.es\/arquivo\/?p=1973\" class=\"more-link\">Seguir lendo <span class=\"screen-reader-text\">Reflexi\u00f3ns de actualidade<\/span> <span class=\"meta-nav\">&rarr;<\/span><\/a><\/p>\n","protected":false},"author":1,"featured_media":0,"comment_status":"closed","ping_status":"open","sticky":false,"template":"","format":"standard","meta":{"footnotes":""},"categories":[17,142,133],"tags":[358,423,422],"class_list":["post-1973","post","type-post","status-publish","format-standard","hentry","category-actividades","category-curso","category-curso-2009-2010","tag-daniel-vazquez","tag-maria-ramil","tag-marta-saavedra"],"_links":{"self":[{"href":"https:\/\/www.iesneiravilas.es\/arquivo\/index.php?rest_route=\/wp\/v2\/posts\/1973","targetHints":{"allow":["GET"]}}],"collection":[{"href":"https:\/\/www.iesneiravilas.es\/arquivo\/index.php?rest_route=\/wp\/v2\/posts"}],"about":[{"href":"https:\/\/www.iesneiravilas.es\/arquivo\/index.php?rest_route=\/wp\/v2\/types\/post"}],"author":[{"embeddable":true,"href":"https:\/\/www.iesneiravilas.es\/arquivo\/index.php?rest_route=\/wp\/v2\/users\/1"}],"replies":[{"embeddable":true,"href":"https:\/\/www.iesneiravilas.es\/arquivo\/index.php?rest_route=%2Fwp%2Fv2%2Fcomments&post=1973"}],"version-history":[{"count":1,"href":"https:\/\/www.iesneiravilas.es\/arquivo\/index.php?rest_route=\/wp\/v2\/posts\/1973\/revisions"}],"predecessor-version":[{"id":1977,"href":"https:\/\/www.iesneiravilas.es\/arquivo\/index.php?rest_route=\/wp\/v2\/posts\/1973\/revisions\/1977"}],"wp:attachment":[{"href":"https:\/\/www.iesneiravilas.es\/arquivo\/index.php?rest_route=%2Fwp%2Fv2%2Fmedia&parent=1973"}],"wp:term":[{"taxonomy":"category","embeddable":true,"href":"https:\/\/www.iesneiravilas.es\/arquivo\/index.php?rest_route=%2Fwp%2Fv2%2Fcategories&post=1973"},{"taxonomy":"post_tag","embeddable":true,"href":"https:\/\/www.iesneiravilas.es\/arquivo\/index.php?rest_route=%2Fwp%2Fv2%2Ftags&post=1973"}],"curies":[{"name":"wp","href":"https:\/\/api.w.org\/{rel}","templated":true}]}}