{"id":2123,"date":"2010-11-30T12:12:43","date_gmt":"2010-11-30T10:12:43","guid":{"rendered":"http:\/\/www.iesneiravilas.es\/arquivo\/?p=2123"},"modified":"2014-10-16T08:55:29","modified_gmt":"2014-10-16T06:55:29","slug":"recital-homenaxe-a-miguel-hernandez-no-centenario-do-seu-nacemento","status":"publish","type":"post","link":"https:\/\/www.iesneiravilas.es\/arquivo\/?p=2123","title":{"rendered":"Recital-Homenaxe a Miguel Hern\u00e1ndez no centenario do seu nacemento."},"content":{"rendered":"<figure id=\"attachment_2124\" aria-describedby=\"caption-attachment-2124\" style=\"width: 160px\" class=\"wp-caption alignleft\"><a href=\"http:\/\/www.iesneiravilas.es\/arquivo\/wp-content\/uploads\/2014\/10\/cartel_homenaxe_miguel_hernandez.pdf\"><img loading=\"lazy\" decoding=\"async\" class=\"size-full wp-image-2124\" src=\"http:\/\/www.iesneiravilas.es\/arquivo\/wp-content\/uploads\/2014\/10\/cartel1.jpg\" alt=\"cartel\" width=\"160\" height=\"225\" \/><\/a><figcaption id=\"caption-attachment-2124\" class=\"wp-caption-text\">cartel<\/figcaption><\/figure>\n<p>No sal\u00f3n de actos do Instituto celebrouse o 29 de Novembro o Recital po\u00e9tico en homenaxe a Miguel Hern\u00e1ndez.<\/p>\n<p>O poeta nacido en Orihuela hay cen anos, fillo de labregos, desempe\u00f1ou, entre outros oficios, o de pastor de cabras. Iniciouse na poes\u00eda desde moi novo e publicou o seu primeiro libro \u00abPerito en lunas\u00bb en 1933, a s\u00faa experiencia amorosa nola mostra en \u00abEl rayo que no cesa\u00bb. Durante a Guerra civil militou moi activamente no bando republicano como Comisario de Cultura. Ao remate do conflito foi encarcerado e condenado \u00e1 morte. Antes de morrer, enfermo e detido, publicou a s\u00faa \u00faltima obra, \u00abCancionero y romancero de ausencias\u00bb. Faleceu en 1942 a causa da tuberculose contraida na cadea.<\/p>\n<p>No recital participou alumnado de todos os cursos: Ricardo \u00c1guila Hidalgo, Jacobo Machiavello, Ant\u00eda L\u00f3pez Mosteiro, Macarena Far\u00edas, B\u00e1rbara Rodr\u00edguez Gil, Lidia Sotorr\u00edos, Iv\u00e1n Canosa, Carmen Villar, Jennifer Seoane, Alex L\u00f3pez Carballeira, Silvana Becerra Paz e Izan V\u00e1zquez Seoane.<\/p>\n<p>Foi un gran \u00e9xito pola gran participaci\u00f3n de alumnos e alumnas e polo interese do p\u00fablico.<\/p>\n<div id='gallery-1' class='gallery galleryid-2123 gallery-columns-3 gallery-size-thumbnail'><figure class='gallery-item'>\n\t\t\t<div class='gallery-icon landscape'>\n\t\t\t\t<a href='https:\/\/www.iesneiravilas.es\/arquivo\/?attachment_id=2133'><img loading=\"lazy\" decoding=\"async\" width=\"150\" height=\"150\" src=\"https:\/\/www.iesneiravilas.es\/arquivo\/wp-content\/uploads\/2014\/10\/miguel_hernandez_01-150x150.jpg\" class=\"attachment-thumbnail size-thumbnail\" alt=\"Recital-Homenaxe a Miguel Hern\u00e1ndez\" aria-describedby=\"gallery-1-2133\" \/><\/a>\n\t\t\t<\/div>\n\t\t\t\t<figcaption class='wp-caption-text gallery-caption' id='gallery-1-2133'>\n\t\t\t\tRecital-Homenaxe a Miguel Hern\u00e1ndez\n\t\t\t\t<\/figcaption><\/figure><figure class='gallery-item'>\n\t\t\t<div class='gallery-icon landscape'>\n\t\t\t\t<a href='https:\/\/www.iesneiravilas.es\/arquivo\/?attachment_id=2132'><img loading=\"lazy\" decoding=\"async\" width=\"150\" height=\"150\" src=\"https:\/\/www.iesneiravilas.es\/arquivo\/wp-content\/uploads\/2014\/10\/miguel_hernandez_08-150x150.jpg\" class=\"attachment-thumbnail size-thumbnail\" alt=\"Recital-Homenaxe a Miguel Hern\u00e1ndez\" aria-describedby=\"gallery-1-2132\" \/><\/a>\n\t\t\t<\/div>\n\t\t\t\t<figcaption class='wp-caption-text gallery-caption' id='gallery-1-2132'>\n\t\t\t\tRecital-Homenaxe a Miguel Hern\u00e1ndez\n\t\t\t\t<\/figcaption><\/figure><figure class='gallery-item'>\n\t\t\t<div class='gallery-icon landscape'>\n\t\t\t\t<a href='https:\/\/www.iesneiravilas.es\/arquivo\/?attachment_id=2131'><img loading=\"lazy\" decoding=\"async\" width=\"150\" height=\"150\" src=\"https:\/\/www.iesneiravilas.es\/arquivo\/wp-content\/uploads\/2014\/10\/miguel_hernandez_07-150x150.jpg\" class=\"attachment-thumbnail size-thumbnail\" alt=\"Recital-Homenaxe a Miguel Hern\u00e1ndez\" aria-describedby=\"gallery-1-2131\" \/><\/a>\n\t\t\t<\/div>\n\t\t\t\t<figcaption class='wp-caption-text gallery-caption' id='gallery-1-2131'>\n\t\t\t\tRecital-Homenaxe a Miguel Hern\u00e1ndez\n\t\t\t\t<\/figcaption><\/figure><figure class='gallery-item'>\n\t\t\t<div class='gallery-icon landscape'>\n\t\t\t\t<a href='https:\/\/www.iesneiravilas.es\/arquivo\/?attachment_id=2128'><img loading=\"lazy\" decoding=\"async\" width=\"150\" height=\"150\" src=\"https:\/\/www.iesneiravilas.es\/arquivo\/wp-content\/uploads\/2014\/10\/miguel_hernandez_04-150x150.jpg\" class=\"attachment-thumbnail size-thumbnail\" alt=\"Recital-Homenaxe a Miguel Hern\u00e1ndez\" aria-describedby=\"gallery-1-2128\" \/><\/a>\n\t\t\t<\/div>\n\t\t\t\t<figcaption class='wp-caption-text gallery-caption' id='gallery-1-2128'>\n\t\t\t\tRecital-Homenaxe a Miguel Hern\u00e1ndez\n\t\t\t\t<\/figcaption><\/figure><figure class='gallery-item'>\n\t\t\t<div class='gallery-icon landscape'>\n\t\t\t\t<a href='https:\/\/www.iesneiravilas.es\/arquivo\/?attachment_id=2129'><img loading=\"lazy\" decoding=\"async\" width=\"150\" height=\"150\" src=\"https:\/\/www.iesneiravilas.es\/arquivo\/wp-content\/uploads\/2014\/10\/miguel_hernandez_05-150x150.jpg\" class=\"attachment-thumbnail size-thumbnail\" alt=\"Recital-Homenaxe a Miguel Hern\u00e1ndez\" aria-describedby=\"gallery-1-2129\" \/><\/a>\n\t\t\t<\/div>\n\t\t\t\t<figcaption class='wp-caption-text gallery-caption' id='gallery-1-2129'>\n\t\t\t\tRecital-Homenaxe a Miguel Hern\u00e1ndez\n\t\t\t\t<\/figcaption><\/figure><figure class='gallery-item'>\n\t\t\t<div class='gallery-icon landscape'>\n\t\t\t\t<a href='https:\/\/www.iesneiravilas.es\/arquivo\/?attachment_id=2130'><img loading=\"lazy\" decoding=\"async\" width=\"150\" height=\"150\" src=\"https:\/\/www.iesneiravilas.es\/arquivo\/wp-content\/uploads\/2014\/10\/miguel_hernandez_06-150x150.jpg\" class=\"attachment-thumbnail size-thumbnail\" alt=\"Recital-Homenaxe a Miguel Hern\u00e1ndez\" aria-describedby=\"gallery-1-2130\" \/><\/a>\n\t\t\t<\/div>\n\t\t\t\t<figcaption class='wp-caption-text gallery-caption' id='gallery-1-2130'>\n\t\t\t\tRecital-Homenaxe a Miguel Hern\u00e1ndez\n\t\t\t\t<\/figcaption><\/figure><figure class='gallery-item'>\n\t\t\t<div class='gallery-icon landscape'>\n\t\t\t\t<a href='https:\/\/www.iesneiravilas.es\/arquivo\/?attachment_id=2127'><img loading=\"lazy\" decoding=\"async\" width=\"150\" height=\"150\" src=\"https:\/\/www.iesneiravilas.es\/arquivo\/wp-content\/uploads\/2014\/10\/miguel_hernandez_03-150x150.jpg\" class=\"attachment-thumbnail size-thumbnail\" alt=\"Recital-Homenaxe a Miguel Hern\u00e1ndez\" aria-describedby=\"gallery-1-2127\" \/><\/a>\n\t\t\t<\/div>\n\t\t\t\t<figcaption class='wp-caption-text gallery-caption' id='gallery-1-2127'>\n\t\t\t\tRecital-Homenaxe a Miguel Hern\u00e1ndez\n\t\t\t\t<\/figcaption><\/figure><figure class='gallery-item'>\n\t\t\t<div class='gallery-icon landscape'>\n\t\t\t\t<a href='https:\/\/www.iesneiravilas.es\/arquivo\/?attachment_id=2126'><img loading=\"lazy\" decoding=\"async\" width=\"150\" height=\"150\" src=\"https:\/\/www.iesneiravilas.es\/arquivo\/wp-content\/uploads\/2014\/10\/miguel_hernandez_02-150x150.jpg\" class=\"attachment-thumbnail size-thumbnail\" alt=\"Recital-Homenaxe a Miguel Hern\u00e1ndez\" aria-describedby=\"gallery-1-2126\" \/><\/a>\n\t\t\t<\/div>\n\t\t\t\t<figcaption class='wp-caption-text gallery-caption' id='gallery-1-2126'>\n\t\t\t\tRecital-Homenaxe a Miguel Hern\u00e1ndez\n\t\t\t\t<\/figcaption><\/figure>\n\t\t<\/div>\n\n","protected":false},"excerpt":{"rendered":"<p>No sal\u00f3n de actos do Instituto celebrouse o 29 de Novembro o Recital po\u00e9tico en homenaxe a Miguel Hern\u00e1ndez. O poeta nacido en Orihuela hay cen anos, fillo de labregos, desempe\u00f1ou, entre outros oficios, o de pastor de cabras. Iniciouse na poes\u00eda desde moi novo e publicou o seu primeiro libro \u00abPerito en lunas\u00bb en &hellip; <a href=\"https:\/\/www.iesneiravilas.es\/arquivo\/?p=2123\" class=\"more-link\">Seguir lendo <span class=\"screen-reader-text\">Recital-Homenaxe a Miguel Hern\u00e1ndez no centenario do seu nacemento.<\/span> <span class=\"meta-nav\">&rarr;<\/span><\/a><\/p>\n","protected":false},"author":1,"featured_media":0,"comment_status":"closed","ping_status":"open","sticky":false,"template":"","format":"standard","meta":{"footnotes":""},"categories":[17,471,142,132],"tags":[456,380,452,454,453,458,451,455,409,367,449,450,457],"class_list":["post-2123","post","type-post","status-publish","format-standard","hentry","category-actividades","category-artesescenicas","category-curso","category-curso-2010-2011","tag-alex-lopez-carballeira","tag-antia-lopez-mosteiro","tag-barbara-rodriguez-gil","tag-carmen-villar","tag-ivan-canosa","tag-izan-vazquez-seoane","tag-jacobo-machiavello","tag-jennifer-seoane","tag-lidia-sotorrios","tag-macarena-farias","tag-miguel-hernandez","tag-ricardo-aguila-hidalgo","tag-silvana-becerra-paz"],"_links":{"self":[{"href":"https:\/\/www.iesneiravilas.es\/arquivo\/index.php?rest_route=\/wp\/v2\/posts\/2123","targetHints":{"allow":["GET"]}}],"collection":[{"href":"https:\/\/www.iesneiravilas.es\/arquivo\/index.php?rest_route=\/wp\/v2\/posts"}],"about":[{"href":"https:\/\/www.iesneiravilas.es\/arquivo\/index.php?rest_route=\/wp\/v2\/types\/post"}],"author":[{"embeddable":true,"href":"https:\/\/www.iesneiravilas.es\/arquivo\/index.php?rest_route=\/wp\/v2\/users\/1"}],"replies":[{"embeddable":true,"href":"https:\/\/www.iesneiravilas.es\/arquivo\/index.php?rest_route=%2Fwp%2Fv2%2Fcomments&post=2123"}],"version-history":[{"count":1,"href":"https:\/\/www.iesneiravilas.es\/arquivo\/index.php?rest_route=\/wp\/v2\/posts\/2123\/revisions"}],"predecessor-version":[{"id":2134,"href":"https:\/\/www.iesneiravilas.es\/arquivo\/index.php?rest_route=\/wp\/v2\/posts\/2123\/revisions\/2134"}],"wp:attachment":[{"href":"https:\/\/www.iesneiravilas.es\/arquivo\/index.php?rest_route=%2Fwp%2Fv2%2Fmedia&parent=2123"}],"wp:term":[{"taxonomy":"category","embeddable":true,"href":"https:\/\/www.iesneiravilas.es\/arquivo\/index.php?rest_route=%2Fwp%2Fv2%2Fcategories&post=2123"},{"taxonomy":"post_tag","embeddable":true,"href":"https:\/\/www.iesneiravilas.es\/arquivo\/index.php?rest_route=%2Fwp%2Fv2%2Ftags&post=2123"}],"curies":[{"name":"wp","href":"https:\/\/api.w.org\/{rel}","templated":true}]}}