{"id":2142,"date":"2010-10-01T12:21:33","date_gmt":"2010-10-01T10:21:33","guid":{"rendered":"http:\/\/www.iesneiravilas.es\/arquivo\/?p=2142"},"modified":"2014-10-15T12:22:42","modified_gmt":"2014-10-15T10:22:42","slug":"o-ies-xose-neira-vilas-centro-plurilingue","status":"publish","type":"post","link":"https:\/\/www.iesneiravilas.es\/arquivo\/?p=2142","title":{"rendered":"O IES Xos\u00e9 Neira Vilas, centro pluriling\u00fce"},"content":{"rendered":"<p>No curso acad\u00e9mico 2010-11, o IES Xos\u00e9 Neira Vilas foi seleccionado como centro pluriling\u00fce segundo a convocatoria efectuada pola Xunta de Galicia con data 30 de xu\u00f1o de 2010. Concretamente, no nivel de 1\u00ba ESO, as materias de Ciencias Sociais, Xeograf\u00eda e Historia e Proxecto Interdisciplinar, ser\u00e1n impartidas en franc\u00e9s nos grupos de referencia, de acordo co proxecto presentado diante da inspecci\u00f3n educativa.<\/p>\n<p>Nun centro con vocaci\u00f3n polo impulso do pluriling\u00fcismo, esta experiencia engade un novo acontecemento a esta promoci\u00f3n da multiculturalidade.<\/p>\n","protected":false},"excerpt":{"rendered":"<p>No curso acad\u00e9mico 2010-11, o IES Xos\u00e9 Neira Vilas foi seleccionado como centro pluriling\u00fce segundo a convocatoria efectuada pola Xunta de Galicia con data 30 de xu\u00f1o de 2010. Concretamente, no nivel de 1\u00ba ESO, as materias de Ciencias Sociais, Xeograf\u00eda e Historia e Proxecto Interdisciplinar, ser\u00e1n impartidas en franc\u00e9s nos grupos de referencia, de &hellip; <a href=\"https:\/\/www.iesneiravilas.es\/arquivo\/?p=2142\" class=\"more-link\">Seguir lendo <span class=\"screen-reader-text\">O IES Xos\u00e9 Neira Vilas, centro pluriling\u00fce<\/span> <span class=\"meta-nav\">&rarr;<\/span><\/a><\/p>\n","protected":false},"author":1,"featured_media":0,"comment_status":"closed","ping_status":"open","sticky":false,"template":"","format":"standard","meta":{"footnotes":""},"categories":[142,132],"tags":[],"class_list":["post-2142","post","type-post","status-publish","format-standard","hentry","category-curso","category-curso-2010-2011"],"_links":{"self":[{"href":"https:\/\/www.iesneiravilas.es\/arquivo\/index.php?rest_route=\/wp\/v2\/posts\/2142","targetHints":{"allow":["GET"]}}],"collection":[{"href":"https:\/\/www.iesneiravilas.es\/arquivo\/index.php?rest_route=\/wp\/v2\/posts"}],"about":[{"href":"https:\/\/www.iesneiravilas.es\/arquivo\/index.php?rest_route=\/wp\/v2\/types\/post"}],"author":[{"embeddable":true,"href":"https:\/\/www.iesneiravilas.es\/arquivo\/index.php?rest_route=\/wp\/v2\/users\/1"}],"replies":[{"embeddable":true,"href":"https:\/\/www.iesneiravilas.es\/arquivo\/index.php?rest_route=%2Fwp%2Fv2%2Fcomments&post=2142"}],"version-history":[{"count":1,"href":"https:\/\/www.iesneiravilas.es\/arquivo\/index.php?rest_route=\/wp\/v2\/posts\/2142\/revisions"}],"predecessor-version":[{"id":2143,"href":"https:\/\/www.iesneiravilas.es\/arquivo\/index.php?rest_route=\/wp\/v2\/posts\/2142\/revisions\/2143"}],"wp:attachment":[{"href":"https:\/\/www.iesneiravilas.es\/arquivo\/index.php?rest_route=%2Fwp%2Fv2%2Fmedia&parent=2142"}],"wp:term":[{"taxonomy":"category","embeddable":true,"href":"https:\/\/www.iesneiravilas.es\/arquivo\/index.php?rest_route=%2Fwp%2Fv2%2Fcategories&post=2142"},{"taxonomy":"post_tag","embeddable":true,"href":"https:\/\/www.iesneiravilas.es\/arquivo\/index.php?rest_route=%2Fwp%2Fv2%2Ftags&post=2142"}],"curies":[{"name":"wp","href":"https:\/\/api.w.org\/{rel}","templated":true}]}}