{"id":2239,"date":"2012-06-23T21:06:24","date_gmt":"2012-06-23T19:06:24","guid":{"rendered":"http:\/\/www.iesneiravilas.es\/arquivo\/?p=2239"},"modified":"2014-10-19T21:19:13","modified_gmt":"2014-10-19T19:19:13","slug":"viaxe-a-braga","status":"publish","type":"post","link":"https:\/\/www.iesneiravilas.es\/arquivo\/?p=2239","title":{"rendered":"Viaxe a Braga"},"content":{"rendered":"<p>O pasado 22 de xunio un grupo de alumnas e alumnos do centro xunto cos profesores Fernando Vidal, Isabel L\u00f3pez Mari\u00f1o, Agust\u00edn Lorenzo e Pilar Morandeira visitaron os principais monumentos da cidade de Braga. Despois completaron a actividade: \u201camigo invisible literario\u201d. Trat\u00e1base de facer un pequeno agasallo no que se inclu\u00eda unha cita literaria dun libro que tiveran lido recentemente. Despois acudiron a Diver Lanhoso a disfrutar dunha tarde de xogos: paintball, xogos de pistas, e a busca do tesouro.<\/p>\n<div id='gallery-1' class='gallery galleryid-2239 gallery-columns-3 gallery-size-thumbnail'><figure class='gallery-item'>\n\t\t\t<div class='gallery-icon portrait'>\n\t\t\t\t<a href='https:\/\/www.iesneiravilas.es\/arquivo\/?attachment_id=2229'><img loading=\"lazy\" decoding=\"async\" width=\"150\" height=\"150\" src=\"https:\/\/www.iesneiravilas.es\/arquivo\/wp-content\/uploads\/2014\/10\/braga_01-150x150.jpg\" class=\"attachment-thumbnail size-thumbnail\" alt=\"\" aria-describedby=\"gallery-1-2229\" \/><\/a>\n\t\t\t<\/div>\n\t\t\t\t<figcaption class='wp-caption-text gallery-caption' id='gallery-1-2229'>\n\t\t\t\tViaxe a Braga\n\t\t\t\t<\/figcaption><\/figure><figure class='gallery-item'>\n\t\t\t<div class='gallery-icon landscape'>\n\t\t\t\t<a href='https:\/\/www.iesneiravilas.es\/arquivo\/?attachment_id=2231'><img loading=\"lazy\" decoding=\"async\" width=\"150\" height=\"150\" src=\"https:\/\/www.iesneiravilas.es\/arquivo\/wp-content\/uploads\/2014\/10\/braga_03-150x150.jpg\" class=\"attachment-thumbnail size-thumbnail\" alt=\"Viaxe a Braga\" aria-describedby=\"gallery-1-2231\" \/><\/a>\n\t\t\t<\/div>\n\t\t\t\t<figcaption class='wp-caption-text gallery-caption' id='gallery-1-2231'>\n\t\t\t\tViaxe a Braga\n\t\t\t\t<\/figcaption><\/figure><figure class='gallery-item'>\n\t\t\t<div class='gallery-icon landscape'>\n\t\t\t\t<a href='https:\/\/www.iesneiravilas.es\/arquivo\/?attachment_id=2232'><img loading=\"lazy\" decoding=\"async\" width=\"150\" height=\"150\" src=\"https:\/\/www.iesneiravilas.es\/arquivo\/wp-content\/uploads\/2014\/10\/braga_04-150x150.jpg\" class=\"attachment-thumbnail size-thumbnail\" alt=\"Viaxe a Braga\" aria-describedby=\"gallery-1-2232\" \/><\/a>\n\t\t\t<\/div>\n\t\t\t\t<figcaption class='wp-caption-text gallery-caption' id='gallery-1-2232'>\n\t\t\t\tViaxe a Braga\n\t\t\t\t<\/figcaption><\/figure><figure class='gallery-item'>\n\t\t\t<div class='gallery-icon landscape'>\n\t\t\t\t<a href='https:\/\/www.iesneiravilas.es\/arquivo\/?attachment_id=2233'><img loading=\"lazy\" decoding=\"async\" width=\"150\" height=\"150\" src=\"https:\/\/www.iesneiravilas.es\/arquivo\/wp-content\/uploads\/2014\/10\/braga_05-150x150.jpg\" class=\"attachment-thumbnail size-thumbnail\" alt=\"Viaxe a Braga\" aria-describedby=\"gallery-1-2233\" \/><\/a>\n\t\t\t<\/div>\n\t\t\t\t<figcaption class='wp-caption-text gallery-caption' id='gallery-1-2233'>\n\t\t\t\tViaxe a Braga\n\t\t\t\t<\/figcaption><\/figure><figure class='gallery-item'>\n\t\t\t<div class='gallery-icon landscape'>\n\t\t\t\t<a href='https:\/\/www.iesneiravilas.es\/arquivo\/?attachment_id=2234'><img loading=\"lazy\" decoding=\"async\" width=\"150\" height=\"150\" src=\"https:\/\/www.iesneiravilas.es\/arquivo\/wp-content\/uploads\/2014\/10\/braga_06-150x150.jpg\" class=\"attachment-thumbnail size-thumbnail\" alt=\"Viaxe a Braga\" aria-describedby=\"gallery-1-2234\" \/><\/a>\n\t\t\t<\/div>\n\t\t\t\t<figcaption class='wp-caption-text gallery-caption' id='gallery-1-2234'>\n\t\t\t\tViaxe a Braga\n\t\t\t\t<\/figcaption><\/figure><figure class='gallery-item'>\n\t\t\t<div class='gallery-icon landscape'>\n\t\t\t\t<a href='https:\/\/www.iesneiravilas.es\/arquivo\/?attachment_id=2235'><img loading=\"lazy\" decoding=\"async\" width=\"150\" height=\"150\" src=\"https:\/\/www.iesneiravilas.es\/arquivo\/wp-content\/uploads\/2014\/10\/braga_08-150x150.jpg\" class=\"attachment-thumbnail size-thumbnail\" alt=\"Viaxe a Braga\" aria-describedby=\"gallery-1-2235\" \/><\/a>\n\t\t\t<\/div>\n\t\t\t\t<figcaption class='wp-caption-text gallery-caption' id='gallery-1-2235'>\n\t\t\t\tViaxe a Braga\n\t\t\t\t<\/figcaption><\/figure><figure class='gallery-item'>\n\t\t\t<div class='gallery-icon landscape'>\n\t\t\t\t<a href='https:\/\/www.iesneiravilas.es\/arquivo\/?attachment_id=2236'><img loading=\"lazy\" decoding=\"async\" width=\"150\" height=\"150\" src=\"https:\/\/www.iesneiravilas.es\/arquivo\/wp-content\/uploads\/2014\/10\/braga_09-150x150.jpg\" class=\"attachment-thumbnail size-thumbnail\" alt=\"Viaxe a Braga\" aria-describedby=\"gallery-1-2236\" \/><\/a>\n\t\t\t<\/div>\n\t\t\t\t<figcaption class='wp-caption-text gallery-caption' id='gallery-1-2236'>\n\t\t\t\tViaxe a Braga\n\t\t\t\t<\/figcaption><\/figure><figure class='gallery-item'>\n\t\t\t<div class='gallery-icon landscape'>\n\t\t\t\t<a href='https:\/\/www.iesneiravilas.es\/arquivo\/?attachment_id=2237'><img loading=\"lazy\" decoding=\"async\" width=\"150\" height=\"150\" src=\"https:\/\/www.iesneiravilas.es\/arquivo\/wp-content\/uploads\/2014\/10\/braga_07-150x150.jpg\" class=\"attachment-thumbnail size-thumbnail\" alt=\"Viaxe a Braga\" aria-describedby=\"gallery-1-2237\" \/><\/a>\n\t\t\t<\/div>\n\t\t\t\t<figcaption class='wp-caption-text gallery-caption' id='gallery-1-2237'>\n\t\t\t\tViaxe a Braga\n\t\t\t\t<\/figcaption><\/figure><figure class='gallery-item'>\n\t\t\t<div class='gallery-icon landscape'>\n\t\t\t\t<a href='https:\/\/www.iesneiravilas.es\/arquivo\/?attachment_id=2238'><img loading=\"lazy\" decoding=\"async\" width=\"150\" height=\"150\" src=\"https:\/\/www.iesneiravilas.es\/arquivo\/wp-content\/uploads\/2014\/10\/braga_10-150x150.jpg\" class=\"attachment-thumbnail size-thumbnail\" alt=\"Viaxe a Braga\" aria-describedby=\"gallery-1-2238\" \/><\/a>\n\t\t\t<\/div>\n\t\t\t\t<figcaption class='wp-caption-text gallery-caption' id='gallery-1-2238'>\n\t\t\t\tViaxe a Braga\n\t\t\t\t<\/figcaption><\/figure><figure class='gallery-item'>\n\t\t\t<div class='gallery-icon landscape'>\n\t\t\t\t<a href='https:\/\/www.iesneiravilas.es\/arquivo\/?attachment_id=2230'><img loading=\"lazy\" decoding=\"async\" width=\"150\" height=\"150\" src=\"https:\/\/www.iesneiravilas.es\/arquivo\/wp-content\/uploads\/2014\/10\/braga_02-150x150.jpg\" class=\"attachment-thumbnail size-thumbnail\" alt=\"Viaxe a Braga\" aria-describedby=\"gallery-1-2230\" \/><\/a>\n\t\t\t<\/div>\n\t\t\t\t<figcaption class='wp-caption-text gallery-caption' id='gallery-1-2230'>\n\t\t\t\tViaxe a Braga\n\t\t\t\t<\/figcaption><\/figure>\n\t\t<\/div>\n\n","protected":false},"excerpt":{"rendered":"<p>O pasado 22 de xunio un grupo de alumnas e alumnos do centro xunto cos profesores Fernando Vidal, Isabel L\u00f3pez Mari\u00f1o, Agust\u00edn Lorenzo e Pilar Morandeira visitaron os principais monumentos da cidade de Braga. Despois completaron a actividade: \u201camigo invisible literario\u201d. Trat\u00e1base de facer un pequeno agasallo no que se inclu\u00eda unha cita literaria dun &hellip; <a href=\"https:\/\/www.iesneiravilas.es\/arquivo\/?p=2239\" class=\"more-link\">Seguir lendo <span class=\"screen-reader-text\">Viaxe a Braga<\/span> <span class=\"meta-nav\">&rarr;<\/span><\/a><\/p>\n","protected":false},"author":1,"featured_media":0,"comment_status":"closed","ping_status":"open","sticky":false,"template":"","format":"standard","meta":{"footnotes":""},"categories":[17,142,131,152],"tags":[492,284,295,125],"class_list":["post-2239","post","type-post","status-publish","format-standard","hentry","category-actividades","category-curso","category-curso-2011-2012","category-excursionvisita","tag-agustin-lorenzo","tag-fernando-vidal","tag-isabel-lopez-marino","tag-pilar-morandeira"],"_links":{"self":[{"href":"https:\/\/www.iesneiravilas.es\/arquivo\/index.php?rest_route=\/wp\/v2\/posts\/2239","targetHints":{"allow":["GET"]}}],"collection":[{"href":"https:\/\/www.iesneiravilas.es\/arquivo\/index.php?rest_route=\/wp\/v2\/posts"}],"about":[{"href":"https:\/\/www.iesneiravilas.es\/arquivo\/index.php?rest_route=\/wp\/v2\/types\/post"}],"author":[{"embeddable":true,"href":"https:\/\/www.iesneiravilas.es\/arquivo\/index.php?rest_route=\/wp\/v2\/users\/1"}],"replies":[{"embeddable":true,"href":"https:\/\/www.iesneiravilas.es\/arquivo\/index.php?rest_route=%2Fwp%2Fv2%2Fcomments&post=2239"}],"version-history":[{"count":1,"href":"https:\/\/www.iesneiravilas.es\/arquivo\/index.php?rest_route=\/wp\/v2\/posts\/2239\/revisions"}],"predecessor-version":[{"id":2240,"href":"https:\/\/www.iesneiravilas.es\/arquivo\/index.php?rest_route=\/wp\/v2\/posts\/2239\/revisions\/2240"}],"wp:attachment":[{"href":"https:\/\/www.iesneiravilas.es\/arquivo\/index.php?rest_route=%2Fwp%2Fv2%2Fmedia&parent=2239"}],"wp:term":[{"taxonomy":"category","embeddable":true,"href":"https:\/\/www.iesneiravilas.es\/arquivo\/index.php?rest_route=%2Fwp%2Fv2%2Fcategories&post=2239"},{"taxonomy":"post_tag","embeddable":true,"href":"https:\/\/www.iesneiravilas.es\/arquivo\/index.php?rest_route=%2Fwp%2Fv2%2Ftags&post=2239"}],"curies":[{"name":"wp","href":"https:\/\/api.w.org\/{rel}","templated":true}]}}