{"id":2289,"date":"2012-03-08T21:43:56","date_gmt":"2012-03-08T19:43:56","guid":{"rendered":"http:\/\/www.iesneiravilas.es\/arquivo\/?p=2289"},"modified":"2014-10-20T20:00:49","modified_gmt":"2014-10-20T18:00:49","slug":"viaxe-cultural-a-porto","status":"publish","type":"post","link":"https:\/\/www.iesneiravilas.es\/arquivo\/?p=2289","title":{"rendered":"Viaxe cultural a Porto"},"content":{"rendered":"<figure id=\"attachment_2290\" aria-describedby=\"caption-attachment-2290\" style=\"width: 300px\" class=\"wp-caption alignleft\"><a href=\"http:\/\/www.iesneiravilas.es\/arquivo\/wp-content\/uploads\/2014\/10\/oporto3.jpg\"><img loading=\"lazy\" decoding=\"async\" class=\"size-medium wp-image-2290\" src=\"http:\/\/www.iesneiravilas.es\/arquivo\/wp-content\/uploads\/2014\/10\/oporto3-300x225.jpg\" alt=\"Viaxe a Porto\" width=\"300\" height=\"225\" srcset=\"https:\/\/www.iesneiravilas.es\/arquivo\/wp-content\/uploads\/2014\/10\/oporto3-300x225.jpg 300w, https:\/\/www.iesneiravilas.es\/arquivo\/wp-content\/uploads\/2014\/10\/oporto3-1024x768.jpg 1024w, https:\/\/www.iesneiravilas.es\/arquivo\/wp-content\/uploads\/2014\/10\/oporto3.jpg 1600w\" sizes=\"auto, (max-width: 300px) 100vw, 300px\" \/><\/a><figcaption id=\"caption-attachment-2290\" class=\"wp-caption-text\">Viaxe a Porto<\/figcaption><\/figure>\n<p>O alumnado de 3\u00ba de ESO viaxou a Porto (Portugal) durante os d\u00edas 6 e 7 de Marzo. A visita estivo organizada polos departamentos de Econom\u00eda e Xeograf\u00eda e Historia coa colaboraci\u00f3n do proxecto TERRA do colexio de arquitectos. O obxectivo da viaxe foi co\u00f1ecer a arquitectura portuguesa e as novas propostas, as\u00ed como a identificaci\u00f3n da identidade territorial de Galicia e do norte de Portugal.<\/p>\n<div id='gallery-1' class='gallery galleryid-2289 gallery-columns-3 gallery-size-thumbnail'><figure class='gallery-item'>\n\t\t\t<div class='gallery-icon landscape'>\n\t\t\t\t<a href='https:\/\/www.iesneiravilas.es\/arquivo\/?attachment_id=2291'><img loading=\"lazy\" decoding=\"async\" width=\"150\" height=\"150\" src=\"https:\/\/www.iesneiravilas.es\/arquivo\/wp-content\/uploads\/2014\/10\/oporto1-150x150.jpg\" class=\"attachment-thumbnail size-thumbnail\" alt=\"Viaxe a Porto\" aria-describedby=\"gallery-1-2291\" \/><\/a>\n\t\t\t<\/div>\n\t\t\t\t<figcaption class='wp-caption-text gallery-caption' id='gallery-1-2291'>\n\t\t\t\tViaxe a Porto\n\t\t\t\t<\/figcaption><\/figure><figure class='gallery-item'>\n\t\t\t<div class='gallery-icon portrait'>\n\t\t\t\t<a href='https:\/\/www.iesneiravilas.es\/arquivo\/?attachment_id=2292'><img loading=\"lazy\" decoding=\"async\" width=\"150\" height=\"150\" src=\"https:\/\/www.iesneiravilas.es\/arquivo\/wp-content\/uploads\/2014\/10\/oporto2-150x150.jpg\" class=\"attachment-thumbnail size-thumbnail\" alt=\"Viaxe a Porto\" aria-describedby=\"gallery-1-2292\" \/><\/a>\n\t\t\t<\/div>\n\t\t\t\t<figcaption class='wp-caption-text gallery-caption' id='gallery-1-2292'>\n\t\t\t\tViaxe a Porto\n\t\t\t\t<\/figcaption><\/figure><figure class='gallery-item'>\n\t\t\t<div class='gallery-icon portrait'>\n\t\t\t\t<a href='https:\/\/www.iesneiravilas.es\/arquivo\/?attachment_id=2293'><img loading=\"lazy\" decoding=\"async\" width=\"150\" height=\"150\" src=\"https:\/\/www.iesneiravilas.es\/arquivo\/wp-content\/uploads\/2014\/10\/oporto4-150x150.jpg\" class=\"attachment-thumbnail size-thumbnail\" alt=\"Viaxe a Porto\" aria-describedby=\"gallery-1-2293\" \/><\/a>\n\t\t\t<\/div>\n\t\t\t\t<figcaption class='wp-caption-text gallery-caption' id='gallery-1-2293'>\n\t\t\t\tViaxe a Porto\n\t\t\t\t<\/figcaption><\/figure><figure class='gallery-item'>\n\t\t\t<div class='gallery-icon landscape'>\n\t\t\t\t<a href='https:\/\/www.iesneiravilas.es\/arquivo\/?attachment_id=2294'><img loading=\"lazy\" decoding=\"async\" width=\"150\" height=\"150\" src=\"https:\/\/www.iesneiravilas.es\/arquivo\/wp-content\/uploads\/2014\/10\/oporto5-150x150.jpg\" class=\"attachment-thumbnail size-thumbnail\" alt=\"Viaxe a Porto\" aria-describedby=\"gallery-1-2294\" \/><\/a>\n\t\t\t<\/div>\n\t\t\t\t<figcaption class='wp-caption-text gallery-caption' id='gallery-1-2294'>\n\t\t\t\tViaxe a Porto\n\t\t\t\t<\/figcaption><\/figure><figure class='gallery-item'>\n\t\t\t<div class='gallery-icon landscape'>\n\t\t\t\t<a href='https:\/\/www.iesneiravilas.es\/arquivo\/?attachment_id=2295'><img loading=\"lazy\" decoding=\"async\" width=\"150\" height=\"150\" src=\"https:\/\/www.iesneiravilas.es\/arquivo\/wp-content\/uploads\/2014\/10\/oporto6-150x150.jpg\" class=\"attachment-thumbnail size-thumbnail\" alt=\"Viaxe a Porto\" aria-describedby=\"gallery-1-2295\" \/><\/a>\n\t\t\t<\/div>\n\t\t\t\t<figcaption class='wp-caption-text gallery-caption' id='gallery-1-2295'>\n\t\t\t\tViaxe a Porto\n\t\t\t\t<\/figcaption><\/figure>\n\t\t<\/div>\n\n","protected":false},"excerpt":{"rendered":"<p>O alumnado de 3\u00ba de ESO viaxou a Porto (Portugal) durante os d\u00edas 6 e 7 de Marzo. A visita estivo organizada polos departamentos de Econom\u00eda e Xeograf\u00eda e Historia coa colaboraci\u00f3n do proxecto TERRA do colexio de arquitectos. O obxectivo da viaxe foi co\u00f1ecer a arquitectura portuguesa e as novas propostas, as\u00ed como a &hellip; <a href=\"https:\/\/www.iesneiravilas.es\/arquivo\/?p=2289\" class=\"more-link\">Seguir lendo <span class=\"screen-reader-text\">Viaxe cultural a Porto<\/span> <span class=\"meta-nav\">&rarr;<\/span><\/a><\/p>\n","protected":false},"author":1,"featured_media":0,"comment_status":"closed","ping_status":"open","sticky":false,"template":"","format":"standard","meta":{"footnotes":""},"categories":[17,142,131,152],"tags":[388,295,504],"class_list":["post-2289","post","type-post","status-publish","format-standard","hentry","category-actividades","category-curso","category-curso-2011-2012","category-excursionvisita","tag-carmen-garcia-rodeja","tag-isabel-lopez-marino","tag-jorge-calle"],"_links":{"self":[{"href":"https:\/\/www.iesneiravilas.es\/arquivo\/index.php?rest_route=\/wp\/v2\/posts\/2289","targetHints":{"allow":["GET"]}}],"collection":[{"href":"https:\/\/www.iesneiravilas.es\/arquivo\/index.php?rest_route=\/wp\/v2\/posts"}],"about":[{"href":"https:\/\/www.iesneiravilas.es\/arquivo\/index.php?rest_route=\/wp\/v2\/types\/post"}],"author":[{"embeddable":true,"href":"https:\/\/www.iesneiravilas.es\/arquivo\/index.php?rest_route=\/wp\/v2\/users\/1"}],"replies":[{"embeddable":true,"href":"https:\/\/www.iesneiravilas.es\/arquivo\/index.php?rest_route=%2Fwp%2Fv2%2Fcomments&post=2289"}],"version-history":[{"count":1,"href":"https:\/\/www.iesneiravilas.es\/arquivo\/index.php?rest_route=\/wp\/v2\/posts\/2289\/revisions"}],"predecessor-version":[{"id":2296,"href":"https:\/\/www.iesneiravilas.es\/arquivo\/index.php?rest_route=\/wp\/v2\/posts\/2289\/revisions\/2296"}],"wp:attachment":[{"href":"https:\/\/www.iesneiravilas.es\/arquivo\/index.php?rest_route=%2Fwp%2Fv2%2Fmedia&parent=2289"}],"wp:term":[{"taxonomy":"category","embeddable":true,"href":"https:\/\/www.iesneiravilas.es\/arquivo\/index.php?rest_route=%2Fwp%2Fv2%2Fcategories&post=2289"},{"taxonomy":"post_tag","embeddable":true,"href":"https:\/\/www.iesneiravilas.es\/arquivo\/index.php?rest_route=%2Fwp%2Fv2%2Ftags&post=2289"}],"curies":[{"name":"wp","href":"https:\/\/api.w.org\/{rel}","templated":true}]}}