{"id":2343,"date":"2012-02-15T10:06:54","date_gmt":"2012-02-15T08:06:54","guid":{"rendered":"http:\/\/www.iesneiravilas.es\/arquivo\/?p=2343"},"modified":"2014-10-20T10:21:28","modified_gmt":"2014-10-20T08:21:28","slug":"conferencia-mi-experiencia-de-vida-a-cargo-de-emilio-gomez-exposito","status":"publish","type":"post","link":"https:\/\/www.iesneiravilas.es\/arquivo\/?p=2343","title":{"rendered":"Conferencia: &#8220;Mi experiencia de vida&#8221; a cargo de Emilio G\u00f3mez Exp\u00f3sito"},"content":{"rendered":"<figure id=\"attachment_2344\" aria-describedby=\"caption-attachment-2344\" style=\"width: 300px\" class=\"wp-caption alignleft\"><a href=\"http:\/\/www.iesneiravilas.es\/arquivo\/wp-content\/uploads\/2014\/10\/conferencia_emilio_gomez_2.jpeg\"><img loading=\"lazy\" decoding=\"async\" class=\"size-medium wp-image-2344\" src=\"http:\/\/www.iesneiravilas.es\/arquivo\/wp-content\/uploads\/2014\/10\/conferencia_emilio_gomez_2-300x225.jpeg\" alt=\"Emilio G\u00f3mez na entrevista\" width=\"300\" height=\"225\" srcset=\"https:\/\/www.iesneiravilas.es\/arquivo\/wp-content\/uploads\/2014\/10\/conferencia_emilio_gomez_2-300x225.jpeg 300w, https:\/\/www.iesneiravilas.es\/arquivo\/wp-content\/uploads\/2014\/10\/conferencia_emilio_gomez_2.jpeg 1024w\" sizes=\"auto, (max-width: 300px) 100vw, 300px\" \/><\/a><figcaption id=\"caption-attachment-2344\" class=\"wp-caption-text\">Emilio G\u00f3mez na entrevista<\/figcaption><\/figure>\n<p>Dentro das charlas da clase de Historia, o noso conferenciante contou a s\u00faa experiencia vital como &#8220;neno de Moscova&#8221;, xa que de familia galega e residente en Xix\u00f3n foi evacuado \u00e1 Uni\u00f3n Sovi\u00e9tica onde permaneceu m\u00e1is de vinte anos. Explicou a s\u00faa infancia, as vicisitudes da s\u00faa vida na Uni\u00f3n Sovi\u00e9tica durante eses anos e o retorno a Galicia. Estuvo dirixido \u00f3 alumndo de 1\u00ba de Bacharelato e 4\u00ba de ESO e foi realizada o 14 de Febreiro.<\/p>\n<div id='gallery-1' class='gallery galleryid-2343 gallery-columns-3 gallery-size-thumbnail'><figure class='gallery-item'>\n\t\t\t<div class='gallery-icon landscape'>\n\t\t\t\t<a href='https:\/\/www.iesneiravilas.es\/arquivo\/?attachment_id=2345'><img loading=\"lazy\" decoding=\"async\" width=\"150\" height=\"150\" src=\"https:\/\/www.iesneiravilas.es\/arquivo\/wp-content\/uploads\/2014\/10\/conferencia_emilio_gomez_1-150x150.jpeg\" class=\"attachment-thumbnail size-thumbnail\" alt=\"Entrevistado por Carlota Caram\u00e9s e Macarena Far\u00edas\" aria-describedby=\"gallery-1-2345\" \/><\/a>\n\t\t\t<\/div>\n\t\t\t\t<figcaption class='wp-caption-text gallery-caption' id='gallery-1-2345'>\n\t\t\t\tEntrevistado por Carlota Caram\u00e9s e Macarena Far\u00edas\n\t\t\t\t<\/figcaption><\/figure><figure class='gallery-item'>\n\t\t\t<div class='gallery-icon landscape'>\n\t\t\t\t<a href='https:\/\/www.iesneiravilas.es\/arquivo\/?attachment_id=2346'><img loading=\"lazy\" decoding=\"async\" width=\"150\" height=\"150\" src=\"https:\/\/www.iesneiravilas.es\/arquivo\/wp-content\/uploads\/2014\/10\/conferencia_emilio_gomez_3-150x150.jpeg\" class=\"attachment-thumbnail size-thumbnail\" alt=\"Durante a conferencia\" aria-describedby=\"gallery-1-2346\" \/><\/a>\n\t\t\t<\/div>\n\t\t\t\t<figcaption class='wp-caption-text gallery-caption' id='gallery-1-2346'>\n\t\t\t\tDurante a conferencia\n\t\t\t\t<\/figcaption><\/figure><figure class='gallery-item'>\n\t\t\t<div class='gallery-icon landscape'>\n\t\t\t\t<a href='https:\/\/www.iesneiravilas.es\/arquivo\/?attachment_id=2347'><img loading=\"lazy\" decoding=\"async\" width=\"150\" height=\"150\" src=\"https:\/\/www.iesneiravilas.es\/arquivo\/wp-content\/uploads\/2014\/10\/conferencia_emilio_gomez_4-150x150.jpeg\" class=\"attachment-thumbnail size-thumbnail\" alt=\"Durante a conferencia\" aria-describedby=\"gallery-1-2347\" \/><\/a>\n\t\t\t<\/div>\n\t\t\t\t<figcaption class='wp-caption-text gallery-caption' id='gallery-1-2347'>\n\t\t\t\tDurante a conferencia\n\t\t\t\t<\/figcaption><\/figure><figure class='gallery-item'>\n\t\t\t<div class='gallery-icon landscape'>\n\t\t\t\t<a href='https:\/\/www.iesneiravilas.es\/arquivo\/?attachment_id=2348'><img loading=\"lazy\" decoding=\"async\" width=\"150\" height=\"150\" src=\"https:\/\/www.iesneiravilas.es\/arquivo\/wp-content\/uploads\/2014\/10\/conferencia_emilio_gomez_5-150x150.jpeg\" class=\"attachment-thumbnail size-thumbnail\" alt=\"Ao remate da conferencia\" aria-describedby=\"gallery-1-2348\" \/><\/a>\n\t\t\t<\/div>\n\t\t\t\t<figcaption class='wp-caption-text gallery-caption' id='gallery-1-2348'>\n\t\t\t\tAo remate da conferencia\n\t\t\t\t<\/figcaption><\/figure><figure class='gallery-item'>\n\t\t\t<div class='gallery-icon landscape'>\n\t\t\t\t<a href='https:\/\/www.iesneiravilas.es\/arquivo\/?attachment_id=2349'><img loading=\"lazy\" decoding=\"async\" width=\"150\" height=\"150\" src=\"https:\/\/www.iesneiravilas.es\/arquivo\/wp-content\/uploads\/2014\/10\/conferencia_emilio_gomez_6-150x150.jpeg\" class=\"attachment-thumbnail size-thumbnail\" alt=\"Emilio G\u00f3mez, a profesora Carmen Garc\u00eda-Rodeja, e as alumnas Carlota Caram\u00e9s, Macarena Far\u00edas e Gleicielly Guimar\u00e3es\" aria-describedby=\"gallery-1-2349\" \/><\/a>\n\t\t\t<\/div>\n\t\t\t\t<figcaption class='wp-caption-text gallery-caption' id='gallery-1-2349'>\n\t\t\t\tEmilio G\u00f3mez, a profesora Carmen Garc\u00eda-Rodeja, \ne as alumnas Carlota Caram\u00e9s, Macarena Far\u00edas e Gleicielly Guimar\u00e3es\n\t\t\t\t<\/figcaption><\/figure>\n\t\t<\/div>\n\n","protected":false},"excerpt":{"rendered":"<p>Dentro das charlas da clase de Historia, o noso conferenciante contou a s\u00faa experiencia vital como &#8220;neno de Moscova&#8221;, xa que de familia galega e residente en Xix\u00f3n foi evacuado \u00e1 Uni\u00f3n Sovi\u00e9tica onde permaneceu m\u00e1is de vinte anos. Explicou a s\u00faa infancia, as vicisitudes da s\u00faa vida na Uni\u00f3n Sovi\u00e9tica durante eses anos e &hellip; <a href=\"https:\/\/www.iesneiravilas.es\/arquivo\/?p=2343\" class=\"more-link\">Seguir lendo <span class=\"screen-reader-text\">Conferencia: &#8220;Mi experiencia de vida&#8221; a cargo de Emilio G\u00f3mez Exp\u00f3sito<\/span> <span class=\"meta-nav\">&rarr;<\/span><\/a><\/p>\n","protected":false},"author":1,"featured_media":0,"comment_status":"closed","ping_status":"open","sticky":false,"template":"","format":"standard","meta":{"footnotes":""},"categories":[17,31,142,131],"tags":[511,388,510,437,367],"class_list":["post-2343","post","type-post","status-publish","format-standard","hentry","category-actividades","category-conferencia","category-curso","category-curso-2011-2012","tag-carlota-carames","tag-carmen-garcia-rodeja","tag-emilio-gomez","tag-gleicielly-guimaraes","tag-macarena-farias"],"_links":{"self":[{"href":"https:\/\/www.iesneiravilas.es\/arquivo\/index.php?rest_route=\/wp\/v2\/posts\/2343","targetHints":{"allow":["GET"]}}],"collection":[{"href":"https:\/\/www.iesneiravilas.es\/arquivo\/index.php?rest_route=\/wp\/v2\/posts"}],"about":[{"href":"https:\/\/www.iesneiravilas.es\/arquivo\/index.php?rest_route=\/wp\/v2\/types\/post"}],"author":[{"embeddable":true,"href":"https:\/\/www.iesneiravilas.es\/arquivo\/index.php?rest_route=\/wp\/v2\/users\/1"}],"replies":[{"embeddable":true,"href":"https:\/\/www.iesneiravilas.es\/arquivo\/index.php?rest_route=%2Fwp%2Fv2%2Fcomments&post=2343"}],"version-history":[{"count":1,"href":"https:\/\/www.iesneiravilas.es\/arquivo\/index.php?rest_route=\/wp\/v2\/posts\/2343\/revisions"}],"predecessor-version":[{"id":2350,"href":"https:\/\/www.iesneiravilas.es\/arquivo\/index.php?rest_route=\/wp\/v2\/posts\/2343\/revisions\/2350"}],"wp:attachment":[{"href":"https:\/\/www.iesneiravilas.es\/arquivo\/index.php?rest_route=%2Fwp%2Fv2%2Fmedia&parent=2343"}],"wp:term":[{"taxonomy":"category","embeddable":true,"href":"https:\/\/www.iesneiravilas.es\/arquivo\/index.php?rest_route=%2Fwp%2Fv2%2Fcategories&post=2343"},{"taxonomy":"post_tag","embeddable":true,"href":"https:\/\/www.iesneiravilas.es\/arquivo\/index.php?rest_route=%2Fwp%2Fv2%2Ftags&post=2343"}],"curies":[{"name":"wp","href":"https:\/\/api.w.org\/{rel}","templated":true}]}}