{"id":2374,"date":"2012-06-30T10:36:32","date_gmt":"2012-06-30T08:36:32","guid":{"rendered":"http:\/\/www.iesneiravilas.es\/arquivo\/?p=2374"},"modified":"2014-10-20T11:15:27","modified_gmt":"2014-10-20T09:15:27","slug":"curso-2011-2012-novas","status":"publish","type":"post","link":"https:\/\/www.iesneiravilas.es\/arquivo\/?p=2374","title":{"rendered":"Curso 2011-2012. Novas"},"content":{"rendered":"<h3>Rede Abalar<\/h3>\n<p>O IESP Neira Vilas incorp\u00f3rase no curso 2011-12 \u00e1 <a class=\"externo\" href=\"http:\/\/www.edu.xunta.es\/web\/abalar\">Rede Abalar<\/a> con d\u00faas aulas Abalar correspondentes aos grupos de 1\u00ba de ESO.<\/p>\n<h3>Diploma de estudos en lingua francesa<\/h3>\n<p>13 alumnos e alumnas do centro de 4\u00ba de ESO, 1\u00ba e 2\u00ba de Bacharelato present\u00e1ronse ao exame do DELF, Diploma de Estudos en L\u00edngua Francesa, certificado que expide o Ministerio de Ensino franc\u00e9s. Consegu\u00edrono todos eles con moi boas cualificaci\u00f3ns. \u00a1Noraboa!.<\/p>\n<h3>O ministro de Educaci\u00f3n felicita \u00f3 Instituto Neira Vilas<\/h3>\n<p>As numerosas actividades europeas desenvolvidas polo centro educativo fixeron que o alumnado recibira o d\u00eda 14 de xunio unha <a href=\"http:\/\/www.iesneiravilas.es\/arquivo\/wp-content\/uploads\/2014\/10\/carta_ministro_de_educacion.pdf\">carta do ministro de Educaci\u00f3n <\/a>Jos\u00e9 Ignacio Wert felicitando &#8220;polas actividades tan enriquecedoras e de apertura a Europa&#8221;<\/p>\n<h3>Semana Intercultural 2012<\/h3>\n<p>Do 26 ao 30 de marzo o IES Xos\u00e9 Neira Vilas organiza a 4\u00aa edici\u00f3n da Semana Intercultural que ten como tema central o II centenario da Constituci\u00f3n de Cadiz.<\/p>\n<p><a href=\"http:\/\/www.iesneiravilas.es\/arquivo\/wp-content\/uploads\/2014\/10\/semana_intercultural_2012.pdf\">Tr\u00edptico Informativo<\/a><\/p>\n<h3>Visita \u00e1 Facultade de Filolox\u00eda<\/h3>\n<p>O xoves 1 de marzo, o alumnado do clube de lectura de segundo curso de ESO e de 1\u00ba de Bacharelato, visitaron a Facultade de Filolox\u00eda da Universidade da Coru\u00f1a, dentro das xornadas de portas abertas que se organizan para dar a co\u00f1ecer os sus estudos e as instalaci\u00f3ns, entre elas a biblioteca especializada, con m\u00e1is de 80.000 volumes accesible \u00f3s estudantes e tam\u00e9n a calquera que estea interesado.<\/p>\n<h3>Cinco minutos de silencio<\/h3>\n<p>O d\u00eda 27 de febreiro o alumnado, profesorado e resto de personal concentrouse \u00e1s 12 da ma\u00f1\u00e1n con cinco minutos de silencio no patio do centro en repulsa polas cargas policiais en Valencia.<\/p>\n<div id='gallery-1' class='gallery galleryid-2374 gallery-columns-3 gallery-size-thumbnail'><figure class='gallery-item'>\n\t\t\t<div class='gallery-icon landscape'>\n\t\t\t\t<a href='https:\/\/www.iesneiravilas.es\/arquivo\/?attachment_id=2377'><img loading=\"lazy\" decoding=\"async\" width=\"150\" height=\"150\" src=\"https:\/\/www.iesneiravilas.es\/arquivo\/wp-content\/uploads\/2014\/10\/concentracion1-150x150.jpeg\" class=\"attachment-thumbnail size-thumbnail\" alt=\"Cinco minutos de silencio\" aria-describedby=\"gallery-1-2377\" \/><\/a>\n\t\t\t<\/div>\n\t\t\t\t<figcaption class='wp-caption-text gallery-caption' id='gallery-1-2377'>\n\t\t\t\tCinco minutos de silencio\n\t\t\t\t<\/figcaption><\/figure><figure class='gallery-item'>\n\t\t\t<div class='gallery-icon landscape'>\n\t\t\t\t<a href='https:\/\/www.iesneiravilas.es\/arquivo\/?attachment_id=2378'><img loading=\"lazy\" decoding=\"async\" width=\"150\" height=\"150\" src=\"https:\/\/www.iesneiravilas.es\/arquivo\/wp-content\/uploads\/2014\/10\/concentracion2-150x150.jpeg\" class=\"attachment-thumbnail size-thumbnail\" alt=\"Cinco minutos de silencio\" aria-describedby=\"gallery-1-2378\" \/><\/a>\n\t\t\t<\/div>\n\t\t\t\t<figcaption class='wp-caption-text gallery-caption' id='gallery-1-2378'>\n\t\t\t\tCinco minutos de silencio\n\t\t\t\t<\/figcaption><\/figure>\n\t\t<\/div>\n\n<h3>Alumnado do Instituto participa na homenaxe a Rosal\u00eda de Castro<\/h3>\n<p>Os alumnos: Sara Castro, Mart\u00edn Mejuto e Camila Bargados de 1\u00ba de Bacharelato perticiparon o d\u00eda 24 de Febreiro no kiosko Alfonso de A Coru\u00f1a na lectura de poemas en homenaxe a Rosal\u00eda de Castro no seu aniversario.<\/p>\n<h3>Lectura dramatizada de &#8220;El Quijote&#8221;<\/h3>\n<p>O alumnado de 3\u00ba de ESO e 1\u00ba de Bacharelato escoitar\u00e1n textos de Cervantes dramatizados o d\u00eda 14 de Febreiro na biblioteca Rialeda de Perillo<\/p>\n<h3>Obradorio de banda dese\u00f1ada con Manuel Cr\u00e1neo na biblioteca Rialeda para 1\u00ba da ESO<\/h3>\n<p>O alumnado de 1\u00ba de ESO asistir\u00e1 o d\u00eda 3 de febreiro \u00f3 taller de c\u00f3mic que xa desde outros ano tivera un enorme \u00e9xito entre o alumnado do Neira Vilas.<\/p>\n<h3>Exposici\u00f3n sobre as bra\u00f1as de Sada<\/h3>\n<p>Durante o mes de xaneiro temos unha exposici\u00f3n de carteis, elaborada pola delegaci\u00f3n das Mari\u00f1as da Sociedade Galega de Historia Natural, sobre as Bra\u00f1as de Sada. Cont\u00e9n unha detallada informaci\u00f3n gr\u00e1fica e escrita sobre a flora e fauna e ten como obxectivo reivindicar a importancia das zonas h\u00famidas na conservaci\u00f3n do medio natural.<\/p>\n<h3>Charlas de prevenci\u00f3n de accidentes e lesi\u00f3ns medulares durante o mes de Decembro<\/h3>\n<p>O alumnado de 3\u00ba e 4\u00ba tivo ocasi\u00f3n de co\u00f1ecer de primeira man, as causas dos accidentes, as normas b\u00e1sicas para a actuaci\u00f3n cando isto acontece, as normas de prevenci\u00f3n de lesi\u00f3ns graves e as consecuencias para a sa\u00fade f\u00edsica e ps\u00edquica.<\/p>\n<p>As charlas foron organizadas por AESLEME (Asociaci\u00f3n para a prevenci\u00f3n de lesi\u00f3ns medulares) en colaboraci\u00f3n coa Direcci\u00f3n Xeral de Tr\u00e1fico. O m\u00e9dico e fisoterapeuta explicaron \u00f3 alumnado dun xeito sinxelo e con audiovisuais estes contidos tan necesarios para a concienciaci\u00f3n e prevenci\u00f3n destes accidentes.<\/p>\n<p>A valoraci\u00f3n da actividade, tanto por parte do profesorado organizador como do alumnado foi moi positiva, quedando en consideraci\u00f3n a inclusi\u00f3n desta actividade no Plan de Acci\u00f3n titorial para os vindeiros cursos.<\/p>\n<h3>Tese de Doutoramento<\/h3>\n<p>O mes de setembro pasado, a ex alumna deste centro, Naira Albaina Balerdi defendeu a s\u00faa tese de doutoramento titulada &#8220;Biomonitorizaci\u00f3n de contaminaci\u00f3n por TBT y gen\u00e9tica poblacional en<em>Nassarius reticulatus<\/em> (L) y <em>N. nitidus<\/em> (Jeffreys) en el NE Atl\u00e1ntico&#8221; que foi calificada cun merecido sobresainte <em>Cum laude<\/em>.<\/p>\n<p>\u00a1Noraboa Doutora!<\/p>\n<h3>Memorias dun neno labrego<\/h3>\n<p>Dentro das actividades para a conmemoraci\u00f3n do aniversario de &#8220;Memorias dun neno labrego&#8221; de Xos\u00e9 Neira Vilas nas que xa estivemos participando, o d\u00eda 13 de outubro o grupo de lectura da Bilioteca do noso centro e o Departamento de Galego organizan unha visita \u00f3 Forum metropolitano e asistencia \u00e1 peza de teatro que recrea a obra literaria represantada por <a title=\"Risas no Instituto\" href=\"http:\/\/www.iesneiravilas.es\/arquivo\/?p=1887\">C\u00e1ndido Paz\u00f3<\/a> que xa estivera no noso centro con grande \u00e9xito. Est\u00e1 organizado para 3\u00ba e 4\u00ba curso.<\/p>\n<h3>Exposici\u00f3ns: &#8220;Orixes&#8221; e &#8220;Primeiras civilizaci\u00f3ns<\/h3>\n<p>Os grupos de 1\u00ba da ESO estiveron o d\u00eda 14 de outubro na Coru\u00f1a para visitar as exposici\u00f3n sobre Antigo Exipto e Mesopotamia e sobre a orixe do ser humano. A actividade foi organizada polo Departamento de Historia. [Pode ver un <a href=\"http:\/\/dl.dropbox.com\/u\/15303863\/orixes.wmv\">v\u00eddeo da visita<\/a>]<\/p>\n","protected":false},"excerpt":{"rendered":"<p>Rede Abalar O IESP Neira Vilas incorp\u00f3rase no curso 2011-12 \u00e1 Rede Abalar con d\u00faas aulas Abalar correspondentes aos grupos de 1\u00ba de ESO. Diploma de estudos en lingua francesa 13 alumnos e alumnas do centro de 4\u00ba de ESO, 1\u00ba e 2\u00ba de Bacharelato present\u00e1ronse ao exame do DELF, Diploma de Estudos en L\u00edngua &hellip; <a href=\"https:\/\/www.iesneiravilas.es\/arquivo\/?p=2374\" class=\"more-link\">Seguir lendo <span class=\"screen-reader-text\">Curso 2011-2012. Novas<\/span> <span class=\"meta-nav\">&rarr;<\/span><\/a><\/p>\n","protected":false},"author":1,"featured_media":0,"comment_status":"closed","ping_status":"open","sticky":false,"template":"","format":"standard","meta":{"footnotes":""},"categories":[17,142,131,472],"tags":[524,528,530,523,387,521,527,522,529,415,526,525,520,383,531,28],"class_list":["post-2374","post","type-post","status-publish","format-standard","hentry","category-actividades","category-curso","category-curso-2011-2012","category-outras","tag-aesleme","tag-biblioteca-rialeda","tag-branas-de-sada","tag-camila-bargados","tag-candido-pazo","tag-delf","tag-el-quijote","tag-jose-ignacio-wert","tag-manuel-craneo","tag-martin-mejuto","tag-memorias-dun-neno-labrego","tag-naira-albaina-balerdi","tag-rede-abalar","tag-sara-castro","tag-sociedade-galega-de-historia-natural","tag-xose-neira-vilas"],"_links":{"self":[{"href":"https:\/\/www.iesneiravilas.es\/arquivo\/index.php?rest_route=\/wp\/v2\/posts\/2374","targetHints":{"allow":["GET"]}}],"collection":[{"href":"https:\/\/www.iesneiravilas.es\/arquivo\/index.php?rest_route=\/wp\/v2\/posts"}],"about":[{"href":"https:\/\/www.iesneiravilas.es\/arquivo\/index.php?rest_route=\/wp\/v2\/types\/post"}],"author":[{"embeddable":true,"href":"https:\/\/www.iesneiravilas.es\/arquivo\/index.php?rest_route=\/wp\/v2\/users\/1"}],"replies":[{"embeddable":true,"href":"https:\/\/www.iesneiravilas.es\/arquivo\/index.php?rest_route=%2Fwp%2Fv2%2Fcomments&post=2374"}],"version-history":[{"count":3,"href":"https:\/\/www.iesneiravilas.es\/arquivo\/index.php?rest_route=\/wp\/v2\/posts\/2374\/revisions"}],"predecessor-version":[{"id":2381,"href":"https:\/\/www.iesneiravilas.es\/arquivo\/index.php?rest_route=\/wp\/v2\/posts\/2374\/revisions\/2381"}],"wp:attachment":[{"href":"https:\/\/www.iesneiravilas.es\/arquivo\/index.php?rest_route=%2Fwp%2Fv2%2Fmedia&parent=2374"}],"wp:term":[{"taxonomy":"category","embeddable":true,"href":"https:\/\/www.iesneiravilas.es\/arquivo\/index.php?rest_route=%2Fwp%2Fv2%2Fcategories&post=2374"},{"taxonomy":"post_tag","embeddable":true,"href":"https:\/\/www.iesneiravilas.es\/arquivo\/index.php?rest_route=%2Fwp%2Fv2%2Ftags&post=2374"}],"curies":[{"name":"wp","href":"https:\/\/api.w.org\/{rel}","templated":true}]}}