{"id":2393,"date":"2013-05-17T11:30:07","date_gmt":"2013-05-17T09:30:07","guid":{"rendered":"http:\/\/www.iesneiravilas.es\/arquivo\/?p=2393"},"modified":"2014-10-20T11:35:15","modified_gmt":"2014-10-20T09:35:15","slug":"viaxe-europea-do-alumnado-das-seccions-plurilingues-e-das-seccions-bilingues-curso-2013-2014","status":"publish","type":"post","link":"https:\/\/www.iesneiravilas.es\/arquivo\/?p=2393","title":{"rendered":"Viaxe Europea do alumnado das secci\u00f3ns pluriling\u00fces e das secci\u00f3ns biling\u00fces. Curso 2013-2014."},"content":{"rendered":"<figure id=\"attachment_2394\" aria-describedby=\"caption-attachment-2394\" style=\"width: 300px\" class=\"wp-caption alignleft\"><a href=\"http:\/\/www.iesneiravilas.es\/arquivo\/wp-content\/uploads\/2014\/10\/lisboa_12.jpg\"><img loading=\"lazy\" decoding=\"async\" class=\"size-medium wp-image-2394\" src=\"http:\/\/www.iesneiravilas.es\/arquivo\/wp-content\/uploads\/2014\/10\/lisboa_12-300x168.jpg\" alt=\"Viaxe Europea: Lisboa\" width=\"300\" height=\"168\" srcset=\"https:\/\/www.iesneiravilas.es\/arquivo\/wp-content\/uploads\/2014\/10\/lisboa_12-300x168.jpg 300w, https:\/\/www.iesneiravilas.es\/arquivo\/wp-content\/uploads\/2014\/10\/lisboa_12-1024x576.jpg 1024w, https:\/\/www.iesneiravilas.es\/arquivo\/wp-content\/uploads\/2014\/10\/lisboa_12.jpg 1600w\" sizes=\"auto, (max-width: 300px) 100vw, 300px\" \/><\/a><figcaption id=\"caption-attachment-2394\" class=\"wp-caption-text\">Viaxe Europea: Lisboa<\/figcaption><\/figure>\n<p>O d\u00eda 16 de maio de 2013, 51 alumnos de 1\u00ba,2\u00ba,4\u00ba da ESO e 1\u00ba de Bacharelato, acompa\u00f1ados por 4 profesores emprenderon a \u201cVIAXE EUROPEA. Este ano a Lisboa.<\/p>\n<p>O programa foi o seguinte:<\/p>\n<p>O d\u00eda 17 estivemos no centro educativo portugu\u00e9s : Escola B\u00e1sica de 2\u00ba e 3\u00ba Ciclos Ferreira de Castro de Ouressa (Algueir\u00e3o-Mem Martins) perti\u00f1o de Lisboa, onde fomos recibidos polo seu director, Antonio Castel-Branco e profesores de franc\u00e9s e espa\u00f1ol. O alumnado do noso centro estivo nalgunhas clases, visitou o centro e comemos na cantina do mesmo. Agradecer desde aqui a colaboraci\u00f3n e axuda da profesora Dona Elisabete Pires. Pola tarde visitamos o Ocean\u00e1rio de Lisboa.<\/p>\n<p>O d\u00eda 18 visitamos os arredores de Lisboa. En Sintra estivemos no Pal\u00e1cio da Pena , e pola tarde vistamos a \u201cBoca do Inferno\u201d e a cidade de Cascais ; mais tarde paseamos pola Pra\u00e7a do Com\u00e9rcio, a Baixa lisboeta, Rocio e o Chiado.<\/p>\n<p>O domingo d\u00eda 19 continuamos coa descuberta de Lisboa, estimos no CCB ( Centro Cultural de Bel\u00e9m) e visitamos o Museo Cole\u00e7\u00e3o Berardo onde disfrutramos dunha clase sobre arte moderna e as\u00ed poder apreciar as obras dos artistas al\u00ed presentes. Despois acerc\u00e1monos o Mosteiro dos Xer\u00f3nimos; pola tarde paseamos en barco polo rio Taxo e fixemos a \u201cRuta dos Descubrimentos\u201d.<\/p>\n<p>O \u00faltimo d\u00eda e de man\u00e1 estivemos no Pal\u00e1cio de S\u00e3o Bento, sede do Parlamento portugu\u00e9s onde tivemos ocasi\u00f3n de visitar o edificio asi como co\u00f1ecer o funcionamento deste \u00f3rgano soberano do pa\u00eds veci\u00f1o.<\/p>\n<p>O ano que ven outra nova \u201cViaxe Europea\u201d; o destino &#8230;&#8230;..sorpresa!!!!!<\/p>\n<div id='gallery-1' class='gallery galleryid-2393 gallery-columns-3 gallery-size-thumbnail'><figure class='gallery-item'>\n\t\t\t<div class='gallery-icon landscape'>\n\t\t\t\t<a href='https:\/\/www.iesneiravilas.es\/arquivo\/?attachment_id=2395'><img loading=\"lazy\" decoding=\"async\" width=\"150\" height=\"150\" src=\"https:\/\/www.iesneiravilas.es\/arquivo\/wp-content\/uploads\/2014\/10\/lisboa_01-150x150.jpg\" class=\"attachment-thumbnail size-thumbnail\" alt=\"Viaxe Europea: Lisboa\" aria-describedby=\"gallery-1-2395\" \/><\/a>\n\t\t\t<\/div>\n\t\t\t\t<figcaption class='wp-caption-text gallery-caption' id='gallery-1-2395'>\n\t\t\t\tViaxe Europea: Lisboa\n\t\t\t\t<\/figcaption><\/figure><figure class='gallery-item'>\n\t\t\t<div class='gallery-icon landscape'>\n\t\t\t\t<a href='https:\/\/www.iesneiravilas.es\/arquivo\/?attachment_id=2396'><img loading=\"lazy\" decoding=\"async\" width=\"150\" height=\"150\" src=\"https:\/\/www.iesneiravilas.es\/arquivo\/wp-content\/uploads\/2014\/10\/lisboa_02-150x150.jpg\" class=\"attachment-thumbnail size-thumbnail\" alt=\"Viaxe Europea: Lisboa\" aria-describedby=\"gallery-1-2396\" \/><\/a>\n\t\t\t<\/div>\n\t\t\t\t<figcaption class='wp-caption-text gallery-caption' id='gallery-1-2396'>\n\t\t\t\tViaxe Europea: Lisboa\n\t\t\t\t<\/figcaption><\/figure><figure class='gallery-item'>\n\t\t\t<div class='gallery-icon landscape'>\n\t\t\t\t<a href='https:\/\/www.iesneiravilas.es\/arquivo\/?attachment_id=2397'><img loading=\"lazy\" decoding=\"async\" width=\"150\" height=\"150\" src=\"https:\/\/www.iesneiravilas.es\/arquivo\/wp-content\/uploads\/2014\/10\/lisboa_03-150x150.jpg\" class=\"attachment-thumbnail size-thumbnail\" alt=\"Viaxe Europea: Lisboa\" aria-describedby=\"gallery-1-2397\" \/><\/a>\n\t\t\t<\/div>\n\t\t\t\t<figcaption class='wp-caption-text gallery-caption' id='gallery-1-2397'>\n\t\t\t\tViaxe Europea: Lisboa\n\t\t\t\t<\/figcaption><\/figure><figure class='gallery-item'>\n\t\t\t<div class='gallery-icon landscape'>\n\t\t\t\t<a href='https:\/\/www.iesneiravilas.es\/arquivo\/?attachment_id=2398'><img loading=\"lazy\" decoding=\"async\" width=\"150\" height=\"150\" src=\"https:\/\/www.iesneiravilas.es\/arquivo\/wp-content\/uploads\/2014\/10\/lisboa_04-150x150.jpg\" class=\"attachment-thumbnail size-thumbnail\" alt=\"Viaxe Europea: Lisboa\" aria-describedby=\"gallery-1-2398\" \/><\/a>\n\t\t\t<\/div>\n\t\t\t\t<figcaption class='wp-caption-text gallery-caption' id='gallery-1-2398'>\n\t\t\t\tViaxe Europea: Lisboa\n\t\t\t\t<\/figcaption><\/figure><figure class='gallery-item'>\n\t\t\t<div class='gallery-icon landscape'>\n\t\t\t\t<a href='https:\/\/www.iesneiravilas.es\/arquivo\/?attachment_id=2399'><img loading=\"lazy\" decoding=\"async\" width=\"150\" height=\"150\" src=\"https:\/\/www.iesneiravilas.es\/arquivo\/wp-content\/uploads\/2014\/10\/lisboa_05-150x150.jpg\" class=\"attachment-thumbnail size-thumbnail\" alt=\"Viaxe Europea: Lisboa\" aria-describedby=\"gallery-1-2399\" \/><\/a>\n\t\t\t<\/div>\n\t\t\t\t<figcaption class='wp-caption-text gallery-caption' id='gallery-1-2399'>\n\t\t\t\tViaxe Europea: Lisboa\n\t\t\t\t<\/figcaption><\/figure><figure class='gallery-item'>\n\t\t\t<div class='gallery-icon landscape'>\n\t\t\t\t<a href='https:\/\/www.iesneiravilas.es\/arquivo\/?attachment_id=2400'><img loading=\"lazy\" decoding=\"async\" width=\"150\" height=\"150\" src=\"https:\/\/www.iesneiravilas.es\/arquivo\/wp-content\/uploads\/2014\/10\/lisboa_06-150x150.jpg\" class=\"attachment-thumbnail size-thumbnail\" alt=\"Viaxe Europea: Lisboa\" aria-describedby=\"gallery-1-2400\" \/><\/a>\n\t\t\t<\/div>\n\t\t\t\t<figcaption class='wp-caption-text gallery-caption' id='gallery-1-2400'>\n\t\t\t\tViaxe Europea: Lisboa\n\t\t\t\t<\/figcaption><\/figure><figure class='gallery-item'>\n\t\t\t<div class='gallery-icon landscape'>\n\t\t\t\t<a href='https:\/\/www.iesneiravilas.es\/arquivo\/?attachment_id=2401'><img loading=\"lazy\" decoding=\"async\" width=\"150\" height=\"150\" src=\"https:\/\/www.iesneiravilas.es\/arquivo\/wp-content\/uploads\/2014\/10\/lisboa_07-150x150.jpg\" class=\"attachment-thumbnail size-thumbnail\" alt=\"Viaxe Europea: Lisboa\" aria-describedby=\"gallery-1-2401\" \/><\/a>\n\t\t\t<\/div>\n\t\t\t\t<figcaption class='wp-caption-text gallery-caption' id='gallery-1-2401'>\n\t\t\t\tViaxe Europea: Lisboa\n\t\t\t\t<\/figcaption><\/figure><figure class='gallery-item'>\n\t\t\t<div class='gallery-icon landscape'>\n\t\t\t\t<a href='https:\/\/www.iesneiravilas.es\/arquivo\/?attachment_id=2402'><img loading=\"lazy\" decoding=\"async\" width=\"150\" height=\"150\" src=\"https:\/\/www.iesneiravilas.es\/arquivo\/wp-content\/uploads\/2014\/10\/lisboa_08-150x150.jpg\" class=\"attachment-thumbnail size-thumbnail\" alt=\"Viaxe Europea: Lisboa\" aria-describedby=\"gallery-1-2402\" \/><\/a>\n\t\t\t<\/div>\n\t\t\t\t<figcaption class='wp-caption-text gallery-caption' id='gallery-1-2402'>\n\t\t\t\tViaxe Europea: Lisboa\n\t\t\t\t<\/figcaption><\/figure><figure class='gallery-item'>\n\t\t\t<div class='gallery-icon landscape'>\n\t\t\t\t<a href='https:\/\/www.iesneiravilas.es\/arquivo\/?attachment_id=2403'><img loading=\"lazy\" decoding=\"async\" width=\"150\" height=\"150\" src=\"https:\/\/www.iesneiravilas.es\/arquivo\/wp-content\/uploads\/2014\/10\/lisboa_09-150x150.jpg\" class=\"attachment-thumbnail size-thumbnail\" alt=\"Viaxe Europea: Lisboa\" aria-describedby=\"gallery-1-2403\" \/><\/a>\n\t\t\t<\/div>\n\t\t\t\t<figcaption class='wp-caption-text gallery-caption' id='gallery-1-2403'>\n\t\t\t\tViaxe Europea: Lisboa\n\t\t\t\t<\/figcaption><\/figure><figure class='gallery-item'>\n\t\t\t<div class='gallery-icon landscape'>\n\t\t\t\t<a href='https:\/\/www.iesneiravilas.es\/arquivo\/?attachment_id=2404'><img loading=\"lazy\" decoding=\"async\" width=\"150\" height=\"150\" src=\"https:\/\/www.iesneiravilas.es\/arquivo\/wp-content\/uploads\/2014\/10\/lisboa_10-150x150.jpg\" class=\"attachment-thumbnail size-thumbnail\" alt=\"Viaxe Europea: Lisboa\" aria-describedby=\"gallery-1-2404\" \/><\/a>\n\t\t\t<\/div>\n\t\t\t\t<figcaption class='wp-caption-text gallery-caption' id='gallery-1-2404'>\n\t\t\t\tViaxe Europea: Lisboa\n\t\t\t\t<\/figcaption><\/figure><figure class='gallery-item'>\n\t\t\t<div class='gallery-icon landscape'>\n\t\t\t\t<a href='https:\/\/www.iesneiravilas.es\/arquivo\/?attachment_id=2405'><img loading=\"lazy\" decoding=\"async\" width=\"150\" height=\"150\" src=\"https:\/\/www.iesneiravilas.es\/arquivo\/wp-content\/uploads\/2014\/10\/lisboa_11-150x150.jpg\" class=\"attachment-thumbnail size-thumbnail\" alt=\"Viaxe Europea: Lisboa\" aria-describedby=\"gallery-1-2405\" \/><\/a>\n\t\t\t<\/div>\n\t\t\t\t<figcaption class='wp-caption-text gallery-caption' id='gallery-1-2405'>\n\t\t\t\tViaxe Europea: Lisboa\n\t\t\t\t<\/figcaption><\/figure>\n\t\t<\/div>\n\n","protected":false},"excerpt":{"rendered":"<p>O d\u00eda 16 de maio de 2013, 51 alumnos de 1\u00ba,2\u00ba,4\u00ba da ESO e 1\u00ba de Bacharelato, acompa\u00f1ados por 4 profesores emprenderon a \u201cVIAXE EUROPEA. Este ano a Lisboa. O programa foi o seguinte: O d\u00eda 17 estivemos no centro educativo portugu\u00e9s : Escola B\u00e1sica de 2\u00ba e 3\u00ba Ciclos Ferreira de Castro de Ouressa &hellip; <a href=\"https:\/\/www.iesneiravilas.es\/arquivo\/?p=2393\" class=\"more-link\">Seguir lendo <span class=\"screen-reader-text\">Viaxe Europea do alumnado das secci\u00f3ns pluriling\u00fces e das secci\u00f3ns biling\u00fces. Curso 2013-2014.<\/span> <span class=\"meta-nav\">&rarr;<\/span><\/a><\/p>\n","protected":false},"author":1,"featured_media":0,"comment_status":"closed","ping_status":"open","sticky":false,"template":"","format":"standard","meta":{"footnotes":""},"categories":[17,142,86,152],"tags":[533,122,534,295,124,141],"class_list":["post-2393","post","type-post","status-publish","format-standard","hentry","category-actividades","category-curso","category-curso-2012-2013","category-excursionvisita","tag-antonio-castel-branco","tag-carlos-vidal","tag-elisabete-pires","tag-isabel-lopez-marino","tag-juan-santamaria","tag-simon-karmann"],"_links":{"self":[{"href":"https:\/\/www.iesneiravilas.es\/arquivo\/index.php?rest_route=\/wp\/v2\/posts\/2393","targetHints":{"allow":["GET"]}}],"collection":[{"href":"https:\/\/www.iesneiravilas.es\/arquivo\/index.php?rest_route=\/wp\/v2\/posts"}],"about":[{"href":"https:\/\/www.iesneiravilas.es\/arquivo\/index.php?rest_route=\/wp\/v2\/types\/post"}],"author":[{"embeddable":true,"href":"https:\/\/www.iesneiravilas.es\/arquivo\/index.php?rest_route=\/wp\/v2\/users\/1"}],"replies":[{"embeddable":true,"href":"https:\/\/www.iesneiravilas.es\/arquivo\/index.php?rest_route=%2Fwp%2Fv2%2Fcomments&post=2393"}],"version-history":[{"count":1,"href":"https:\/\/www.iesneiravilas.es\/arquivo\/index.php?rest_route=\/wp\/v2\/posts\/2393\/revisions"}],"predecessor-version":[{"id":2406,"href":"https:\/\/www.iesneiravilas.es\/arquivo\/index.php?rest_route=\/wp\/v2\/posts\/2393\/revisions\/2406"}],"wp:attachment":[{"href":"https:\/\/www.iesneiravilas.es\/arquivo\/index.php?rest_route=%2Fwp%2Fv2%2Fmedia&parent=2393"}],"wp:term":[{"taxonomy":"category","embeddable":true,"href":"https:\/\/www.iesneiravilas.es\/arquivo\/index.php?rest_route=%2Fwp%2Fv2%2Fcategories&post=2393"},{"taxonomy":"post_tag","embeddable":true,"href":"https:\/\/www.iesneiravilas.es\/arquivo\/index.php?rest_route=%2Fwp%2Fv2%2Ftags&post=2393"}],"curies":[{"name":"wp","href":"https:\/\/api.w.org\/{rel}","templated":true}]}}