{"id":2407,"date":"2013-05-16T11:36:34","date_gmt":"2013-05-16T09:36:34","guid":{"rendered":"http:\/\/www.iesneiravilas.es\/arquivo\/?p=2407"},"modified":"2014-10-20T11:40:29","modified_gmt":"2014-10-20T09:40:29","slug":"visita-a-guimaraes","status":"publish","type":"post","link":"https:\/\/www.iesneiravilas.es\/arquivo\/?p=2407","title":{"rendered":"Visita a Guimaraes"},"content":{"rendered":"<figure id=\"attachment_2408\" aria-describedby=\"caption-attachment-2408\" style=\"width: 300px\" class=\"wp-caption alignleft\"><a href=\"http:\/\/www.iesneiravilas.es\/arquivo\/wp-content\/uploads\/2014\/10\/guimaraes_2.jpg\"><img loading=\"lazy\" decoding=\"async\" class=\"size-medium wp-image-2408\" src=\"http:\/\/www.iesneiravilas.es\/arquivo\/wp-content\/uploads\/2014\/10\/guimaraes_2-300x168.jpg\" alt=\"Visita a Guimaraes\" width=\"300\" height=\"168\" srcset=\"https:\/\/www.iesneiravilas.es\/arquivo\/wp-content\/uploads\/2014\/10\/guimaraes_2-300x168.jpg 300w, https:\/\/www.iesneiravilas.es\/arquivo\/wp-content\/uploads\/2014\/10\/guimaraes_2-1024x576.jpg 1024w, https:\/\/www.iesneiravilas.es\/arquivo\/wp-content\/uploads\/2014\/10\/guimaraes_2.jpg 1600w\" sizes=\"auto, (max-width: 300px) 100vw, 300px\" \/><\/a><figcaption id=\"caption-attachment-2408\" class=\"wp-caption-text\">Visita a Guimaraes<\/figcaption><\/figure>\n<p>O pasado 14 e 15 de maio o alumnado da materia &#8220;Obradoiro de Iniciativas Emprendedoras&#8221; de 3\u00ba e 4\u00ba e de Xeograf\u00eda viaxaron a Portugal acompa\u00f1ados polos profesores Isabel L\u00f3pez Mari\u00f1o, Jorge Calle e Carlos Vidal. Visitaron a citania de Briteiros, o mosteiro de Souto e a cidade de Guimar\u00e3es. Nesta \u00faltima percorreon o casco antigo e a \u00e1rea rehabilitada de Couros. .<\/p>\n<p>Esta viaxe est\u00e1 realizado en colaboraci\u00f3n co <a href=\"http:\/\/proxectoterra.coag.es\/\">Proxecto Terra<\/a> do Colexio de Arquitectos de Galicia.<\/p>\n<p>O primeiro d\u00eda de Portugal visitaron o xacemento arqueol\u00f3gico de Briteiros e o pobo que est\u00e1 cerca. O segundo d\u00eda co\u00f1eceron a fondo a cidade de Briteiros co pazo dos duques e a fortaleza, en Couros visitaron a rehabilitaci\u00f3n das f\u00e1bricas textiles. Foi destacado polo alumnado o modelo de rehabilitaci\u00f3n da cidade a orde na construcci\u00f3n e o respeto \u00e1 arquitectura<\/p>\n<p><a href=\"http:\/\/issuu.com\/xhixnv\/docs\/andre_ppt_guimaraes\">Presentaci\u00f3n<\/a> sobre a visita realizada polo alumno Andr\u00e9 Araujo.<\/p>\n<div id='gallery-1' class='gallery galleryid-2407 gallery-columns-3 gallery-size-thumbnail'><figure class='gallery-item'>\n\t\t\t<div class='gallery-icon landscape'>\n\t\t\t\t<a href='https:\/\/www.iesneiravilas.es\/arquivo\/?attachment_id=2409'><img loading=\"lazy\" decoding=\"async\" width=\"150\" height=\"150\" src=\"https:\/\/www.iesneiravilas.es\/arquivo\/wp-content\/uploads\/2014\/10\/guimaraes_1-150x150.jpg\" class=\"attachment-thumbnail size-thumbnail\" alt=\"Visita a Guimaraes\" aria-describedby=\"gallery-1-2409\" \/><\/a>\n\t\t\t<\/div>\n\t\t\t\t<figcaption class='wp-caption-text gallery-caption' id='gallery-1-2409'>\n\t\t\t\tVisita a Guimaraes\n\t\t\t\t<\/figcaption><\/figure><figure class='gallery-item'>\n\t\t\t<div class='gallery-icon landscape'>\n\t\t\t\t<a href='https:\/\/www.iesneiravilas.es\/arquivo\/?attachment_id=2410'><img loading=\"lazy\" decoding=\"async\" width=\"150\" height=\"150\" src=\"https:\/\/www.iesneiravilas.es\/arquivo\/wp-content\/uploads\/2014\/10\/guimaraes_3-150x150.jpg\" class=\"attachment-thumbnail size-thumbnail\" alt=\"Visita a Guimaraes\" aria-describedby=\"gallery-1-2410\" \/><\/a>\n\t\t\t<\/div>\n\t\t\t\t<figcaption class='wp-caption-text gallery-caption' id='gallery-1-2410'>\n\t\t\t\tVisita a Guimaraes\n\t\t\t\t<\/figcaption><\/figure><figure class='gallery-item'>\n\t\t\t<div class='gallery-icon landscape'>\n\t\t\t\t<a href='https:\/\/www.iesneiravilas.es\/arquivo\/?attachment_id=2411'><img loading=\"lazy\" decoding=\"async\" width=\"150\" height=\"150\" src=\"https:\/\/www.iesneiravilas.es\/arquivo\/wp-content\/uploads\/2014\/10\/guimaraes_4-150x150.jpg\" class=\"attachment-thumbnail size-thumbnail\" alt=\"Visita a Guimaraes\" aria-describedby=\"gallery-1-2411\" \/><\/a>\n\t\t\t<\/div>\n\t\t\t\t<figcaption class='wp-caption-text gallery-caption' id='gallery-1-2411'>\n\t\t\t\tVisita a Guimaraes\n\t\t\t\t<\/figcaption><\/figure>\n\t\t<\/div>\n\n","protected":false},"excerpt":{"rendered":"<p>O pasado 14 e 15 de maio o alumnado da materia &#8220;Obradoiro de Iniciativas Emprendedoras&#8221; de 3\u00ba e 4\u00ba e de Xeograf\u00eda viaxaron a Portugal acompa\u00f1ados polos profesores Isabel L\u00f3pez Mari\u00f1o, Jorge Calle e Carlos Vidal. Visitaron a citania de Briteiros, o mosteiro de Souto e a cidade de Guimar\u00e3es. Nesta \u00faltima percorreon o casco &hellip; <a href=\"https:\/\/www.iesneiravilas.es\/arquivo\/?p=2407\" class=\"more-link\">Seguir lendo <span class=\"screen-reader-text\">Visita a Guimaraes<\/span> <span class=\"meta-nav\">&rarr;<\/span><\/a><\/p>\n","protected":false},"author":1,"featured_media":0,"comment_status":"closed","ping_status":"open","sticky":false,"template":"","format":"standard","meta":{"footnotes":""},"categories":[17,142,86,152],"tags":[122,295,504],"class_list":["post-2407","post","type-post","status-publish","format-standard","hentry","category-actividades","category-curso","category-curso-2012-2013","category-excursionvisita","tag-carlos-vidal","tag-isabel-lopez-marino","tag-jorge-calle"],"_links":{"self":[{"href":"https:\/\/www.iesneiravilas.es\/arquivo\/index.php?rest_route=\/wp\/v2\/posts\/2407","targetHints":{"allow":["GET"]}}],"collection":[{"href":"https:\/\/www.iesneiravilas.es\/arquivo\/index.php?rest_route=\/wp\/v2\/posts"}],"about":[{"href":"https:\/\/www.iesneiravilas.es\/arquivo\/index.php?rest_route=\/wp\/v2\/types\/post"}],"author":[{"embeddable":true,"href":"https:\/\/www.iesneiravilas.es\/arquivo\/index.php?rest_route=\/wp\/v2\/users\/1"}],"replies":[{"embeddable":true,"href":"https:\/\/www.iesneiravilas.es\/arquivo\/index.php?rest_route=%2Fwp%2Fv2%2Fcomments&post=2407"}],"version-history":[{"count":1,"href":"https:\/\/www.iesneiravilas.es\/arquivo\/index.php?rest_route=\/wp\/v2\/posts\/2407\/revisions"}],"predecessor-version":[{"id":2412,"href":"https:\/\/www.iesneiravilas.es\/arquivo\/index.php?rest_route=\/wp\/v2\/posts\/2407\/revisions\/2412"}],"wp:attachment":[{"href":"https:\/\/www.iesneiravilas.es\/arquivo\/index.php?rest_route=%2Fwp%2Fv2%2Fmedia&parent=2407"}],"wp:term":[{"taxonomy":"category","embeddable":true,"href":"https:\/\/www.iesneiravilas.es\/arquivo\/index.php?rest_route=%2Fwp%2Fv2%2Fcategories&post=2407"},{"taxonomy":"post_tag","embeddable":true,"href":"https:\/\/www.iesneiravilas.es\/arquivo\/index.php?rest_route=%2Fwp%2Fv2%2Ftags&post=2407"}],"curies":[{"name":"wp","href":"https:\/\/api.w.org\/{rel}","templated":true}]}}