{"id":2415,"date":"2013-05-04T11:43:20","date_gmt":"2013-05-04T09:43:20","guid":{"rendered":"http:\/\/www.iesneiravilas.es\/arquivo\/?p=2415"},"modified":"2014-10-20T11:51:46","modified_gmt":"2014-10-20T09:51:46","slug":"roteiro-cultural-e-literario","status":"publish","type":"post","link":"https:\/\/www.iesneiravilas.es\/arquivo\/?p=2415","title":{"rendered":"Roteiro Cultural e Literario"},"content":{"rendered":"<figure id=\"attachment_2416\" aria-describedby=\"caption-attachment-2416\" style=\"width: 300px\" class=\"wp-caption alignleft\"><a href=\"http:\/\/www.iesneiravilas.es\/arquivo\/wp-content\/uploads\/2014\/10\/roteiro_5.jpg\"><img loading=\"lazy\" decoding=\"async\" class=\"size-medium wp-image-2416\" src=\"http:\/\/www.iesneiravilas.es\/arquivo\/wp-content\/uploads\/2014\/10\/roteiro_5-300x168.jpg\" alt=\"Roteiro Cultural e Literario\" width=\"300\" height=\"168\" srcset=\"https:\/\/www.iesneiravilas.es\/arquivo\/wp-content\/uploads\/2014\/10\/roteiro_5-300x168.jpg 300w, https:\/\/www.iesneiravilas.es\/arquivo\/wp-content\/uploads\/2014\/10\/roteiro_5-1024x575.jpg 1024w, https:\/\/www.iesneiravilas.es\/arquivo\/wp-content\/uploads\/2014\/10\/roteiro_5.jpg 1600w\" sizes=\"auto, (max-width: 300px) 100vw, 300px\" \/><\/a><figcaption id=\"caption-attachment-2416\" class=\"wp-caption-text\">Roteiro Cultural e Literario<\/figcaption><\/figure>\n<p>O alumnado de 1\u00ba de Bacherelato participou o d\u00eda 3 de maio nun roteiro organizado polo Sistema de Bibliotecas P\u00fablicas Municipais, o Servizo de Normalizaci\u00f3n Ling\u00fc\u00edstica e o IES Miraflores de Oleiros.<\/p>\n<p>Este percorrido por distintos lugares do municipio achegou aos participantes a diferentes mulleres e homes ilustres que viviron no noso municipio. Comezou en Santa Cruz con Syra Alonso e Francisco Miguel, para ir logo ao Pazo de L\u00f3ngora con Fanny Garrido e Marcial del Adalid, para pechar en Oleiros onde veraneou Francisca Herrera.<\/p>\n<p>Esta actividade permitiu aos participantes co\u00f1ocer mellor o contorno no que viven e a importancia que tiveron homes e mulleres que viviron nel.<\/p>\n<div id='gallery-1' class='gallery galleryid-2415 gallery-columns-3 gallery-size-thumbnail'><figure class='gallery-item'>\n\t\t\t<div class='gallery-icon landscape'>\n\t\t\t\t<a href='https:\/\/www.iesneiravilas.es\/arquivo\/?attachment_id=2417'><img loading=\"lazy\" decoding=\"async\" width=\"150\" height=\"150\" src=\"https:\/\/www.iesneiravilas.es\/arquivo\/wp-content\/uploads\/2014\/10\/roteiro_1-150x150.jpg\" class=\"attachment-thumbnail size-thumbnail\" alt=\"Roteiro Cultural e Literario\" aria-describedby=\"gallery-1-2417\" \/><\/a>\n\t\t\t<\/div>\n\t\t\t\t<figcaption class='wp-caption-text gallery-caption' id='gallery-1-2417'>\n\t\t\t\tRoteiro Cultural e Literario\n\t\t\t\t<\/figcaption><\/figure><figure class='gallery-item'>\n\t\t\t<div class='gallery-icon portrait'>\n\t\t\t\t<a href='https:\/\/www.iesneiravilas.es\/arquivo\/?attachment_id=2418'><img loading=\"lazy\" decoding=\"async\" width=\"150\" height=\"150\" src=\"https:\/\/www.iesneiravilas.es\/arquivo\/wp-content\/uploads\/2014\/10\/roteiro_2-150x150.jpg\" class=\"attachment-thumbnail size-thumbnail\" alt=\"Roteiro Cultural e Literario\" aria-describedby=\"gallery-1-2418\" \/><\/a>\n\t\t\t<\/div>\n\t\t\t\t<figcaption class='wp-caption-text gallery-caption' id='gallery-1-2418'>\n\t\t\t\tRoteiro Cultural e Literario\n\t\t\t\t<\/figcaption><\/figure><figure class='gallery-item'>\n\t\t\t<div class='gallery-icon landscape'>\n\t\t\t\t<a href='https:\/\/www.iesneiravilas.es\/arquivo\/?attachment_id=2419'><img loading=\"lazy\" decoding=\"async\" width=\"150\" height=\"150\" src=\"https:\/\/www.iesneiravilas.es\/arquivo\/wp-content\/uploads\/2014\/10\/roteiro_3-150x150.jpg\" class=\"attachment-thumbnail size-thumbnail\" alt=\"Roteiro Cultural e Literario\" aria-describedby=\"gallery-1-2419\" \/><\/a>\n\t\t\t<\/div>\n\t\t\t\t<figcaption class='wp-caption-text gallery-caption' id='gallery-1-2419'>\n\t\t\t\tRoteiro Cultural e Literario\n\t\t\t\t<\/figcaption><\/figure><figure class='gallery-item'>\n\t\t\t<div class='gallery-icon landscape'>\n\t\t\t\t<a href='https:\/\/www.iesneiravilas.es\/arquivo\/?attachment_id=2420'><img loading=\"lazy\" decoding=\"async\" width=\"150\" height=\"150\" src=\"https:\/\/www.iesneiravilas.es\/arquivo\/wp-content\/uploads\/2014\/10\/roteiro_4-150x150.jpg\" class=\"attachment-thumbnail size-thumbnail\" alt=\"Roteiro Cultural e Literario\" aria-describedby=\"gallery-1-2420\" \/><\/a>\n\t\t\t<\/div>\n\t\t\t\t<figcaption class='wp-caption-text gallery-caption' id='gallery-1-2420'>\n\t\t\t\tRoteiro Cultural e Literario\n\t\t\t\t<\/figcaption><\/figure><figure class='gallery-item'>\n\t\t\t<div class='gallery-icon landscape'>\n\t\t\t\t<a href='https:\/\/www.iesneiravilas.es\/arquivo\/?attachment_id=2421'><img loading=\"lazy\" decoding=\"async\" width=\"150\" height=\"150\" src=\"https:\/\/www.iesneiravilas.es\/arquivo\/wp-content\/uploads\/2014\/10\/roteiro_6-150x150.jpg\" class=\"attachment-thumbnail size-thumbnail\" alt=\"Roteiro Cultural e Literario\" aria-describedby=\"gallery-1-2421\" \/><\/a>\n\t\t\t<\/div>\n\t\t\t\t<figcaption class='wp-caption-text gallery-caption' id='gallery-1-2421'>\n\t\t\t\tRoteiro Cultural e Literario\n\t\t\t\t<\/figcaption><\/figure><figure class='gallery-item'>\n\t\t\t<div class='gallery-icon landscape'>\n\t\t\t\t<a href='https:\/\/www.iesneiravilas.es\/arquivo\/?attachment_id=2422'><img loading=\"lazy\" decoding=\"async\" width=\"150\" height=\"150\" src=\"https:\/\/www.iesneiravilas.es\/arquivo\/wp-content\/uploads\/2014\/10\/roteiro_7-150x150.jpg\" class=\"attachment-thumbnail size-thumbnail\" alt=\"Roteiro Cultural e Literario\" aria-describedby=\"gallery-1-2422\" \/><\/a>\n\t\t\t<\/div>\n\t\t\t\t<figcaption class='wp-caption-text gallery-caption' id='gallery-1-2422'>\n\t\t\t\tRoteiro Cultural e Literario\n\t\t\t\t<\/figcaption><\/figure>\n\t\t<\/div>\n\n","protected":false},"excerpt":{"rendered":"<p>O alumnado de 1\u00ba de Bacherelato participou o d\u00eda 3 de maio nun roteiro organizado polo Sistema de Bibliotecas P\u00fablicas Municipais, o Servizo de Normalizaci\u00f3n Ling\u00fc\u00edstica e o IES Miraflores de Oleiros. Este percorrido por distintos lugares do municipio achegou aos participantes a diferentes mulleres e homes ilustres que viviron no noso municipio. Comezou en &hellip; <a href=\"https:\/\/www.iesneiravilas.es\/arquivo\/?p=2415\" class=\"more-link\">Seguir lendo <span class=\"screen-reader-text\">Roteiro Cultural e Literario<\/span> <span class=\"meta-nav\">&rarr;<\/span><\/a><\/p>\n","protected":false},"author":1,"featured_media":0,"comment_status":"closed","ping_status":"open","sticky":false,"template":"","format":"standard","meta":{"footnotes":""},"categories":[17,142,86,472],"tags":[27,536,540,542,539,535,541,173,268,537,362,538],"class_list":["post-2415","post","type-post","status-publish","format-standard","hentry","category-actividades","category-curso","category-curso-2012-2013","category-outras","tag-angel-garcia-seoane","tag-bibliotecas-publicas-municipais","tag-fanny-garrido","tag-francisca-herrera","tag-francisco-miguel","tag-ies-miraflores-de-oleiros","tag-marcial-del-adalid","tag-matias-cuba","tag-nacho-taibo","tag-normalizacion-linguistica","tag-pazo-de-longora","tag-syra-alonso"],"_links":{"self":[{"href":"https:\/\/www.iesneiravilas.es\/arquivo\/index.php?rest_route=\/wp\/v2\/posts\/2415","targetHints":{"allow":["GET"]}}],"collection":[{"href":"https:\/\/www.iesneiravilas.es\/arquivo\/index.php?rest_route=\/wp\/v2\/posts"}],"about":[{"href":"https:\/\/www.iesneiravilas.es\/arquivo\/index.php?rest_route=\/wp\/v2\/types\/post"}],"author":[{"embeddable":true,"href":"https:\/\/www.iesneiravilas.es\/arquivo\/index.php?rest_route=\/wp\/v2\/users\/1"}],"replies":[{"embeddable":true,"href":"https:\/\/www.iesneiravilas.es\/arquivo\/index.php?rest_route=%2Fwp%2Fv2%2Fcomments&post=2415"}],"version-history":[{"count":1,"href":"https:\/\/www.iesneiravilas.es\/arquivo\/index.php?rest_route=\/wp\/v2\/posts\/2415\/revisions"}],"predecessor-version":[{"id":2423,"href":"https:\/\/www.iesneiravilas.es\/arquivo\/index.php?rest_route=\/wp\/v2\/posts\/2415\/revisions\/2423"}],"wp:attachment":[{"href":"https:\/\/www.iesneiravilas.es\/arquivo\/index.php?rest_route=%2Fwp%2Fv2%2Fmedia&parent=2415"}],"wp:term":[{"taxonomy":"category","embeddable":true,"href":"https:\/\/www.iesneiravilas.es\/arquivo\/index.php?rest_route=%2Fwp%2Fv2%2Fcategories&post=2415"},{"taxonomy":"post_tag","embeddable":true,"href":"https:\/\/www.iesneiravilas.es\/arquivo\/index.php?rest_route=%2Fwp%2Fv2%2Ftags&post=2415"}],"curies":[{"name":"wp","href":"https:\/\/api.w.org\/{rel}","templated":true}]}}