{"id":2434,"date":"2014-04-13T11:05:37","date_gmt":"2014-04-13T09:05:37","guid":{"rendered":"http:\/\/www.iesneiravilas.es\/arquivo\/?p=2434"},"modified":"2014-10-20T12:09:13","modified_gmt":"2014-10-20T10:09:13","slug":"gala-da-semana-intercultural","status":"publish","type":"post","link":"https:\/\/www.iesneiravilas.es\/arquivo\/?p=2434","title":{"rendered":"Gala da Semana Intercultural"},"content":{"rendered":"<figure id=\"attachment_2435\" aria-describedby=\"caption-attachment-2435\" style=\"width: 300px\" class=\"wp-caption alignleft\"><a href=\"http:\/\/www.iesneiravilas.es\/arquivo\/wp-content\/uploads\/2014\/10\/gala_4.jpg\"><img loading=\"lazy\" decoding=\"async\" class=\"size-medium wp-image-2435\" src=\"http:\/\/www.iesneiravilas.es\/arquivo\/wp-content\/uploads\/2014\/10\/gala_4-300x168.jpg\" alt=\"grupo de percusi\u00f3n\" width=\"300\" height=\"168\" srcset=\"https:\/\/www.iesneiravilas.es\/arquivo\/wp-content\/uploads\/2014\/10\/gala_4-300x168.jpg 300w, https:\/\/www.iesneiravilas.es\/arquivo\/wp-content\/uploads\/2014\/10\/gala_4-1024x576.jpg 1024w, https:\/\/www.iesneiravilas.es\/arquivo\/wp-content\/uploads\/2014\/10\/gala_4.jpg 1600w\" sizes=\"auto, (max-width: 300px) 100vw, 300px\" \/><\/a><figcaption id=\"caption-attachment-2435\" class=\"wp-caption-text\">grupo de percusi\u00f3n<\/figcaption><\/figure>\n<p>O intenso programa de actividades desenvolvido neste d\u00edas tivo un fermoso colof\u00f3n cunha gala de m\u00fasica, teatro e danza.<\/p>\n<p>No apartado musical os grupos de percusi\u00f3n de ESO 2\u00ba, 3\u00ba, 4\u00ba e BAC 1\u00ba, dirixidos por Jes\u00fas F. Llaneza, ofreceron un concerto con obras de Keofas, Novaro, Schumann, Suzhki, Thomas, Mozart, Beethoven e Abba xunto con tres canci\u00f3ns populares irlandesas.<\/p>\n<p>A representaci\u00f3n esc\u00e9nica correo a cargo da parella art\u00edstica Carlos Mart\u00edn e Carmen Cotelo que ofreceron unha escena da obra Anos 70. O vindeiro curso esta parella po\u00f1era en marcha un obradoiro teatral como actividade extraescolar.<\/p>\n<p>Rematou a gala coa actuaci\u00f3n do obradoiro de danza do Instituto que despertou un gran entusiasmo no p\u00fablico.<\/p>\n<div id='gallery-1' class='gallery galleryid-2434 gallery-columns-3 gallery-size-thumbnail'><figure class='gallery-item'>\n\t\t\t<div class='gallery-icon landscape'>\n\t\t\t\t<a href='https:\/\/www.iesneiravilas.es\/arquivo\/?attachment_id=2436'><img loading=\"lazy\" decoding=\"async\" width=\"150\" height=\"150\" src=\"https:\/\/www.iesneiravilas.es\/arquivo\/wp-content\/uploads\/2014\/10\/gala_3-150x150.jpg\" class=\"attachment-thumbnail size-thumbnail\" alt=\"grupo de percusi\u00f3n\" aria-describedby=\"gallery-1-2436\" \/><\/a>\n\t\t\t<\/div>\n\t\t\t\t<figcaption class='wp-caption-text gallery-caption' id='gallery-1-2436'>\n\t\t\t\tgrupo de percusi\u00f3n\n\t\t\t\t<\/figcaption><\/figure><figure class='gallery-item'>\n\t\t\t<div class='gallery-icon landscape'>\n\t\t\t\t<a href='https:\/\/www.iesneiravilas.es\/arquivo\/?attachment_id=2437'><img loading=\"lazy\" decoding=\"async\" width=\"150\" height=\"150\" src=\"https:\/\/www.iesneiravilas.es\/arquivo\/wp-content\/uploads\/2014\/10\/gala_5-150x150.jpg\" class=\"attachment-thumbnail size-thumbnail\" alt=\"unha escena da obra Anos 70\" aria-describedby=\"gallery-1-2437\" \/><\/a>\n\t\t\t<\/div>\n\t\t\t\t<figcaption class='wp-caption-text gallery-caption' id='gallery-1-2437'>\n\t\t\t\tunha escena da obra Anos 70\n\t\t\t\t<\/figcaption><\/figure><figure class='gallery-item'>\n\t\t\t<div class='gallery-icon landscape'>\n\t\t\t\t<a href='https:\/\/www.iesneiravilas.es\/arquivo\/?attachment_id=2438'><img loading=\"lazy\" decoding=\"async\" width=\"150\" height=\"150\" src=\"https:\/\/www.iesneiravilas.es\/arquivo\/wp-content\/uploads\/2014\/10\/gala_1-150x150.jpg\" class=\"attachment-thumbnail size-thumbnail\" alt=\"obradoiro de danza\" aria-describedby=\"gallery-1-2438\" \/><\/a>\n\t\t\t<\/div>\n\t\t\t\t<figcaption class='wp-caption-text gallery-caption' id='gallery-1-2438'>\n\t\t\t\tobradoiro de danza\n\t\t\t\t<\/figcaption><\/figure><figure class='gallery-item'>\n\t\t\t<div class='gallery-icon landscape'>\n\t\t\t\t<a href='https:\/\/www.iesneiravilas.es\/arquivo\/?attachment_id=2439'><img loading=\"lazy\" decoding=\"async\" width=\"150\" height=\"150\" src=\"https:\/\/www.iesneiravilas.es\/arquivo\/wp-content\/uploads\/2014\/10\/gala_2-150x150.jpg\" class=\"attachment-thumbnail size-thumbnail\" alt=\"obradoiro de danza\" aria-describedby=\"gallery-1-2439\" \/><\/a>\n\t\t\t<\/div>\n\t\t\t\t<figcaption class='wp-caption-text gallery-caption' id='gallery-1-2439'>\n\t\t\t\tobradoiro de danza\n\t\t\t\t<\/figcaption><\/figure>\n\t\t<\/div>\n\n","protected":false},"excerpt":{"rendered":"<p>O intenso programa de actividades desenvolvido neste d\u00edas tivo un fermoso colof\u00f3n cunha gala de m\u00fasica, teatro e danza. No apartado musical os grupos de percusi\u00f3n de ESO 2\u00ba, 3\u00ba, 4\u00ba e BAC 1\u00ba, dirixidos por Jes\u00fas F. Llaneza, ofreceron un concerto con obras de Keofas, Novaro, Schumann, Suzhki, Thomas, Mozart, Beethoven e Abba xunto &hellip; <a href=\"https:\/\/www.iesneiravilas.es\/arquivo\/?p=2434\" class=\"more-link\">Seguir lendo <span class=\"screen-reader-text\">Gala da Semana Intercultural<\/span> <span class=\"meta-nav\">&rarr;<\/span><\/a><\/p>\n","protected":false},"author":1,"featured_media":0,"comment_status":"closed","ping_status":"open","sticky":false,"template":"","format":"standard","meta":{"footnotes":""},"categories":[17,142,86,311],"tags":[545,546,322,547],"class_list":["post-2434","post","type-post","status-publish","format-standard","hentry","category-actividades","category-curso","category-curso-2012-2013","category-semana-intercultural","tag-carlos-martin","tag-carmen-cotelo","tag-jesus-fernandez-llaneza","tag-obradoiro-de-danza"],"_links":{"self":[{"href":"https:\/\/www.iesneiravilas.es\/arquivo\/index.php?rest_route=\/wp\/v2\/posts\/2434","targetHints":{"allow":["GET"]}}],"collection":[{"href":"https:\/\/www.iesneiravilas.es\/arquivo\/index.php?rest_route=\/wp\/v2\/posts"}],"about":[{"href":"https:\/\/www.iesneiravilas.es\/arquivo\/index.php?rest_route=\/wp\/v2\/types\/post"}],"author":[{"embeddable":true,"href":"https:\/\/www.iesneiravilas.es\/arquivo\/index.php?rest_route=\/wp\/v2\/users\/1"}],"replies":[{"embeddable":true,"href":"https:\/\/www.iesneiravilas.es\/arquivo\/index.php?rest_route=%2Fwp%2Fv2%2Fcomments&post=2434"}],"version-history":[{"count":1,"href":"https:\/\/www.iesneiravilas.es\/arquivo\/index.php?rest_route=\/wp\/v2\/posts\/2434\/revisions"}],"predecessor-version":[{"id":2440,"href":"https:\/\/www.iesneiravilas.es\/arquivo\/index.php?rest_route=\/wp\/v2\/posts\/2434\/revisions\/2440"}],"wp:attachment":[{"href":"https:\/\/www.iesneiravilas.es\/arquivo\/index.php?rest_route=%2Fwp%2Fv2%2Fmedia&parent=2434"}],"wp:term":[{"taxonomy":"category","embeddable":true,"href":"https:\/\/www.iesneiravilas.es\/arquivo\/index.php?rest_route=%2Fwp%2Fv2%2Fcategories&post=2434"},{"taxonomy":"post_tag","embeddable":true,"href":"https:\/\/www.iesneiravilas.es\/arquivo\/index.php?rest_route=%2Fwp%2Fv2%2Ftags&post=2434"}],"curies":[{"name":"wp","href":"https:\/\/api.w.org\/{rel}","templated":true}]}}