{"id":2455,"date":"2013-04-13T11:15:55","date_gmt":"2013-04-13T09:15:55","guid":{"rendered":"http:\/\/www.iesneiravilas.es\/arquivo\/?p=2455"},"modified":"2014-10-20T12:19:07","modified_gmt":"2014-10-20T10:19:07","slug":"teno-unha-irma-moi-especial","status":"publish","type":"post","link":"https:\/\/www.iesneiravilas.es\/arquivo\/?p=2455","title":{"rendered":"Te\u00f1o unha irm\u00e1 moi especial"},"content":{"rendered":"<figure id=\"attachment_2457\" aria-describedby=\"caption-attachment-2457\" style=\"width: 300px\" class=\"wp-caption alignleft\"><a href=\"http:\/\/www.iesneiravilas.es\/arquivo\/wp-content\/uploads\/2014\/10\/sabela_1.jpg\"><img loading=\"lazy\" decoding=\"async\" class=\"size-medium wp-image-2457\" src=\"http:\/\/www.iesneiravilas.es\/arquivo\/wp-content\/uploads\/2014\/10\/sabela_1-300x168.jpg\" alt=\"Te\u00f1o unha irm\u00e1 moi especial\" width=\"300\" height=\"168\" srcset=\"https:\/\/www.iesneiravilas.es\/arquivo\/wp-content\/uploads\/2014\/10\/sabela_1-300x168.jpg 300w, https:\/\/www.iesneiravilas.es\/arquivo\/wp-content\/uploads\/2014\/10\/sabela_1-1024x576.jpg 1024w, https:\/\/www.iesneiravilas.es\/arquivo\/wp-content\/uploads\/2014\/10\/sabela_1.jpg 1600w\" sizes=\"auto, (max-width: 300px) 100vw, 300px\" \/><\/a><figcaption id=\"caption-attachment-2457\" class=\"wp-caption-text\">Te\u00f1o unha irm\u00e1 moi especial<\/figcaption><\/figure>\n<p>Os irm\u00e1ns Hugo Ant\u00f3n Fern\u00e1ndez e Sabela Fern\u00e1ndez , escolarizados en 1\u00ba e 2\u00ba de ESO respectivamente, presentaron un traballo sobre a S\u00edndrome de Down o pasado 10 de abril, na Semana Intercultural. Trataron de compartir cos compa\u00f1eiros e compa\u00f1eiras de 2\u00ba de ESO, a s\u00faa experiencia en relaci\u00f3n a esta discapacidade. Este traballo estaba coordinado pola mestra de pedagox\u00eda terap\u00e9utica Adela Otero, que traballou conxuntamente cos dous irm\u00e1ns.<\/p>\n<p>Hugo Ant\u00f3n de 13 anos e Sabela de 16, deron un paso importante tratando de dar a co\u00f1ecer a s\u00faa experiencia en relaci\u00f3n coa S\u00edndrome de Down. Deu comezo Hugo Ant\u00f3n expo\u00f1endo os componentes do seu n\u00facleo familiar, entre os que se atopa a s\u00faa irm\u00e1 Sabela, rapaza con S\u00edndrome de Down. Ao tempo, Sabela axud\u00e1bao a explicar todas as fotograf\u00edas expostas, nas que aparec\u00edan eles dous, o seu irm\u00e1n Xaqu\u00edn e os seus pais, desde pequenos ata a actualidade. Ela amosou as s\u00faas aptitudes d\u00e1ndolle o toque de comicidade e humor que tanto divirte aos seus compa\u00f1eiros\/as.<\/p>\n<p>Hugo Ant\u00f3n explicaba que cando era m\u00e1is novo \u00e1s veces non comprend\u00eda alg\u00fans comportamentos da s\u00faa irm\u00e1 maior polo que en varias ocasi\u00f3ns preguntoulles aos seus pais que significaba ter S\u00edndrome de Down. Os pais sempre actuaron con naturalidade, tanto con Sabela, como cos outros dous fillos menores, d\u00e1ndolles a informaci\u00f3n necesaria en cada momento.<\/p>\n<p>Hugo Ant\u00f3n e Sabela explicaron que a S\u00edndrome de Down se trata dunha alteraci\u00f3n xen\u00e9tica, e aclararon que no se trata dunha enfermidade, senon dunha discapacidade intelectual. A continuaci\u00f3n, expuxeron alg\u00fans aspectos da vida coti\u00e1 de Sabela a trav\u00e9s de diferentes \u00e1mbitos: a vida escolar, o d\u00eda a d\u00eda da rapaza Sabela, a s\u00faa forma de ser, como xoga, como se relaciona cos demais, a participaci\u00f3n en diferentes actividades, e a autonom\u00eda.<\/p>\n<figure id=\"attachment_2456\" aria-describedby=\"caption-attachment-2456\" style=\"width: 300px\" class=\"wp-caption alignleft\"><a href=\"http:\/\/www.iesneiravilas.es\/arquivo\/wp-content\/uploads\/2014\/10\/sabela_2.jpg\"><img loading=\"lazy\" decoding=\"async\" class=\"size-medium wp-image-2456\" src=\"http:\/\/www.iesneiravilas.es\/arquivo\/wp-content\/uploads\/2014\/10\/sabela_2-300x168.jpg\" alt=\"Te\u00f1o unha irm\u00e1 moi especial\" width=\"300\" height=\"168\" srcset=\"https:\/\/www.iesneiravilas.es\/arquivo\/wp-content\/uploads\/2014\/10\/sabela_2-300x168.jpg 300w, https:\/\/www.iesneiravilas.es\/arquivo\/wp-content\/uploads\/2014\/10\/sabela_2-1024x575.jpg 1024w, https:\/\/www.iesneiravilas.es\/arquivo\/wp-content\/uploads\/2014\/10\/sabela_2.jpg 1600w\" sizes=\"auto, (max-width: 300px) 100vw, 300px\" \/><\/a><figcaption id=\"caption-attachment-2456\" class=\"wp-caption-text\">Te\u00f1o unha irm\u00e1 moi especial<\/figcaption><\/figure>\n<p>Este traballo amosou un visi\u00f3n diferente do que todos temos afeito en relaci\u00f3n \u00e1 discapacidade intelectual, pois conseguiron amosar con gran naturalidade unha historia de vida de dous irm\u00e1ns que est\u00e1n a facer un cami\u00f1o suxeitos da man con moito esforzo. Hugo Ant\u00f3n est\u00e1 moi sensibilizado coas persoas con discapacidade polo que o seu principal obxectivo era transmitir o esforzo levado a cabo pola familia e amigos\/as m\u00e1s cercanos para logran alcanzar a inclusi\u00f3n social da s\u00faa irm\u00e1.<\/p>\n<p>Creouse un clima na aula moi agradable e sensible co tema a tratar, de xeito que todos os rapaces\/as escoitaban moi atentos pasando as\u00ed un rato moi divertido debido \u00e1s continuas risas creadas polos dous irm\u00e1ns.<\/p>\n<p>Fixeron unha segunda presentaci\u00f3n na que, a trav\u00e9s de moitas fotos, Sabela contaba que forma parte do equipo Santiago Ap\u00f3stol de ximnasia adaptada desde hai 4 anos, sendo campeona de Espa\u00f1a celebrado en Elche o pasado mes de marzo. Ela amosou con gran emoci\u00f3n e orgullo as s\u00faas habilidades deportivas as\u00ed como o esforzo levado a cabo durante este curso.<\/p>\n<p>Cando remataron a segunda presentaci\u00f3n, os rapaces pudieron facerlles todas as preguntas que quixeron a Hugo Ant\u00f3n e Sabela. Hai que salientar que a presentaci\u00f3n conectou moito c\u00f3s intereses dos rapaces debido \u00e1 naturalidade, tanto dos irm\u00e1ns como dos compa\u00f1eiros e compa\u00f1eiras. A Hugo Ant\u00f3n pregunt\u00e1ronlle se sent\u00eda vergo\u00f1a pola s\u00faa inrm\u00e1 ou si a cambiar\u00eda. Ante isto el respondeu con contundencia e rotundidade que non sent\u00eda vergo\u00f1aa ningunha e incluso moitas veces lle daba a man a Sabela para que apurara, e non lle cambiar\u00eda nada pois a s\u00faa irm\u00e1 \u00e9 marabillosa, e a quere tal e como \u00e9.<\/p>\n<p>Finalmente, pecharon a sesi\u00f3n cunha proxecci\u00f3n sobre a S\u00edndorme de Down na que aparec\u00eda Sabela coas s\u00faas compa\u00f1eiras de ximnasia r\u00edtmica, celebrando o premio obtido no campionato.<\/p>\n","protected":false},"excerpt":{"rendered":"<p>Os irm\u00e1ns Hugo Ant\u00f3n Fern\u00e1ndez e Sabela Fern\u00e1ndez , escolarizados en 1\u00ba e 2\u00ba de ESO respectivamente, presentaron un traballo sobre a S\u00edndrome de Down o pasado 10 de abril, na Semana Intercultural. Trataron de compartir cos compa\u00f1eiros e compa\u00f1eiras de 2\u00ba de ESO, a s\u00faa experiencia en relaci\u00f3n a esta discapacidade. Este traballo estaba &hellip; <a href=\"https:\/\/www.iesneiravilas.es\/arquivo\/?p=2455\" class=\"more-link\">Seguir lendo <span class=\"screen-reader-text\">Te\u00f1o unha irm\u00e1 moi especial<\/span> <span class=\"meta-nav\">&rarr;<\/span><\/a><\/p>\n","protected":false},"author":1,"featured_media":0,"comment_status":"closed","ping_status":"open","sticky":false,"template":"","format":"standard","meta":{"footnotes":""},"categories":[17,142,86,311],"tags":[558,556,557,559],"class_list":["post-2455","post","type-post","status-publish","format-standard","hentry","category-actividades","category-curso","category-curso-2012-2013","category-semana-intercultural","tag-adela-otero","tag-hugo-anton-fernandez","tag-sabela-fernandez","tag-sindrome-de-down"],"_links":{"self":[{"href":"https:\/\/www.iesneiravilas.es\/arquivo\/index.php?rest_route=\/wp\/v2\/posts\/2455","targetHints":{"allow":["GET"]}}],"collection":[{"href":"https:\/\/www.iesneiravilas.es\/arquivo\/index.php?rest_route=\/wp\/v2\/posts"}],"about":[{"href":"https:\/\/www.iesneiravilas.es\/arquivo\/index.php?rest_route=\/wp\/v2\/types\/post"}],"author":[{"embeddable":true,"href":"https:\/\/www.iesneiravilas.es\/arquivo\/index.php?rest_route=\/wp\/v2\/users\/1"}],"replies":[{"embeddable":true,"href":"https:\/\/www.iesneiravilas.es\/arquivo\/index.php?rest_route=%2Fwp%2Fv2%2Fcomments&post=2455"}],"version-history":[{"count":1,"href":"https:\/\/www.iesneiravilas.es\/arquivo\/index.php?rest_route=\/wp\/v2\/posts\/2455\/revisions"}],"predecessor-version":[{"id":2458,"href":"https:\/\/www.iesneiravilas.es\/arquivo\/index.php?rest_route=\/wp\/v2\/posts\/2455\/revisions\/2458"}],"wp:attachment":[{"href":"https:\/\/www.iesneiravilas.es\/arquivo\/index.php?rest_route=%2Fwp%2Fv2%2Fmedia&parent=2455"}],"wp:term":[{"taxonomy":"category","embeddable":true,"href":"https:\/\/www.iesneiravilas.es\/arquivo\/index.php?rest_route=%2Fwp%2Fv2%2Fcategories&post=2455"},{"taxonomy":"post_tag","embeddable":true,"href":"https:\/\/www.iesneiravilas.es\/arquivo\/index.php?rest_route=%2Fwp%2Fv2%2Ftags&post=2455"}],"curies":[{"name":"wp","href":"https:\/\/api.w.org\/{rel}","templated":true}]}}