{"id":2460,"date":"2013-04-09T12:12:02","date_gmt":"2013-04-09T10:12:02","guid":{"rendered":"http:\/\/www.iesneiravilas.es\/arquivo\/?p=2460"},"modified":"2014-10-20T12:28:25","modified_gmt":"2014-10-20T10:28:25","slug":"rompendo-mitos-sobre-a-sindrome-de-down","status":"publish","type":"post","link":"https:\/\/www.iesneiravilas.es\/arquivo\/?p=2460","title":{"rendered":"Rompendo mitos sobre a S\u00edndrome de Down"},"content":{"rendered":"<figure id=\"attachment_2461\" aria-describedby=\"caption-attachment-2461\" style=\"width: 300px\" class=\"wp-caption alignleft\"><a href=\"http:\/\/www.iesneiravilas.es\/arquivo\/wp-content\/uploads\/2014\/10\/down_coruna.jpg\"><img loading=\"lazy\" decoding=\"async\" class=\"size-full wp-image-2461\" src=\"http:\/\/www.iesneiravilas.es\/arquivo\/wp-content\/uploads\/2014\/10\/down_coruna.jpg\" alt=\"Asociaci\u00f3n Down Coru\u00f1a\" width=\"300\" height=\"95\" \/><\/a><figcaption id=\"caption-attachment-2461\" class=\"wp-caption-text\">Asociaci\u00f3n Down Coru\u00f1a<\/figcaption><\/figure>\n<p>O pasado 8 de abril deu comezo a Semana Intercultural e o instituto tivo o privilexio de contar coa presenza e participaci\u00f3n da Asociaci\u00f3n Down Coru\u00f1a. Alberto e Miriam foron os profesionais que levaron a cabo unha din\u00e1mica de sensibilizaci\u00f3n en relaci\u00f3n \u00e1 Sindrome de Down. Esta actividade estivo coordinada polo departamento de orientaci\u00f3n.<\/p>\n<p>Esta actividade constaba dunha sesi\u00f3n e estaba dirixida ao alumando de 1\u00ba de ESO, co obxectivo de dar a co\u00f1ecer o verdadeiro significado da S\u00edndrome de Down. Alberto e Miriam trataban de desfacer mitos relacionados con dita s\u00edndrome intentando que que o alumando reflexionase sobre a tem\u00e1tica.<\/p>\n<p>Nun dos grupos atop\u00e1base Sabela Fern\u00e1ndez Mart\u00ednez, protagonista indiscutible da sesi\u00f3n. Ela participa en diferentes actividades da Asociaci\u00f3n Down Coru\u00f1a, da cal os seus pais son socios fundadores.<\/p>\n","protected":false},"excerpt":{"rendered":"<p>O pasado 8 de abril deu comezo a Semana Intercultural e o instituto tivo o privilexio de contar coa presenza e participaci\u00f3n da Asociaci\u00f3n Down Coru\u00f1a. Alberto e Miriam foron os profesionais que levaron a cabo unha din\u00e1mica de sensibilizaci\u00f3n en relaci\u00f3n \u00e1 Sindrome de Down. Esta actividade estivo coordinada polo departamento de orientaci\u00f3n. Esta &hellip; <a href=\"https:\/\/www.iesneiravilas.es\/arquivo\/?p=2460\" class=\"more-link\">Seguir lendo <span class=\"screen-reader-text\">Rompendo mitos sobre a S\u00edndrome de Down<\/span> <span class=\"meta-nav\">&rarr;<\/span><\/a><\/p>\n","protected":false},"author":1,"featured_media":0,"comment_status":"closed","ping_status":"open","sticky":false,"template":"","format":"standard","meta":{"footnotes":""},"categories":[17,142,86,311],"tags":[560],"class_list":["post-2460","post","type-post","status-publish","format-standard","hentry","category-actividades","category-curso","category-curso-2012-2013","category-semana-intercultural","tag-asociacion-down-coruna"],"_links":{"self":[{"href":"https:\/\/www.iesneiravilas.es\/arquivo\/index.php?rest_route=\/wp\/v2\/posts\/2460","targetHints":{"allow":["GET"]}}],"collection":[{"href":"https:\/\/www.iesneiravilas.es\/arquivo\/index.php?rest_route=\/wp\/v2\/posts"}],"about":[{"href":"https:\/\/www.iesneiravilas.es\/arquivo\/index.php?rest_route=\/wp\/v2\/types\/post"}],"author":[{"embeddable":true,"href":"https:\/\/www.iesneiravilas.es\/arquivo\/index.php?rest_route=\/wp\/v2\/users\/1"}],"replies":[{"embeddable":true,"href":"https:\/\/www.iesneiravilas.es\/arquivo\/index.php?rest_route=%2Fwp%2Fv2%2Fcomments&post=2460"}],"version-history":[{"count":1,"href":"https:\/\/www.iesneiravilas.es\/arquivo\/index.php?rest_route=\/wp\/v2\/posts\/2460\/revisions"}],"predecessor-version":[{"id":2462,"href":"https:\/\/www.iesneiravilas.es\/arquivo\/index.php?rest_route=\/wp\/v2\/posts\/2460\/revisions\/2462"}],"wp:attachment":[{"href":"https:\/\/www.iesneiravilas.es\/arquivo\/index.php?rest_route=%2Fwp%2Fv2%2Fmedia&parent=2460"}],"wp:term":[{"taxonomy":"category","embeddable":true,"href":"https:\/\/www.iesneiravilas.es\/arquivo\/index.php?rest_route=%2Fwp%2Fv2%2Fcategories&post=2460"},{"taxonomy":"post_tag","embeddable":true,"href":"https:\/\/www.iesneiravilas.es\/arquivo\/index.php?rest_route=%2Fwp%2Fv2%2Ftags&post=2460"}],"curies":[{"name":"wp","href":"https:\/\/api.w.org\/{rel}","templated":true}]}}