{"id":2463,"date":"2014-04-13T11:32:15","date_gmt":"2014-04-13T09:32:15","guid":{"rendered":"http:\/\/www.iesneiravilas.es\/arquivo\/?p=2463"},"modified":"2014-10-20T12:34:00","modified_gmt":"2014-10-20T10:34:00","slug":"brasil-e-republica-dominicana-outras-culturas","status":"publish","type":"post","link":"https:\/\/www.iesneiravilas.es\/arquivo\/?p=2463","title":{"rendered":"Brasil e Rep\u00fablica Dominicana: outras culturas"},"content":{"rendered":"<figure id=\"attachment_2464\" aria-describedby=\"caption-attachment-2464\" style=\"width: 300px\" class=\"wp-caption alignleft\"><a href=\"http:\/\/www.iesneiravilas.es\/arquivo\/wp-content\/uploads\/2014\/10\/brasil_e_republica_dominicana.jpg\"><img loading=\"lazy\" decoding=\"async\" class=\"size-medium wp-image-2464\" src=\"http:\/\/www.iesneiravilas.es\/arquivo\/wp-content\/uploads\/2014\/10\/brasil_e_republica_dominicana-300x169.jpg\" alt=\"Brasil e Rep\u00fablica Dominicana: outras culturas\" width=\"300\" height=\"169\" srcset=\"https:\/\/www.iesneiravilas.es\/arquivo\/wp-content\/uploads\/2014\/10\/brasil_e_republica_dominicana-300x169.jpg 300w, https:\/\/www.iesneiravilas.es\/arquivo\/wp-content\/uploads\/2014\/10\/brasil_e_republica_dominicana.jpg 901w\" sizes=\"auto, (max-width: 300px) 100vw, 300px\" \/><\/a><figcaption id=\"caption-attachment-2464\" class=\"wp-caption-text\">Brasil e Rep\u00fablica Dominicana: outras culturas<\/figcaption><\/figure>\n<p>O venres 12 de abril cinco rapazas axudaban a pechar a Semana Intercultural cun aire renovado e fresco a trav\u00e9s dunha actividade que pretend\u00eda dar a co\u00f1ecer d\u00faas culturas latinas: Brasil e Rep\u00fablica Dominicana.<\/p>\n<p>Nathalia Oliveira, Marleni Mart\u00ednez, Ellen Mattos, Thaiuane Ramos e Thalita Ramos, prepararon este traballo para os seus compa\u00f1eiros de 2\u00ba de ESO, curso no que se atopan todas escolarizadas. Este traballo fix\u00e9ronno xunto \u00e1 coordinadora e mestra de pedagox\u00eda terap\u00e9utica Adela Otero.<\/p>\n<p>A actividade pretend\u00eda ampliar a visi\u00f3n sobre o mundo latino tendo como principal referente as d\u00faas culturas mencionadas. Para isto, entre as cinco alumnas, expuxeron os datos m\u00e1is relevantes de cada pa\u00eds, como por exemplo: a historia, a situaci\u00f3n xeogr\u00e1fica, organizaci\u00f3n pol\u00edtica, o clima, as paisaxes e monumentos m\u00e1is importantes, tradici\u00f3ns, vida coti\u00e1, educaci\u00f3n, relixi\u00f3n, etc. Todo isto acompa\u00f1ado por unha gran variedade de imaxes e m\u00fasicas latinas.<\/p>\n<p>A sesi\u00f3n rematou coa entrega de doces t\u00edpicos elaborados polas propias rapazas ao tempo que proxectaban os v\u00eddeos musicais que tanto lles gustan a estes rapaces\/as.<\/p>\n","protected":false},"excerpt":{"rendered":"<p>O venres 12 de abril cinco rapazas axudaban a pechar a Semana Intercultural cun aire renovado e fresco a trav\u00e9s dunha actividade que pretend\u00eda dar a co\u00f1ecer d\u00faas culturas latinas: Brasil e Rep\u00fablica Dominicana. Nathalia Oliveira, Marleni Mart\u00ednez, Ellen Mattos, Thaiuane Ramos e Thalita Ramos, prepararon este traballo para os seus compa\u00f1eiros de 2\u00ba de &hellip; <a href=\"https:\/\/www.iesneiravilas.es\/arquivo\/?p=2463\" class=\"more-link\">Seguir lendo <span class=\"screen-reader-text\">Brasil e Rep\u00fablica Dominicana: outras culturas<\/span> <span class=\"meta-nav\">&rarr;<\/span><\/a><\/p>\n","protected":false},"author":1,"featured_media":0,"comment_status":"closed","ping_status":"open","sticky":false,"template":"","format":"standard","meta":{"footnotes":""},"categories":[17,142,86,311],"tags":[563,562,561,564,565],"class_list":["post-2463","post","type-post","status-publish","format-standard","hentry","category-actividades","category-curso","category-curso-2012-2013","category-semana-intercultural","tag-ellen-mattos","tag-marleni-martinez","tag-nathalia-oliveira","tag-thaiuane-ramos","tag-thalita-ramos"],"_links":{"self":[{"href":"https:\/\/www.iesneiravilas.es\/arquivo\/index.php?rest_route=\/wp\/v2\/posts\/2463","targetHints":{"allow":["GET"]}}],"collection":[{"href":"https:\/\/www.iesneiravilas.es\/arquivo\/index.php?rest_route=\/wp\/v2\/posts"}],"about":[{"href":"https:\/\/www.iesneiravilas.es\/arquivo\/index.php?rest_route=\/wp\/v2\/types\/post"}],"author":[{"embeddable":true,"href":"https:\/\/www.iesneiravilas.es\/arquivo\/index.php?rest_route=\/wp\/v2\/users\/1"}],"replies":[{"embeddable":true,"href":"https:\/\/www.iesneiravilas.es\/arquivo\/index.php?rest_route=%2Fwp%2Fv2%2Fcomments&post=2463"}],"version-history":[{"count":1,"href":"https:\/\/www.iesneiravilas.es\/arquivo\/index.php?rest_route=\/wp\/v2\/posts\/2463\/revisions"}],"predecessor-version":[{"id":2465,"href":"https:\/\/www.iesneiravilas.es\/arquivo\/index.php?rest_route=\/wp\/v2\/posts\/2463\/revisions\/2465"}],"wp:attachment":[{"href":"https:\/\/www.iesneiravilas.es\/arquivo\/index.php?rest_route=%2Fwp%2Fv2%2Fmedia&parent=2463"}],"wp:term":[{"taxonomy":"category","embeddable":true,"href":"https:\/\/www.iesneiravilas.es\/arquivo\/index.php?rest_route=%2Fwp%2Fv2%2Fcategories&post=2463"},{"taxonomy":"post_tag","embeddable":true,"href":"https:\/\/www.iesneiravilas.es\/arquivo\/index.php?rest_route=%2Fwp%2Fv2%2Ftags&post=2463"}],"curies":[{"name":"wp","href":"https:\/\/api.w.org\/{rel}","templated":true}]}}