{"id":2466,"date":"2013-04-12T11:34:10","date_gmt":"2013-04-12T09:34:10","guid":{"rendered":"http:\/\/www.iesneiravilas.es\/arquivo\/?p=2466"},"modified":"2014-10-20T12:42:31","modified_gmt":"2014-10-20T10:42:31","slug":"charla-de-ex-alumnos","status":"publish","type":"post","link":"https:\/\/www.iesneiravilas.es\/arquivo\/?p=2466","title":{"rendered":"Charla de ex-alumnos"},"content":{"rendered":"<figure id=\"attachment_2467\" aria-describedby=\"caption-attachment-2467\" style=\"width: 300px\" class=\"wp-caption alignleft\"><a href=\"http:\/\/www.iesneiravilas.es\/arquivo\/wp-content\/uploads\/2014\/10\/charla_exalumnos_2.jpg\"><img loading=\"lazy\" decoding=\"async\" class=\"wp-image-2467 size-medium\" src=\"http:\/\/www.iesneiravilas.es\/arquivo\/wp-content\/uploads\/2014\/10\/charla_exalumnos_2-300x168.jpg\" alt=\"Sabela Paradela de la Morena, m\u00e9dica, Isabel Noya Rey, abogada, e Milo Taboada, actor e empresario teatra\" width=\"300\" height=\"168\" srcset=\"https:\/\/www.iesneiravilas.es\/arquivo\/wp-content\/uploads\/2014\/10\/charla_exalumnos_2-300x168.jpg 300w, https:\/\/www.iesneiravilas.es\/arquivo\/wp-content\/uploads\/2014\/10\/charla_exalumnos_2-1024x576.jpg 1024w, https:\/\/www.iesneiravilas.es\/arquivo\/wp-content\/uploads\/2014\/10\/charla_exalumnos_2.jpg 1600w\" sizes=\"auto, (max-width: 300px) 100vw, 300px\" \/><\/a><figcaption id=\"caption-attachment-2467\" class=\"wp-caption-text\">Sabela Paradela de la Morena, m\u00e9dica, Isabel Noya Rey, abogada, e Milo Taboada, actor e empresario teatral<\/figcaption><\/figure>\n<p>O pasado d\u00eda 11 acudiron \u00f3 noso centro tres antiguos alumnos: Sabela Paradela de la Morena, m\u00e9dica, Isabel Noya Rey, abogada, e Milo Taboada, actor e empresario teatral, a dar unha charla \u00f3 alumnado de 1\u00ba de Bacharelato. D\u00faas horas de conferencia onde manifestaron todo o que recibiran na s\u00faa etapa de alumnos do IES \u201cNeira Vilas\u201d. O alumnado asistente quedou cunha extraordinaria impresi\u00f3n e axudoulles a valorar a importancia da formaci\u00f3n no Ensino medio, o traballo do profesorado e as oportunidades que non se deben desaproveitar.<\/p>\n<figure id=\"attachment_2469\" aria-describedby=\"caption-attachment-2469\" style=\"width: 300px\" class=\"wp-caption alignleft\"><a href=\"http:\/\/www.iesneiravilas.es\/arquivo\/wp-content\/uploads\/2014\/10\/charla_exalumnos_4.jpg\"><img loading=\"lazy\" decoding=\"async\" class=\"size-medium wp-image-2469\" src=\"http:\/\/www.iesneiravilas.es\/arquivo\/wp-content\/uploads\/2014\/10\/charla_exalumnos_4-300x168.jpg\" alt=\"Charla de ex-alumnos\" width=\"300\" height=\"168\" srcset=\"https:\/\/www.iesneiravilas.es\/arquivo\/wp-content\/uploads\/2014\/10\/charla_exalumnos_4-300x168.jpg 300w, https:\/\/www.iesneiravilas.es\/arquivo\/wp-content\/uploads\/2014\/10\/charla_exalumnos_4-1024x576.jpg 1024w, https:\/\/www.iesneiravilas.es\/arquivo\/wp-content\/uploads\/2014\/10\/charla_exalumnos_4.jpg 1600w\" sizes=\"auto, (max-width: 300px) 100vw, 300px\" \/><\/a><figcaption id=\"caption-attachment-2469\" class=\"wp-caption-text\">Charla de ex-alumnos<\/figcaption><\/figure>\n<p>En primer lugar tomou a palabra a xurista Isabel Noya e explicou a importancia do m\u00e9todo de estudio, c\u00f3mo se lle ensinara a traballar no Instituto, a investigar e a adquisici\u00f3n dun m\u00e9todo. Despois de catorce anos como abogada reco\u00f1ece a importancia que se lle deu \u00f3 esforzo e o valor das cousas ben feitas, tam\u00e9n destacou a importancia dos traballos complementarios que se fixeron na aula e as actividades complementarias como so programas que \u201ct\u00f3dolos xoves realizaba en radio Oleiros\u201d. \u201cToda esta formaci\u00f3n \u00e9 moi interesante para o traballo posterior\u201d, \u201c\u00e9 un legado que permanece\u201d e falou tam\u00e9n do seu traballo no despacho. Moi emocionada a doctora Paradela contou que no seu paso polo Neira Vilas aprendeu a buscar as fontes para a investigaci\u00f3n. Destacou c\u00f3mo se valoraba o traballo \u201cben feito\u201d e a utilidade que lle valeu para o seu traballo posterior: riguroso, tal como debe ser a Medici\u00f1a. Suli\u00f1ou tam\u00e9n a importancia da profesi\u00f3n, do traballo vocacional, da felicidad que sup\u00f3n facer o que un quere a pesar de ser un labor de gran responsabilidade e sacrificio. Falou da importancia no seu traballo de \u201cescoitar \u00f3s enfermos, adicarlles tempo e resolverlles os problemas\u201d. Que sempre \u201chai que superarse\u201d e que nunca \u201cse deixa de estudiar\u201d. Tal como era no Instituo unha alumna brillante, sen embargo destacou c\u00f3mo superou a s\u00faa timidez con probas que lle \u201cimpo\u00f1\u00edan\u201d os profesores pero que lle vi\u00f1eron ben para o seu futuro.<\/p>\n<figure id=\"attachment_2468\" aria-describedby=\"caption-attachment-2468\" style=\"width: 300px\" class=\"wp-caption alignleft\"><a href=\"http:\/\/www.iesneiravilas.es\/arquivo\/wp-content\/uploads\/2014\/10\/charla_exalumnos_3.jpg\"><img loading=\"lazy\" decoding=\"async\" class=\"wp-image-2468 size-medium\" src=\"http:\/\/www.iesneiravilas.es\/arquivo\/wp-content\/uploads\/2014\/10\/charla_exalumnos_3-300x168.jpg\" alt=\"Charla de ex-alumnos\" width=\"300\" height=\"168\" srcset=\"https:\/\/www.iesneiravilas.es\/arquivo\/wp-content\/uploads\/2014\/10\/charla_exalumnos_3-300x168.jpg 300w, https:\/\/www.iesneiravilas.es\/arquivo\/wp-content\/uploads\/2014\/10\/charla_exalumnos_3-1024x576.jpg 1024w, https:\/\/www.iesneiravilas.es\/arquivo\/wp-content\/uploads\/2014\/10\/charla_exalumnos_3.jpg 1600w\" sizes=\"auto, (max-width: 300px) 100vw, 300px\" \/><\/a><figcaption id=\"caption-attachment-2468\" class=\"wp-caption-text\">Isabel Noya Rey e Milo Taboada<\/figcaption><\/figure>\n<p>Milo Taboada insist\u00edu en que o alumnado deber\u00eda aproveitar o tempo dos seus estudios, destacou as facilidades para estudiar que neste momento hai e que non se valoran, animounos a que nestes tempos dif\u00edciles non se rindan nunca, que esperen que ve\u00f1an dos demais as cousas que elesqueren e que loiten polo seu traballo e polo futuro.<\/p>\n<p>No debate, moi animado \u2013todos querian preguntar, tanto profesorado como alumnado. Estiveron interesados no s\u00faas respectivas profesi\u00f3ns e as dificultades dos estudios e do mundo profesional. Os conferenciantes insistiron na importancia da vocaci\u00f3n de facer o que un arela. Destacaron o bon nivel do Neira Vilas e a \u201centrega e paix\u00f3n\u201d do profesorado moi accesible e sen clases magistrales e tam\u00e9n que ns etapa do Bacharelato \u00e9 onde se po\u00f1en os cimientos da futura profesi\u00f3n.<\/p>\n<p>Despois de d\u00faas horas tocou o timbre e todos quedamos con ganas de continuar charlando. Nas valoraci\u00f3n do alumnado todos insist\u00edan en que deb\u00edan volver.<\/p>\n<p>&nbsp;<\/p>\n<div id='gallery-1' class='gallery galleryid-2466 gallery-columns-3 gallery-size-thumbnail'><figure class='gallery-item'>\n\t\t\t<div class='gallery-icon landscape'>\n\t\t\t\t<a href='https:\/\/www.iesneiravilas.es\/arquivo\/?attachment_id=2471'><img loading=\"lazy\" decoding=\"async\" width=\"150\" height=\"150\" src=\"https:\/\/www.iesneiravilas.es\/arquivo\/wp-content\/uploads\/2014\/10\/charla_exalumnos_6-150x150.jpg\" class=\"attachment-thumbnail size-thumbnail\" alt=\"Charla de ex-alumnos\" aria-describedby=\"gallery-1-2471\" \/><\/a>\n\t\t\t<\/div>\n\t\t\t\t<figcaption class='wp-caption-text gallery-caption' id='gallery-1-2471'>\n\t\t\t\tCharla de ex-alumnos\n\t\t\t\t<\/figcaption><\/figure><figure class='gallery-item'>\n\t\t\t<div class='gallery-icon landscape'>\n\t\t\t\t<a href='https:\/\/www.iesneiravilas.es\/arquivo\/?attachment_id=2470'><img loading=\"lazy\" decoding=\"async\" width=\"150\" height=\"150\" src=\"https:\/\/www.iesneiravilas.es\/arquivo\/wp-content\/uploads\/2014\/10\/charla_exalumnos_1-150x150.jpg\" class=\"attachment-thumbnail size-thumbnail\" alt=\"Charla de ex-alumnos\" aria-describedby=\"gallery-1-2470\" \/><\/a>\n\t\t\t<\/div>\n\t\t\t\t<figcaption class='wp-caption-text gallery-caption' id='gallery-1-2470'>\n\t\t\t\tCharla de ex-alumnos\n\t\t\t\t<\/figcaption><\/figure><figure class='gallery-item'>\n\t\t\t<div class='gallery-icon landscape'>\n\t\t\t\t<a href='https:\/\/www.iesneiravilas.es\/arquivo\/?attachment_id=2472'><img loading=\"lazy\" decoding=\"async\" width=\"150\" height=\"150\" src=\"https:\/\/www.iesneiravilas.es\/arquivo\/wp-content\/uploads\/2014\/10\/charla_exalumnos_5-150x150.jpg\" class=\"attachment-thumbnail size-thumbnail\" alt=\"Charla de ex-alumnos\" aria-describedby=\"gallery-1-2472\" \/><\/a>\n\t\t\t<\/div>\n\t\t\t\t<figcaption class='wp-caption-text gallery-caption' id='gallery-1-2472'>\n\t\t\t\tCharla de ex-alumnos\n\t\t\t\t<\/figcaption><\/figure>\n\t\t<\/div>\n\n","protected":false},"excerpt":{"rendered":"<p>O pasado d\u00eda 11 acudiron \u00f3 noso centro tres antiguos alumnos: Sabela Paradela de la Morena, m\u00e9dica, Isabel Noya Rey, abogada, e Milo Taboada, actor e empresario teatral, a dar unha charla \u00f3 alumnado de 1\u00ba de Bacharelato. D\u00faas horas de conferencia onde manifestaron todo o que recibiran na s\u00faa etapa de alumnos do IES &hellip; <a href=\"https:\/\/www.iesneiravilas.es\/arquivo\/?p=2466\" class=\"more-link\">Seguir lendo <span class=\"screen-reader-text\">Charla de ex-alumnos<\/span> <span class=\"meta-nav\">&rarr;<\/span><\/a><\/p>\n","protected":false},"author":1,"featured_media":0,"comment_status":"closed","ping_status":"open","sticky":false,"template":"","format":"standard","meta":{"footnotes":""},"categories":[17,31,142,86,311],"tags":[388,424,570,567,568,569,566],"class_list":["post-2466","post","type-post","status-publish","format-standard","hentry","category-actividades","category-conferencia","category-curso","category-curso-2012-2013","category-semana-intercultural","tag-carmen-garcia-rodeja","tag-eduardo-alvarez","tag-elvira-sanz","tag-isabel-noya-rey","tag-milo-taboada","tag-pepe-carballude","tag-sabela-paradela-de-la-morena"],"_links":{"self":[{"href":"https:\/\/www.iesneiravilas.es\/arquivo\/index.php?rest_route=\/wp\/v2\/posts\/2466","targetHints":{"allow":["GET"]}}],"collection":[{"href":"https:\/\/www.iesneiravilas.es\/arquivo\/index.php?rest_route=\/wp\/v2\/posts"}],"about":[{"href":"https:\/\/www.iesneiravilas.es\/arquivo\/index.php?rest_route=\/wp\/v2\/types\/post"}],"author":[{"embeddable":true,"href":"https:\/\/www.iesneiravilas.es\/arquivo\/index.php?rest_route=\/wp\/v2\/users\/1"}],"replies":[{"embeddable":true,"href":"https:\/\/www.iesneiravilas.es\/arquivo\/index.php?rest_route=%2Fwp%2Fv2%2Fcomments&post=2466"}],"version-history":[{"count":1,"href":"https:\/\/www.iesneiravilas.es\/arquivo\/index.php?rest_route=\/wp\/v2\/posts\/2466\/revisions"}],"predecessor-version":[{"id":2473,"href":"https:\/\/www.iesneiravilas.es\/arquivo\/index.php?rest_route=\/wp\/v2\/posts\/2466\/revisions\/2473"}],"wp:attachment":[{"href":"https:\/\/www.iesneiravilas.es\/arquivo\/index.php?rest_route=%2Fwp%2Fv2%2Fmedia&parent=2466"}],"wp:term":[{"taxonomy":"category","embeddable":true,"href":"https:\/\/www.iesneiravilas.es\/arquivo\/index.php?rest_route=%2Fwp%2Fv2%2Fcategories&post=2466"},{"taxonomy":"post_tag","embeddable":true,"href":"https:\/\/www.iesneiravilas.es\/arquivo\/index.php?rest_route=%2Fwp%2Fv2%2Ftags&post=2466"}],"curies":[{"name":"wp","href":"https:\/\/api.w.org\/{rel}","templated":true}]}}