{"id":2507,"date":"2013-02-28T16:43:33","date_gmt":"2013-02-28T14:43:33","guid":{"rendered":"http:\/\/www.iesneiravilas.es\/arquivo\/?p=2507"},"modified":"2014-10-20T19:54:45","modified_gmt":"2014-10-20T17:54:45","slug":"concurso-de-disfraces-entroido-2013","status":"publish","type":"post","link":"https:\/\/www.iesneiravilas.es\/arquivo\/?p=2507","title":{"rendered":"Concurso de disfraces: Entroido 2013"},"content":{"rendered":"<figure id=\"attachment_2508\" aria-describedby=\"caption-attachment-2508\" style=\"width: 300px\" class=\"wp-caption alignleft\"><a href=\"http:\/\/www.iesneiravilas.es\/arquivo\/wp-content\/uploads\/2014\/10\/entroido1.jpg\"><img loading=\"lazy\" decoding=\"async\" class=\"size-medium wp-image-2508\" src=\"http:\/\/www.iesneiravilas.es\/arquivo\/wp-content\/uploads\/2014\/10\/entroido1-300x186.jpg\" alt=\"Comparsa ga\u00f1adora: MAFIA ITALIANA\" width=\"300\" height=\"186\" srcset=\"https:\/\/www.iesneiravilas.es\/arquivo\/wp-content\/uploads\/2014\/10\/entroido1-300x186.jpg 300w, https:\/\/www.iesneiravilas.es\/arquivo\/wp-content\/uploads\/2014\/10\/entroido1-1024x637.jpg 1024w, https:\/\/www.iesneiravilas.es\/arquivo\/wp-content\/uploads\/2014\/10\/entroido1.jpg 1600w\" sizes=\"auto, (max-width: 300px) 100vw, 300px\" \/><\/a><figcaption id=\"caption-attachment-2508\" class=\"wp-caption-text\">Comparsa ga\u00f1adora: MAFIA ITALIANA<\/figcaption><\/figure>\n<p>Como clausura da semana de Entroido, no instituto celebramos, o 8 de febreiro, un concurso de disfraces con d\u00faas modalidade: individual e comparsas.<\/p>\n<p>Na categoria individual resultou ga\u00f1ador Ant\u00f3n Blanco Rey (ESO 4\u00ba). O segundo lugar o ocupou Hugo Ant\u00f3n Fern\u00e1ndez (ESO 1\u00ba). E o terceiro o alcanzou Emilia Or\u00f3ns V\u00e1zquez (ESO 1\u00ba).<\/p>\n<figure id=\"attachment_2509\" aria-describedby=\"caption-attachment-2509\" style=\"width: 300px\" class=\"wp-caption alignleft\"><a href=\"http:\/\/www.iesneiravilas.es\/arquivo\/wp-content\/uploads\/2014\/10\/entroido2.jpg\"><img loading=\"lazy\" decoding=\"async\" class=\"size-medium wp-image-2509\" src=\"http:\/\/www.iesneiravilas.es\/arquivo\/wp-content\/uploads\/2014\/10\/entroido2-300x161.jpg\" alt=\"2\u00ba premio comparsas: WHATSAPP\" width=\"300\" height=\"161\" srcset=\"https:\/\/www.iesneiravilas.es\/arquivo\/wp-content\/uploads\/2014\/10\/entroido2-300x161.jpg 300w, https:\/\/www.iesneiravilas.es\/arquivo\/wp-content\/uploads\/2014\/10\/entroido2-1024x551.jpg 1024w, https:\/\/www.iesneiravilas.es\/arquivo\/wp-content\/uploads\/2014\/10\/entroido2.jpg 1600w\" sizes=\"auto, (max-width: 300px) 100vw, 300px\" \/><\/a><figcaption id=\"caption-attachment-2509\" class=\"wp-caption-text\">2\u00ba premio comparsas: WHATSAPP<\/figcaption><\/figure>\n<p>Na categor\u00eda de comparsas a ga\u00f1adora foi MAFIA ITALIANA (Iria V\u00e1zquez, Manuel Rodr\u00edguez, Alejandro Mart\u00ednes, Daniel S\u00e1nchez, Carmen Rodr\u00edguez e Luc\u00eda Sig\u00fceiro, de ESO 2\u00ba). Mentras que o segundo lugar foi ocupado por WHATSAPP (Sara Castro, Amy D\u00edaz, Mart\u00edn Mejuto, Luc\u00eda Rodr\u00edguez, Camila Bargados, Brais Blanco e Mar\u00eda Ramil, de BAC 2\u00ba) e o terceiro por LMFAO (Manuel Mart\u00edn, de BAC 1\u00ba, e Pablo Orons, de ESO 3\u00ba).<\/p>\n<p>Todos eles levaron premios en vales para gastar na liber\u00eda Mar de Letras.<\/p>\n<div id='gallery-1' class='gallery galleryid-2507 gallery-columns-3 gallery-size-thumbnail'><figure class='gallery-item'>\n\t\t\t<div class='gallery-icon portrait'>\n\t\t\t\t<a href='https:\/\/www.iesneiravilas.es\/arquivo\/?attachment_id=2510'><img loading=\"lazy\" decoding=\"async\" width=\"150\" height=\"150\" src=\"https:\/\/www.iesneiravilas.es\/arquivo\/wp-content\/uploads\/2014\/10\/entroido3-150x150.jpg\" class=\"attachment-thumbnail size-thumbnail\" alt=\"Ant\u00f3n Blanco Rey (ESO 4\u00ba)\" aria-describedby=\"gallery-1-2510\" \/><\/a>\n\t\t\t<\/div>\n\t\t\t\t<figcaption class='wp-caption-text gallery-caption' id='gallery-1-2510'>\n\t\t\t\tAnt\u00f3n Blanco Rey  (ESO 4\u00ba)\n\t\t\t\t<\/figcaption><\/figure><figure class='gallery-item'>\n\t\t\t<div class='gallery-icon portrait'>\n\t\t\t\t<a href='https:\/\/www.iesneiravilas.es\/arquivo\/?attachment_id=2511'><img loading=\"lazy\" decoding=\"async\" width=\"150\" height=\"150\" src=\"https:\/\/www.iesneiravilas.es\/arquivo\/wp-content\/uploads\/2014\/10\/entroido4-150x150.jpg\" class=\"attachment-thumbnail size-thumbnail\" alt=\"Hugo Ant\u00f3n Fern\u00e1ndez (ESO 1\u00ba)\" aria-describedby=\"gallery-1-2511\" \/><\/a>\n\t\t\t<\/div>\n\t\t\t\t<figcaption class='wp-caption-text gallery-caption' id='gallery-1-2511'>\n\t\t\t\tHugo Ant\u00f3n Fern\u00e1ndez (ESO 1\u00ba)\n\t\t\t\t<\/figcaption><\/figure><figure class='gallery-item'>\n\t\t\t<div class='gallery-icon portrait'>\n\t\t\t\t<a href='https:\/\/www.iesneiravilas.es\/arquivo\/?attachment_id=2512'><img loading=\"lazy\" decoding=\"async\" width=\"150\" height=\"150\" src=\"https:\/\/www.iesneiravilas.es\/arquivo\/wp-content\/uploads\/2014\/10\/entroido5-150x150.jpg\" class=\"attachment-thumbnail size-thumbnail\" alt=\"Emilia Or\u00f3ns V\u00e1zquez (ESO 1\u00ba)\" aria-describedby=\"gallery-1-2512\" \/><\/a>\n\t\t\t<\/div>\n\t\t\t\t<figcaption class='wp-caption-text gallery-caption' id='gallery-1-2512'>\n\t\t\t\t Emilia Or\u00f3ns V\u00e1zquez (ESO 1\u00ba)\n\t\t\t\t<\/figcaption><\/figure>\n\t\t<\/div>\n\n","protected":false},"excerpt":{"rendered":"<p>Como clausura da semana de Entroido, no instituto celebramos, o 8 de febreiro, un concurso de disfraces con d\u00faas modalidade: individual e comparsas. Na categoria individual resultou ga\u00f1ador Ant\u00f3n Blanco Rey (ESO 4\u00ba). O segundo lugar o ocupou Hugo Ant\u00f3n Fern\u00e1ndez (ESO 1\u00ba). E o terceiro o alcanzou Emilia Or\u00f3ns V\u00e1zquez (ESO 1\u00ba). Na categor\u00eda &hellip; <a href=\"https:\/\/www.iesneiravilas.es\/arquivo\/?p=2507\" class=\"more-link\">Seguir lendo <span class=\"screen-reader-text\">Concurso de disfraces: Entroido 2013<\/span> <span class=\"meta-nav\">&rarr;<\/span><\/a><\/p>\n","protected":false},"author":1,"featured_media":0,"comment_status":"closed","ping_status":"open","sticky":false,"template":"","format":"standard","meta":{"footnotes":""},"categories":[17,244,142,86],"tags":[580,382,73,509,581,523,549,94,577,419,556,578,408,550,582,579,423,415,583,383],"class_list":["post-2507","post","type-post","status-publish","format-standard","hentry","category-actividades","category-concurso","category-curso","category-curso-2012-2013","tag-alejandro-martines","tag-amy-diaz","tag-anton-blanco","tag-antroido","tag-brais-blanco","tag-camila-bargados","tag-carmen-rodriguez","tag-daniel-sanchez","tag-emilia-orons-vazquez-eso-1o","tag-entroido","tag-hugo-anton-fernandez","tag-iria-vazquez","tag-lucia-rodriguez","tag-lucia-sigueiro","tag-manuel-martin","tag-manuel-rodriguez","tag-maria-ramil","tag-martin-mejuto","tag-pablo-orons","tag-sara-castro"],"_links":{"self":[{"href":"https:\/\/www.iesneiravilas.es\/arquivo\/index.php?rest_route=\/wp\/v2\/posts\/2507","targetHints":{"allow":["GET"]}}],"collection":[{"href":"https:\/\/www.iesneiravilas.es\/arquivo\/index.php?rest_route=\/wp\/v2\/posts"}],"about":[{"href":"https:\/\/www.iesneiravilas.es\/arquivo\/index.php?rest_route=\/wp\/v2\/types\/post"}],"author":[{"embeddable":true,"href":"https:\/\/www.iesneiravilas.es\/arquivo\/index.php?rest_route=\/wp\/v2\/users\/1"}],"replies":[{"embeddable":true,"href":"https:\/\/www.iesneiravilas.es\/arquivo\/index.php?rest_route=%2Fwp%2Fv2%2Fcomments&post=2507"}],"version-history":[{"count":1,"href":"https:\/\/www.iesneiravilas.es\/arquivo\/index.php?rest_route=\/wp\/v2\/posts\/2507\/revisions"}],"predecessor-version":[{"id":2513,"href":"https:\/\/www.iesneiravilas.es\/arquivo\/index.php?rest_route=\/wp\/v2\/posts\/2507\/revisions\/2513"}],"wp:attachment":[{"href":"https:\/\/www.iesneiravilas.es\/arquivo\/index.php?rest_route=%2Fwp%2Fv2%2Fmedia&parent=2507"}],"wp:term":[{"taxonomy":"category","embeddable":true,"href":"https:\/\/www.iesneiravilas.es\/arquivo\/index.php?rest_route=%2Fwp%2Fv2%2Fcategories&post=2507"},{"taxonomy":"post_tag","embeddable":true,"href":"https:\/\/www.iesneiravilas.es\/arquivo\/index.php?rest_route=%2Fwp%2Fv2%2Ftags&post=2507"}],"curies":[{"name":"wp","href":"https:\/\/api.w.org\/{rel}","templated":true}]}}