{"id":2514,"date":"2013-02-22T16:49:26","date_gmt":"2013-02-22T14:49:26","guid":{"rendered":"http:\/\/www.iesneiravilas.es\/arquivo\/?p=2514"},"modified":"2014-10-20T20:09:50","modified_gmt":"2014-10-20T18:09:50","slug":"entrega-de-premios-do-concurso-de-microrrelatos-de-amor","status":"publish","type":"post","link":"https:\/\/www.iesneiravilas.es\/arquivo\/?p=2514","title":{"rendered":"Entrega de premios do concurso de microrrelatos de amor"},"content":{"rendered":"<figure id=\"attachment_2515\" aria-describedby=\"caption-attachment-2515\" style=\"width: 300px\" class=\"wp-caption alignleft\"><a href=\"http:\/\/www.iesneiravilas.es\/arquivo\/wp-content\/uploads\/2014\/10\/amor4.jpg\"><img loading=\"lazy\" decoding=\"async\" class=\"size-medium wp-image-2515\" src=\"http:\/\/www.iesneiravilas.es\/arquivo\/wp-content\/uploads\/2014\/10\/amor4-300x225.jpg\" alt=\"Entrega de premios do concurso de microrrelatos de amor\" width=\"300\" height=\"225\" srcset=\"https:\/\/www.iesneiravilas.es\/arquivo\/wp-content\/uploads\/2014\/10\/amor4-300x225.jpg 300w, https:\/\/www.iesneiravilas.es\/arquivo\/wp-content\/uploads\/2014\/10\/amor4-1024x768.jpg 1024w, https:\/\/www.iesneiravilas.es\/arquivo\/wp-content\/uploads\/2014\/10\/amor4.jpg 1600w\" sizes=\"auto, (max-width: 300px) 100vw, 300px\" \/><\/a><figcaption id=\"caption-attachment-2515\" class=\"wp-caption-text\">Entrega de premios do concurso de microrrelatos de amor<\/figcaption><\/figure>\n<p>O xoves 21 de Febreiro foron entregados os galard\u00f3ns a: Elaine Silvestre Macena de 3\u00ba de ESO pola obra en galego \u201cSempre contigo\u201d , Andrea Docampo S\u00e1nchez de 4\u00ba de ESO pola obra en franc\u00e9s: \u201cL`amour est beau\u201d e a Oriana Mor\u00edn Ampueda de 3\u00ba de ESO por a obra en Espa\u00f1ol \u201cSomos\u201d . Os premios foron entregados polos profesores encargados da Biblioteca, Fernado Vidal e Isabel L\u00f3pez Mari\u00f1o e polos catedr\u00e1ticos de Galego, Franc\u00e9s e Castel\u00e1n.<\/p>\n<p><a href=\"http:\/\/www.iesneiravilas.es\/arquivo\/wp-content\/uploads\/2014\/10\/microrrelatos.pdf\">Convocatoria do Concurso<\/a><\/p>\n<div id='gallery-1' class='gallery galleryid-2514 gallery-columns-3 gallery-size-thumbnail'><figure class='gallery-item'>\n\t\t\t<div class='gallery-icon portrait'>\n\t\t\t\t<a href='https:\/\/www.iesneiravilas.es\/arquivo\/?attachment_id=2520'><img loading=\"lazy\" decoding=\"async\" width=\"150\" height=\"150\" src=\"https:\/\/www.iesneiravilas.es\/arquivo\/wp-content\/uploads\/2014\/10\/amor7-150x150.jpg\" class=\"attachment-thumbnail size-thumbnail\" alt=\"Elaine Silvestre Macena\" aria-describedby=\"gallery-1-2520\" \/><\/a>\n\t\t\t<\/div>\n\t\t\t\t<figcaption class='wp-caption-text gallery-caption' id='gallery-1-2520'>\n\t\t\t\tElaine Silvestre Macena\n\t\t\t\t<\/figcaption><\/figure><figure class='gallery-item'>\n\t\t\t<div class='gallery-icon portrait'>\n\t\t\t\t<a href='https:\/\/www.iesneiravilas.es\/arquivo\/?attachment_id=2521'><img loading=\"lazy\" decoding=\"async\" width=\"150\" height=\"150\" src=\"https:\/\/www.iesneiravilas.es\/arquivo\/wp-content\/uploads\/2014\/10\/amor5-150x150.jpg\" class=\"attachment-thumbnail size-thumbnail\" alt=\"Andrea Docampo S\u00e1nchez\" aria-describedby=\"gallery-1-2521\" \/><\/a>\n\t\t\t<\/div>\n\t\t\t\t<figcaption class='wp-caption-text gallery-caption' id='gallery-1-2521'>\n\t\t\t\tAndrea Docampo S\u00e1nchez\n\t\t\t\t<\/figcaption><\/figure><figure class='gallery-item'>\n\t\t\t<div class='gallery-icon portrait'>\n\t\t\t\t<a href='https:\/\/www.iesneiravilas.es\/arquivo\/?attachment_id=2522'><img loading=\"lazy\" decoding=\"async\" width=\"150\" height=\"150\" src=\"https:\/\/www.iesneiravilas.es\/arquivo\/wp-content\/uploads\/2014\/10\/amor6-150x150.jpg\" class=\"attachment-thumbnail size-thumbnail\" alt=\"Oriana Mor\u00edn Ampueda\" aria-describedby=\"gallery-1-2522\" \/><\/a>\n\t\t\t<\/div>\n\t\t\t\t<figcaption class='wp-caption-text gallery-caption' id='gallery-1-2522'>\n\t\t\t\tOriana Mor\u00edn Ampueda\n\t\t\t\t<\/figcaption><\/figure><figure class='gallery-item'>\n\t\t\t<div class='gallery-icon landscape'>\n\t\t\t\t<a href='https:\/\/www.iesneiravilas.es\/arquivo\/?attachment_id=2519'><img loading=\"lazy\" decoding=\"async\" width=\"150\" height=\"150\" src=\"https:\/\/www.iesneiravilas.es\/arquivo\/wp-content\/uploads\/2014\/10\/amor3-150x150.jpg\" class=\"attachment-thumbnail size-thumbnail\" alt=\"Entrega de premios do concurso de microrrelatos de amor\" aria-describedby=\"gallery-1-2519\" \/><\/a>\n\t\t\t<\/div>\n\t\t\t\t<figcaption class='wp-caption-text gallery-caption' id='gallery-1-2519'>\n\t\t\t\tEntrega de premios do concurso de microrrelatos de amor\n\t\t\t\t<\/figcaption><\/figure><figure class='gallery-item'>\n\t\t\t<div class='gallery-icon landscape'>\n\t\t\t\t<a href='https:\/\/www.iesneiravilas.es\/arquivo\/?attachment_id=2517'><img loading=\"lazy\" decoding=\"async\" width=\"150\" height=\"150\" src=\"https:\/\/www.iesneiravilas.es\/arquivo\/wp-content\/uploads\/2014\/10\/amor1-150x150.jpg\" class=\"attachment-thumbnail size-thumbnail\" alt=\"Entrega de premios do concurso de microrrelatos de amor\" aria-describedby=\"gallery-1-2517\" \/><\/a>\n\t\t\t<\/div>\n\t\t\t\t<figcaption class='wp-caption-text gallery-caption' id='gallery-1-2517'>\n\t\t\t\tEntrega de premios do concurso de microrrelatos de amor\n\t\t\t\t<\/figcaption><\/figure><figure class='gallery-item'>\n\t\t\t<div class='gallery-icon landscape'>\n\t\t\t\t<a href='https:\/\/www.iesneiravilas.es\/arquivo\/?attachment_id=2518'><img loading=\"lazy\" decoding=\"async\" width=\"150\" height=\"150\" src=\"https:\/\/www.iesneiravilas.es\/arquivo\/wp-content\/uploads\/2014\/10\/amor2-150x150.jpg\" class=\"attachment-thumbnail size-thumbnail\" alt=\"Entrega de premios do concurso de microrrelatos de amor\" aria-describedby=\"gallery-1-2518\" \/><\/a>\n\t\t\t<\/div>\n\t\t\t\t<figcaption class='wp-caption-text gallery-caption' id='gallery-1-2518'>\n\t\t\t\tEntrega de premios do concurso de microrrelatos de amor\n\t\t\t\t<\/figcaption><\/figure>\n\t\t<\/div>\n\n","protected":false},"excerpt":{"rendered":"<p>O xoves 21 de Febreiro foron entregados os galard\u00f3ns a: Elaine Silvestre Macena de 3\u00ba de ESO pola obra en galego \u201cSempre contigo\u201d , Andrea Docampo S\u00e1nchez de 4\u00ba de ESO pola obra en franc\u00e9s: \u201cL`amour est beau\u201d e a Oriana Mor\u00edn Ampueda de 3\u00ba de ESO por a obra en Espa\u00f1ol \u201cSomos\u201d . Os &hellip; <a href=\"https:\/\/www.iesneiravilas.es\/arquivo\/?p=2514\" class=\"more-link\">Seguir lendo <span class=\"screen-reader-text\">Entrega de premios do concurso de microrrelatos de amor<\/span> <span class=\"meta-nav\">&rarr;<\/span><\/a><\/p>\n","protected":false},"author":1,"featured_media":0,"comment_status":"closed","ping_status":"open","sticky":false,"template":"","format":"standard","meta":{"footnotes":""},"categories":[17,31,142,86],"tags":[585,122,424,584,284,295,124,268,586],"class_list":["post-2514","post","type-post","status-publish","format-standard","hentry","category-actividades","category-conferencia","category-curso","category-curso-2012-2013","tag-andrea-docampo-sanchez","tag-carlos-vidal","tag-eduardo-alvarez","tag-elaine-silvestre-macena","tag-fernando-vidal","tag-isabel-lopez-marino","tag-juan-santamaria","tag-nacho-taibo","tag-oriana-morin-ampueda"],"_links":{"self":[{"href":"https:\/\/www.iesneiravilas.es\/arquivo\/index.php?rest_route=\/wp\/v2\/posts\/2514","targetHints":{"allow":["GET"]}}],"collection":[{"href":"https:\/\/www.iesneiravilas.es\/arquivo\/index.php?rest_route=\/wp\/v2\/posts"}],"about":[{"href":"https:\/\/www.iesneiravilas.es\/arquivo\/index.php?rest_route=\/wp\/v2\/types\/post"}],"author":[{"embeddable":true,"href":"https:\/\/www.iesneiravilas.es\/arquivo\/index.php?rest_route=\/wp\/v2\/users\/1"}],"replies":[{"embeddable":true,"href":"https:\/\/www.iesneiravilas.es\/arquivo\/index.php?rest_route=%2Fwp%2Fv2%2Fcomments&post=2514"}],"version-history":[{"count":1,"href":"https:\/\/www.iesneiravilas.es\/arquivo\/index.php?rest_route=\/wp\/v2\/posts\/2514\/revisions"}],"predecessor-version":[{"id":2523,"href":"https:\/\/www.iesneiravilas.es\/arquivo\/index.php?rest_route=\/wp\/v2\/posts\/2514\/revisions\/2523"}],"wp:attachment":[{"href":"https:\/\/www.iesneiravilas.es\/arquivo\/index.php?rest_route=%2Fwp%2Fv2%2Fmedia&parent=2514"}],"wp:term":[{"taxonomy":"category","embeddable":true,"href":"https:\/\/www.iesneiravilas.es\/arquivo\/index.php?rest_route=%2Fwp%2Fv2%2Fcategories&post=2514"},{"taxonomy":"post_tag","embeddable":true,"href":"https:\/\/www.iesneiravilas.es\/arquivo\/index.php?rest_route=%2Fwp%2Fv2%2Ftags&post=2514"}],"curies":[{"name":"wp","href":"https:\/\/api.w.org\/{rel}","templated":true}]}}