{"id":2524,"date":"2013-02-01T16:56:27","date_gmt":"2013-02-01T14:56:27","guid":{"rendered":"http:\/\/www.iesneiravilas.es\/arquivo\/?p=2524"},"modified":"2014-10-20T20:34:11","modified_gmt":"2014-10-20T18:34:11","slug":"traballo-de-arqueoloxia-do-alumnado-de-primeiro-de-eso","status":"publish","type":"post","link":"https:\/\/www.iesneiravilas.es\/arquivo\/?p=2524","title":{"rendered":"Traballo de arqueolox\u00eda do alumnado de primeiro de ESO"},"content":{"rendered":"<figure id=\"attachment_2525\" aria-describedby=\"caption-attachment-2525\" style=\"width: 300px\" class=\"wp-caption alignleft\"><a href=\"http:\/\/www.iesneiravilas.es\/arquivo\/wp-content\/uploads\/2014\/10\/arqueoloxico_21.jpeg\"><img loading=\"lazy\" decoding=\"async\" class=\"size-medium wp-image-2525\" src=\"http:\/\/www.iesneiravilas.es\/arquivo\/wp-content\/uploads\/2014\/10\/arqueoloxico_21-300x225.jpeg\" alt=\"Traballo de arqueolox\u00eda do alumnado de primeiro de ESO\" width=\"300\" height=\"225\" srcset=\"https:\/\/www.iesneiravilas.es\/arquivo\/wp-content\/uploads\/2014\/10\/arqueoloxico_21-300x225.jpeg 300w, https:\/\/www.iesneiravilas.es\/arquivo\/wp-content\/uploads\/2014\/10\/arqueoloxico_21-1024x768.jpeg 1024w, https:\/\/www.iesneiravilas.es\/arquivo\/wp-content\/uploads\/2014\/10\/arqueoloxico_21.jpeg 1600w\" sizes=\"auto, (max-width: 300px) 100vw, 300px\" \/><\/a><figcaption id=\"caption-attachment-2525\" class=\"wp-caption-text\">Traballo de arqueolox\u00eda do alumnado de primeiro de ESO<\/figcaption><\/figure>\n<p>O d\u00eda 30 de Xaneiro o alumnado de 1\u00ba curso realizou un traballo de investigaci\u00f3n no Museo arqueol\u00f3xico de A Coru\u00f1a no castelo de San Ant\u00f3n. A actividade consist\u00edu nun taller de identificaci\u00f3n e catalogaci\u00f3n de pezas prehist\u00f3ricas guiados pola arque\u00f3loga do museo Ana Mart\u00ednez e un traballo de estudio dos obxectos do Museo organizado polos monitores do mesmo curso. Os monitores foron Tiago Galicia, Lara Garc\u00eda, Javier Garc\u00eda Taibo, Sandra Gonz\u00e1lez, Irene Pita, Adri\u00e1n Ca\u00f1edo, Lidia Fabi\u00e1n, Carlos Fari\u00f1a e Laura Fern\u00e1ndez que previamente estiveran na preparaci\u00f3n da actividade. Nelson Pe\u00f1a e Ezequiel Caballero participaron na comisi\u00f3n de orde e foron acompa\u00f1ados polos profesores Carmen Garc\u00eda-Rodeja e Xos\u00e9 Ant\u00f3n Garc\u00eda.<\/p>\n<div id='gallery-1' class='gallery galleryid-2524 gallery-columns-3 gallery-size-thumbnail'><figure class='gallery-item'>\n\t\t\t<div class='gallery-icon portrait'>\n\t\t\t\t<a href='https:\/\/www.iesneiravilas.es\/arquivo\/?attachment_id=2526'><img loading=\"lazy\" decoding=\"async\" width=\"150\" height=\"150\" src=\"https:\/\/www.iesneiravilas.es\/arquivo\/wp-content\/uploads\/2014\/10\/arqueoloxico_11-150x150.jpeg\" class=\"attachment-thumbnail size-thumbnail\" alt=\"Traballo de arqueolox\u00eda do alumnado de primeiro de ESO\" aria-describedby=\"gallery-1-2526\" \/><\/a>\n\t\t\t<\/div>\n\t\t\t\t<figcaption class='wp-caption-text gallery-caption' id='gallery-1-2526'>\n\t\t\t\tTraballo de arqueolox\u00eda do alumnado de primeiro de ESO\n\t\t\t\t<\/figcaption><\/figure><figure class='gallery-item'>\n\t\t\t<div class='gallery-icon landscape'>\n\t\t\t\t<a href='https:\/\/www.iesneiravilas.es\/arquivo\/?attachment_id=2527'><img loading=\"lazy\" decoding=\"async\" width=\"150\" height=\"150\" src=\"https:\/\/www.iesneiravilas.es\/arquivo\/wp-content\/uploads\/2014\/10\/arqueoloxico_31-150x150.jpeg\" class=\"attachment-thumbnail size-thumbnail\" alt=\"Traballo de arqueolox\u00eda do alumnado de primeiro de ESO\" aria-describedby=\"gallery-1-2527\" \/><\/a>\n\t\t\t<\/div>\n\t\t\t\t<figcaption class='wp-caption-text gallery-caption' id='gallery-1-2527'>\n\t\t\t\tTraballo de arqueolox\u00eda do alumnado de primeiro de ESO\n\t\t\t\t<\/figcaption><\/figure><figure class='gallery-item'>\n\t\t\t<div class='gallery-icon landscape'>\n\t\t\t\t<a href='https:\/\/www.iesneiravilas.es\/arquivo\/?attachment_id=2528'><img loading=\"lazy\" decoding=\"async\" width=\"150\" height=\"150\" src=\"https:\/\/www.iesneiravilas.es\/arquivo\/wp-content\/uploads\/2014\/10\/arqueoloxico_41-150x150.jpeg\" class=\"attachment-thumbnail size-thumbnail\" alt=\"Traballo de arqueolox\u00eda do alumnado de primeiro de ESO\" aria-describedby=\"gallery-1-2528\" \/><\/a>\n\t\t\t<\/div>\n\t\t\t\t<figcaption class='wp-caption-text gallery-caption' id='gallery-1-2528'>\n\t\t\t\tTraballo de arqueolox\u00eda do alumnado de primeiro de ESO\n\t\t\t\t<\/figcaption><\/figure><figure class='gallery-item'>\n\t\t\t<div class='gallery-icon landscape'>\n\t\t\t\t<a href='https:\/\/www.iesneiravilas.es\/arquivo\/?attachment_id=2529'><img loading=\"lazy\" decoding=\"async\" width=\"150\" height=\"150\" src=\"https:\/\/www.iesneiravilas.es\/arquivo\/wp-content\/uploads\/2014\/10\/arqueoloxico_5-150x150.jpeg\" class=\"attachment-thumbnail size-thumbnail\" alt=\"Traballo de arqueolox\u00eda do alumnado de primeiro de ESO\" aria-describedby=\"gallery-1-2529\" \/><\/a>\n\t\t\t<\/div>\n\t\t\t\t<figcaption class='wp-caption-text gallery-caption' id='gallery-1-2529'>\n\t\t\t\tTraballo de arqueolox\u00eda do alumnado de primeiro de ESO\n\t\t\t\t<\/figcaption><\/figure><figure class='gallery-item'>\n\t\t\t<div class='gallery-icon landscape'>\n\t\t\t\t<a href='https:\/\/www.iesneiravilas.es\/arquivo\/?attachment_id=2530'><img loading=\"lazy\" decoding=\"async\" width=\"150\" height=\"150\" src=\"https:\/\/www.iesneiravilas.es\/arquivo\/wp-content\/uploads\/2014\/10\/arqueoloxico_6-150x150.jpeg\" class=\"attachment-thumbnail size-thumbnail\" alt=\"Traballo de arqueolox\u00eda do alumnado de primeiro de ESO\" aria-describedby=\"gallery-1-2530\" \/><\/a>\n\t\t\t<\/div>\n\t\t\t\t<figcaption class='wp-caption-text gallery-caption' id='gallery-1-2530'>\n\t\t\t\tTraballo de arqueolox\u00eda do alumnado de primeiro de ESO\n\t\t\t\t<\/figcaption><\/figure><figure class='gallery-item'>\n\t\t\t<div class='gallery-icon landscape'>\n\t\t\t\t<a href='https:\/\/www.iesneiravilas.es\/arquivo\/?attachment_id=2531'><img loading=\"lazy\" decoding=\"async\" width=\"150\" height=\"150\" src=\"https:\/\/www.iesneiravilas.es\/arquivo\/wp-content\/uploads\/2014\/10\/arqueoloxico_7-150x150.jpeg\" class=\"attachment-thumbnail size-thumbnail\" alt=\"Traballo de arqueolox\u00eda do alumnado de primeiro de ESO\" aria-describedby=\"gallery-1-2531\" \/><\/a>\n\t\t\t<\/div>\n\t\t\t\t<figcaption class='wp-caption-text gallery-caption' id='gallery-1-2531'>\n\t\t\t\tTraballo de arqueolox\u00eda do alumnado de primeiro de ESO\n\t\t\t\t<\/figcaption><\/figure><figure class='gallery-item'>\n\t\t\t<div class='gallery-icon landscape'>\n\t\t\t\t<a href='https:\/\/www.iesneiravilas.es\/arquivo\/?attachment_id=2532'><img loading=\"lazy\" decoding=\"async\" width=\"150\" height=\"150\" src=\"https:\/\/www.iesneiravilas.es\/arquivo\/wp-content\/uploads\/2014\/10\/arqueoloxico_8-150x150.jpeg\" class=\"attachment-thumbnail size-thumbnail\" alt=\"Traballo de arqueolox\u00eda do alumnado de primeiro de ESO\" aria-describedby=\"gallery-1-2532\" \/><\/a>\n\t\t\t<\/div>\n\t\t\t\t<figcaption class='wp-caption-text gallery-caption' id='gallery-1-2532'>\n\t\t\t\tTraballo de arqueolox\u00eda do alumnado de primeiro de ESO\n\t\t\t\t<\/figcaption><\/figure><figure class='gallery-item'>\n\t\t\t<div class='gallery-icon landscape'>\n\t\t\t\t<a href='https:\/\/www.iesneiravilas.es\/arquivo\/?attachment_id=2533'><img loading=\"lazy\" decoding=\"async\" width=\"150\" height=\"150\" src=\"https:\/\/www.iesneiravilas.es\/arquivo\/wp-content\/uploads\/2014\/10\/arqueoloxico_9-150x150.jpeg\" class=\"attachment-thumbnail size-thumbnail\" alt=\"Traballo de arqueolox\u00eda do alumnado de primeiro de ESO\" aria-describedby=\"gallery-1-2533\" \/><\/a>\n\t\t\t<\/div>\n\t\t\t\t<figcaption class='wp-caption-text gallery-caption' id='gallery-1-2533'>\n\t\t\t\tTraballo de arqueolox\u00eda do alumnado de primeiro de ESO\n\t\t\t\t<\/figcaption><\/figure><figure class='gallery-item'>\n\t\t\t<div class='gallery-icon landscape'>\n\t\t\t\t<a href='https:\/\/www.iesneiravilas.es\/arquivo\/?attachment_id=2534'><img loading=\"lazy\" decoding=\"async\" width=\"150\" height=\"150\" src=\"https:\/\/www.iesneiravilas.es\/arquivo\/wp-content\/uploads\/2014\/10\/arqueoloxico_10-150x150.jpeg\" class=\"attachment-thumbnail size-thumbnail\" alt=\"Traballo de arqueolox\u00eda do alumnado de primeiro de ESO\" aria-describedby=\"gallery-1-2534\" \/><\/a>\n\t\t\t<\/div>\n\t\t\t\t<figcaption class='wp-caption-text gallery-caption' id='gallery-1-2534'>\n\t\t\t\tTraballo de arqueolox\u00eda do alumnado de primeiro de ESO\n\t\t\t\t<\/figcaption><\/figure>\n\t\t<\/div>\n\n","protected":false},"excerpt":{"rendered":"<p>O d\u00eda 30 de Xaneiro o alumnado de 1\u00ba curso realizou un traballo de investigaci\u00f3n no Museo arqueol\u00f3xico de A Coru\u00f1a no castelo de San Ant\u00f3n. A actividade consist\u00edu nun taller de identificaci\u00f3n e catalogaci\u00f3n de pezas prehist\u00f3ricas guiados pola arque\u00f3loga do museo Ana Mart\u00ednez e un traballo de estudio dos obxectos do Museo organizado &hellip; <a href=\"https:\/\/www.iesneiravilas.es\/arquivo\/?p=2524\" class=\"more-link\">Seguir lendo <span class=\"screen-reader-text\">Traballo de arqueolox\u00eda do alumnado de primeiro de ESO<\/span> <span class=\"meta-nav\">&rarr;<\/span><\/a><\/p>\n","protected":false},"author":1,"featured_media":0,"comment_status":"closed","ping_status":"open","sticky":false,"template":"","format":"standard","meta":{"footnotes":""},"categories":[17,142,86,152],"tags":[99,592,388,46,590,589,41,53,591,54,60,588,613],"class_list":["post-2524","post","type-post","status-publish","format-standard","hentry","category-actividades","category-curso","category-curso-2012-2013","category-excursionvisita","tag-adrian-canedo","tag-carlos-farina","tag-carmen-garcia-rodeja","tag-ezequiel-caballero","tag-irene-pita","tag-javier-garcia-taibo","tag-lara-garcia","tag-laura-fernandez","tag-lidia-fabian","tag-nelson-pena","tag-sandra-gonzalez","tag-tiago-galicia","tag-xose-anton-garcia"],"_links":{"self":[{"href":"https:\/\/www.iesneiravilas.es\/arquivo\/index.php?rest_route=\/wp\/v2\/posts\/2524","targetHints":{"allow":["GET"]}}],"collection":[{"href":"https:\/\/www.iesneiravilas.es\/arquivo\/index.php?rest_route=\/wp\/v2\/posts"}],"about":[{"href":"https:\/\/www.iesneiravilas.es\/arquivo\/index.php?rest_route=\/wp\/v2\/types\/post"}],"author":[{"embeddable":true,"href":"https:\/\/www.iesneiravilas.es\/arquivo\/index.php?rest_route=\/wp\/v2\/users\/1"}],"replies":[{"embeddable":true,"href":"https:\/\/www.iesneiravilas.es\/arquivo\/index.php?rest_route=%2Fwp%2Fv2%2Fcomments&post=2524"}],"version-history":[{"count":1,"href":"https:\/\/www.iesneiravilas.es\/arquivo\/index.php?rest_route=\/wp\/v2\/posts\/2524\/revisions"}],"predecessor-version":[{"id":2535,"href":"https:\/\/www.iesneiravilas.es\/arquivo\/index.php?rest_route=\/wp\/v2\/posts\/2524\/revisions\/2535"}],"wp:attachment":[{"href":"https:\/\/www.iesneiravilas.es\/arquivo\/index.php?rest_route=%2Fwp%2Fv2%2Fmedia&parent=2524"}],"wp:term":[{"taxonomy":"category","embeddable":true,"href":"https:\/\/www.iesneiravilas.es\/arquivo\/index.php?rest_route=%2Fwp%2Fv2%2Fcategories&post=2524"},{"taxonomy":"post_tag","embeddable":true,"href":"https:\/\/www.iesneiravilas.es\/arquivo\/index.php?rest_route=%2Fwp%2Fv2%2Ftags&post=2524"}],"curies":[{"name":"wp","href":"https:\/\/api.w.org\/{rel}","templated":true}]}}