{"id":2536,"date":"2012-11-23T16:59:52","date_gmt":"2012-11-23T14:59:52","guid":{"rendered":"http:\/\/www.iesneiravilas.es\/arquivo\/?p=2536"},"modified":"2014-10-20T20:34:31","modified_gmt":"2014-10-20T18:34:31","slug":"taller-de-gravado-e-visita-o-museo-de-bbaa-do-alumnado-de-4o-curso","status":"publish","type":"post","link":"https:\/\/www.iesneiravilas.es\/arquivo\/?p=2536","title":{"rendered":"Taller de gravado e visita \u00f3 Museo de BBAA do alumnado de 4\u00ba curso"},"content":{"rendered":"<figure id=\"attachment_2537\" aria-describedby=\"caption-attachment-2537\" style=\"width: 300px\" class=\"wp-caption alignleft\"><a href=\"http:\/\/www.iesneiravilas.es\/arquivo\/wp-content\/uploads\/2014\/10\/belas_artes_6.jpg\"><img loading=\"lazy\" decoding=\"async\" class=\"size-medium wp-image-2537\" src=\"http:\/\/www.iesneiravilas.es\/arquivo\/wp-content\/uploads\/2014\/10\/belas_artes_6-300x168.jpg\" alt=\"visita \u00f3 Museo de BBAA\" width=\"300\" height=\"168\" srcset=\"https:\/\/www.iesneiravilas.es\/arquivo\/wp-content\/uploads\/2014\/10\/belas_artes_6-300x168.jpg 300w, https:\/\/www.iesneiravilas.es\/arquivo\/wp-content\/uploads\/2014\/10\/belas_artes_6-1024x575.jpg 1024w, https:\/\/www.iesneiravilas.es\/arquivo\/wp-content\/uploads\/2014\/10\/belas_artes_6.jpg 1600w\" sizes=\"auto, (max-width: 300px) 100vw, 300px\" \/><\/a><figcaption id=\"caption-attachment-2537\" class=\"wp-caption-text\">visita \u00f3 Museo de BBAA<\/figcaption><\/figure>\n<p>O d\u00eda 20 de Decembro o alumnado de 4\u00ba curso acudiu \u00f3 Museo de BBAA acompa\u00f1ados polos seus profesores de Xeograf\u00eda e Historia para analizar e co\u00f1ecer os fondos art\u00edsticos. Visitouse o Museo especialmente a obra gr\u00e1fica al\u00ed exposta. Tam\u00e9n se fixo especial fincap\u00e9 na obra gr\u00e1fica de Francisco de Goya. Para finalizar a visita realizaron, tanto alumnado como profesorado, diversas gravados para co\u00f1ecer o m\u00e9todo de traballo da obra gr\u00e1fica e mostar tam\u00e9n as s\u00faas cualidades art\u00edsticas.<\/p>\n<div id='gallery-1' class='gallery galleryid-2536 gallery-columns-3 gallery-size-thumbnail'><figure class='gallery-item'>\n\t\t\t<div class='gallery-icon landscape'>\n\t\t\t\t<a href='https:\/\/www.iesneiravilas.es\/arquivo\/?attachment_id=2538'><img loading=\"lazy\" decoding=\"async\" width=\"150\" height=\"150\" src=\"https:\/\/www.iesneiravilas.es\/arquivo\/wp-content\/uploads\/2014\/10\/belas_artes_11-150x150.jpg\" class=\"attachment-thumbnail size-thumbnail\" alt=\"Taller de gravado e visita \u00f3 Museo de BBAA do alumnado de 4\u00ba curso\" aria-describedby=\"gallery-1-2538\" \/><\/a>\n\t\t\t<\/div>\n\t\t\t\t<figcaption class='wp-caption-text gallery-caption' id='gallery-1-2538'>\n\t\t\t\tTaller de gravado e visita \u00f3 Museo de BBAA do alumnado de 4\u00ba curso\n\t\t\t\t<\/figcaption><\/figure><figure class='gallery-item'>\n\t\t\t<div class='gallery-icon landscape'>\n\t\t\t\t<a href='https:\/\/www.iesneiravilas.es\/arquivo\/?attachment_id=2539'><img loading=\"lazy\" decoding=\"async\" width=\"150\" height=\"150\" src=\"https:\/\/www.iesneiravilas.es\/arquivo\/wp-content\/uploads\/2014\/10\/belas_artes_21-150x150.jpg\" class=\"attachment-thumbnail size-thumbnail\" alt=\"Taller de gravado e visita \u00f3 Museo de BBAA do alumnado de 4\u00ba curso\" aria-describedby=\"gallery-1-2539\" \/><\/a>\n\t\t\t<\/div>\n\t\t\t\t<figcaption class='wp-caption-text gallery-caption' id='gallery-1-2539'>\n\t\t\t\tTaller de gravado e visita \u00f3 Museo de BBAA do alumnado de 4\u00ba curso\n\t\t\t\t<\/figcaption><\/figure><figure class='gallery-item'>\n\t\t\t<div class='gallery-icon portrait'>\n\t\t\t\t<a href='https:\/\/www.iesneiravilas.es\/arquivo\/?attachment_id=2540'><img loading=\"lazy\" decoding=\"async\" width=\"150\" height=\"150\" src=\"https:\/\/www.iesneiravilas.es\/arquivo\/wp-content\/uploads\/2014\/10\/belas_artes_7-150x150.jpg\" class=\"attachment-thumbnail size-thumbnail\" alt=\"Taller de gravado e visita \u00f3 Museo de BBAA do alumnado de 4\u00ba curso\" aria-describedby=\"gallery-1-2540\" \/><\/a>\n\t\t\t<\/div>\n\t\t\t\t<figcaption class='wp-caption-text gallery-caption' id='gallery-1-2540'>\n\t\t\t\tTaller de gravado e visita \u00f3 Museo de BBAA do alumnado de 4\u00ba curso\n\t\t\t\t<\/figcaption><\/figure><figure class='gallery-item'>\n\t\t\t<div class='gallery-icon landscape'>\n\t\t\t\t<a href='https:\/\/www.iesneiravilas.es\/arquivo\/?attachment_id=2541'><img loading=\"lazy\" decoding=\"async\" width=\"150\" height=\"150\" src=\"https:\/\/www.iesneiravilas.es\/arquivo\/wp-content\/uploads\/2014\/10\/belas_artes_41-150x150.jpg\" class=\"attachment-thumbnail size-thumbnail\" alt=\"Taller de gravado e visita \u00f3 Museo de BBAA do alumnado de 4\u00ba curso\" aria-describedby=\"gallery-1-2541\" \/><\/a>\n\t\t\t<\/div>\n\t\t\t\t<figcaption class='wp-caption-text gallery-caption' id='gallery-1-2541'>\n\t\t\t\tTaller de gravado e visita \u00f3 Museo de BBAA do alumnado de 4\u00ba curso\n\t\t\t\t<\/figcaption><\/figure><figure class='gallery-item'>\n\t\t\t<div class='gallery-icon landscape'>\n\t\t\t\t<a href='https:\/\/www.iesneiravilas.es\/arquivo\/?attachment_id=2542'><img loading=\"lazy\" decoding=\"async\" width=\"150\" height=\"150\" src=\"https:\/\/www.iesneiravilas.es\/arquivo\/wp-content\/uploads\/2014\/10\/belas_artes_5-150x150.jpg\" class=\"attachment-thumbnail size-thumbnail\" alt=\"Taller de gravado e visita \u00f3 Museo de BBAA do alumnado de 4\u00ba curso\" aria-describedby=\"gallery-1-2542\" \/><\/a>\n\t\t\t<\/div>\n\t\t\t\t<figcaption class='wp-caption-text gallery-caption' id='gallery-1-2542'>\n\t\t\t\tTaller de gravado e visita \u00f3 Museo de BBAA do alumnado de 4\u00ba curso\n\t\t\t\t<\/figcaption><\/figure><figure class='gallery-item'>\n\t\t\t<div class='gallery-icon landscape'>\n\t\t\t\t<a href='https:\/\/www.iesneiravilas.es\/arquivo\/?attachment_id=2543'><img loading=\"lazy\" decoding=\"async\" width=\"150\" height=\"150\" src=\"https:\/\/www.iesneiravilas.es\/arquivo\/wp-content\/uploads\/2014\/10\/belas_artes_31-150x150.jpg\" class=\"attachment-thumbnail size-thumbnail\" alt=\"Taller de gravado e visita \u00f3 Museo de BBAA do alumnado de 4\u00ba curso\" aria-describedby=\"gallery-1-2543\" \/><\/a>\n\t\t\t<\/div>\n\t\t\t\t<figcaption class='wp-caption-text gallery-caption' id='gallery-1-2543'>\n\t\t\t\tTaller de gravado e visita \u00f3 Museo de BBAA do alumnado de 4\u00ba curso\n\t\t\t\t<\/figcaption><\/figure><figure class='gallery-item'>\n\t\t\t<div class='gallery-icon landscape'>\n\t\t\t\t<a href='https:\/\/www.iesneiravilas.es\/arquivo\/?attachment_id=2537'><img loading=\"lazy\" decoding=\"async\" width=\"150\" height=\"150\" src=\"https:\/\/www.iesneiravilas.es\/arquivo\/wp-content\/uploads\/2014\/10\/belas_artes_6-150x150.jpg\" class=\"attachment-thumbnail size-thumbnail\" alt=\"visita \u00f3 Museo de BBAA\" aria-describedby=\"gallery-1-2537\" \/><\/a>\n\t\t\t<\/div>\n\t\t\t\t<figcaption class='wp-caption-text gallery-caption' id='gallery-1-2537'>\n\t\t\t\tvisita \u00f3 Museo de BBAA\n\t\t\t\t<\/figcaption><\/figure>\n\t\t<\/div>\n\n","protected":false},"excerpt":{"rendered":"<p>O d\u00eda 20 de Decembro o alumnado de 4\u00ba curso acudiu \u00f3 Museo de BBAA acompa\u00f1ados polos seus profesores de Xeograf\u00eda e Historia para analizar e co\u00f1ecer os fondos art\u00edsticos. Visitouse o Museo especialmente a obra gr\u00e1fica al\u00ed exposta. Tam\u00e9n se fixo especial fincap\u00e9 na obra gr\u00e1fica de Francisco de Goya. Para finalizar a visita &hellip; <a href=\"https:\/\/www.iesneiravilas.es\/arquivo\/?p=2536\" class=\"more-link\">Seguir lendo <span class=\"screen-reader-text\">Taller de gravado e visita \u00f3 Museo de BBAA do alumnado de 4\u00ba curso<\/span> <span class=\"meta-nav\">&rarr;<\/span><\/a><\/p>\n","protected":false},"author":1,"featured_media":0,"comment_status":"closed","ping_status":"open","sticky":false,"template":"","format":"standard","meta":{"footnotes":""},"categories":[17,142,86,152],"tags":[504,593,613],"class_list":["post-2536","post","type-post","status-publish","format-standard","hentry","category-actividades","category-curso","category-curso-2012-2013","category-excursionvisita","tag-jorge-calle","tag-museo-bbaa","tag-xose-anton-garcia"],"_links":{"self":[{"href":"https:\/\/www.iesneiravilas.es\/arquivo\/index.php?rest_route=\/wp\/v2\/posts\/2536","targetHints":{"allow":["GET"]}}],"collection":[{"href":"https:\/\/www.iesneiravilas.es\/arquivo\/index.php?rest_route=\/wp\/v2\/posts"}],"about":[{"href":"https:\/\/www.iesneiravilas.es\/arquivo\/index.php?rest_route=\/wp\/v2\/types\/post"}],"author":[{"embeddable":true,"href":"https:\/\/www.iesneiravilas.es\/arquivo\/index.php?rest_route=\/wp\/v2\/users\/1"}],"replies":[{"embeddable":true,"href":"https:\/\/www.iesneiravilas.es\/arquivo\/index.php?rest_route=%2Fwp%2Fv2%2Fcomments&post=2536"}],"version-history":[{"count":1,"href":"https:\/\/www.iesneiravilas.es\/arquivo\/index.php?rest_route=\/wp\/v2\/posts\/2536\/revisions"}],"predecessor-version":[{"id":2544,"href":"https:\/\/www.iesneiravilas.es\/arquivo\/index.php?rest_route=\/wp\/v2\/posts\/2536\/revisions\/2544"}],"wp:attachment":[{"href":"https:\/\/www.iesneiravilas.es\/arquivo\/index.php?rest_route=%2Fwp%2Fv2%2Fmedia&parent=2536"}],"wp:term":[{"taxonomy":"category","embeddable":true,"href":"https:\/\/www.iesneiravilas.es\/arquivo\/index.php?rest_route=%2Fwp%2Fv2%2Fcategories&post=2536"},{"taxonomy":"post_tag","embeddable":true,"href":"https:\/\/www.iesneiravilas.es\/arquivo\/index.php?rest_route=%2Fwp%2Fv2%2Ftags&post=2536"}],"curies":[{"name":"wp","href":"https:\/\/api.w.org\/{rel}","templated":true}]}}