{"id":2569,"date":"2012-01-31T17:20:57","date_gmt":"2012-01-31T15:20:57","guid":{"rendered":"http:\/\/www.iesneiravilas.es\/arquivo\/?p=2569"},"modified":"2014-10-20T17:32:26","modified_gmt":"2014-10-20T15:32:26","slug":"semana-na-neve-en-xaneiro","status":"publish","type":"post","link":"https:\/\/www.iesneiravilas.es\/arquivo\/?p=2569","title":{"rendered":"Semana na neve en Xaneiro"},"content":{"rendered":"<figure id=\"attachment_2571\" aria-describedby=\"caption-attachment-2571\" style=\"width: 300px\" class=\"wp-caption alignleft\"><a href=\"http:\/\/www.iesneiravilas.es\/arquivo\/wp-content\/uploads\/2014\/10\/neve_03.jpg\"><img loading=\"lazy\" decoding=\"async\" class=\"size-medium wp-image-2571\" src=\"http:\/\/www.iesneiravilas.es\/arquivo\/wp-content\/uploads\/2014\/10\/neve_03-300x168.jpg\" alt=\"Semana na neve en Xaneiro\" width=\"300\" height=\"168\" srcset=\"https:\/\/www.iesneiravilas.es\/arquivo\/wp-content\/uploads\/2014\/10\/neve_03-300x168.jpg 300w, https:\/\/www.iesneiravilas.es\/arquivo\/wp-content\/uploads\/2014\/10\/neve_03-1024x576.jpg 1024w, https:\/\/www.iesneiravilas.es\/arquivo\/wp-content\/uploads\/2014\/10\/neve_03.jpg 1600w\" sizes=\"auto, (max-width: 300px) 100vw, 300px\" \/><\/a><figcaption id=\"caption-attachment-2571\" class=\"wp-caption-text\">Semana na neve en Xaneiro<\/figcaption><\/figure>\n<p>Cansos e contentos chegaron os alumnos da semana de neve en Ast\u00fan. A pesar do tempo de neve, xistra e saraiba foron uns d\u00edas moi aproveitados porque cada ma\u00f1\u00e1n subiron durante d\u00faas horas e outras tantas polo ser\u00e1n. Os monitores acompa\u00f1aron en todo momento \u00f3s rapaces e fron capaces de lanzarse polas pistas de contado.<\/p>\n<p>Tam\u00e9n visitaron a catedral de Jaca, a estaci\u00f3n de Canfranc&#8230;. e houbo tempo para xogar \u00f3s bolos e asistir \u00e1 festa baile de despedida.<\/p>\n<p>O profesorado quedou moi satisfeito da experiencia e do aproveitamento do alumnado e espera que se poda repetir en vindeiros anos.<\/p>\n<div id='gallery-1' class='gallery galleryid-2569 gallery-columns-3 gallery-size-thumbnail'><figure class='gallery-item'>\n\t\t\t<div class='gallery-icon landscape'>\n\t\t\t\t<a href='https:\/\/www.iesneiravilas.es\/arquivo\/?attachment_id=2572'><img loading=\"lazy\" decoding=\"async\" width=\"150\" height=\"150\" src=\"https:\/\/www.iesneiravilas.es\/arquivo\/wp-content\/uploads\/2014\/10\/neve_02-150x150.jpg\" class=\"attachment-thumbnail size-thumbnail\" alt=\"Semana na neve en Xaneiro\" aria-describedby=\"gallery-1-2572\" \/><\/a>\n\t\t\t<\/div>\n\t\t\t\t<figcaption class='wp-caption-text gallery-caption' id='gallery-1-2572'>\n\t\t\t\tSemana na neve en Xaneiro\n\t\t\t\t<\/figcaption><\/figure><figure class='gallery-item'>\n\t\t\t<div class='gallery-icon landscape'>\n\t\t\t\t<a href='https:\/\/www.iesneiravilas.es\/arquivo\/?attachment_id=2573'><img loading=\"lazy\" decoding=\"async\" width=\"150\" height=\"150\" src=\"https:\/\/www.iesneiravilas.es\/arquivo\/wp-content\/uploads\/2014\/10\/neve_08-150x150.jpg\" class=\"attachment-thumbnail size-thumbnail\" alt=\"Semana na neve en Xaneiro\" aria-describedby=\"gallery-1-2573\" \/><\/a>\n\t\t\t<\/div>\n\t\t\t\t<figcaption class='wp-caption-text gallery-caption' id='gallery-1-2573'>\n\t\t\t\tSemana na neve en Xaneiro\n\t\t\t\t<\/figcaption><\/figure><figure class='gallery-item'>\n\t\t\t<div class='gallery-icon landscape'>\n\t\t\t\t<a href='https:\/\/www.iesneiravilas.es\/arquivo\/?attachment_id=2574'><img loading=\"lazy\" decoding=\"async\" width=\"150\" height=\"150\" src=\"https:\/\/www.iesneiravilas.es\/arquivo\/wp-content\/uploads\/2014\/10\/neve_04-150x150.jpg\" class=\"attachment-thumbnail size-thumbnail\" alt=\"Semana na neve en Xaneiro\" aria-describedby=\"gallery-1-2574\" \/><\/a>\n\t\t\t<\/div>\n\t\t\t\t<figcaption class='wp-caption-text gallery-caption' id='gallery-1-2574'>\n\t\t\t\tSemana na neve en Xaneiro\n\t\t\t\t<\/figcaption><\/figure><figure class='gallery-item'>\n\t\t\t<div class='gallery-icon landscape'>\n\t\t\t\t<a href='https:\/\/www.iesneiravilas.es\/arquivo\/?attachment_id=2575'><img loading=\"lazy\" decoding=\"async\" width=\"150\" height=\"150\" src=\"https:\/\/www.iesneiravilas.es\/arquivo\/wp-content\/uploads\/2014\/10\/neve_05-150x150.jpg\" class=\"attachment-thumbnail size-thumbnail\" alt=\"Semana na neve en Xaneiro\" aria-describedby=\"gallery-1-2575\" \/><\/a>\n\t\t\t<\/div>\n\t\t\t\t<figcaption class='wp-caption-text gallery-caption' id='gallery-1-2575'>\n\t\t\t\tSemana na neve en Xaneiro\n\t\t\t\t<\/figcaption><\/figure><figure class='gallery-item'>\n\t\t\t<div class='gallery-icon landscape'>\n\t\t\t\t<a href='https:\/\/www.iesneiravilas.es\/arquivo\/?attachment_id=2576'><img loading=\"lazy\" decoding=\"async\" width=\"150\" height=\"150\" src=\"https:\/\/www.iesneiravilas.es\/arquivo\/wp-content\/uploads\/2014\/10\/neve_07-150x150.jpg\" class=\"attachment-thumbnail size-thumbnail\" alt=\"Semana na neve en Xaneiro\" aria-describedby=\"gallery-1-2576\" \/><\/a>\n\t\t\t<\/div>\n\t\t\t\t<figcaption class='wp-caption-text gallery-caption' id='gallery-1-2576'>\n\t\t\t\tSemana na neve en Xaneiro\n\t\t\t\t<\/figcaption><\/figure><figure class='gallery-item'>\n\t\t\t<div class='gallery-icon landscape'>\n\t\t\t\t<a href='https:\/\/www.iesneiravilas.es\/arquivo\/?attachment_id=2577'><img loading=\"lazy\" decoding=\"async\" width=\"150\" height=\"150\" src=\"https:\/\/www.iesneiravilas.es\/arquivo\/wp-content\/uploads\/2014\/10\/neve_01-150x150.jpg\" class=\"attachment-thumbnail size-thumbnail\" alt=\"Semana na neve en Xaneiro\" aria-describedby=\"gallery-1-2577\" \/><\/a>\n\t\t\t<\/div>\n\t\t\t\t<figcaption class='wp-caption-text gallery-caption' id='gallery-1-2577'>\n\t\t\t\tSemana na neve en Xaneiro\n\t\t\t\t<\/figcaption><\/figure><figure class='gallery-item'>\n\t\t\t<div class='gallery-icon landscape'>\n\t\t\t\t<a href='https:\/\/www.iesneiravilas.es\/arquivo\/?attachment_id=2578'><img loading=\"lazy\" decoding=\"async\" width=\"150\" height=\"150\" src=\"https:\/\/www.iesneiravilas.es\/arquivo\/wp-content\/uploads\/2014\/10\/neve_09-150x150.jpg\" class=\"attachment-thumbnail size-thumbnail\" alt=\"Semana na neve en Xaneiro\" aria-describedby=\"gallery-1-2578\" \/><\/a>\n\t\t\t<\/div>\n\t\t\t\t<figcaption class='wp-caption-text gallery-caption' id='gallery-1-2578'>\n\t\t\t\tSemana na neve en Xaneiro\n\t\t\t\t<\/figcaption><\/figure><figure class='gallery-item'>\n\t\t\t<div class='gallery-icon landscape'>\n\t\t\t\t<a href='https:\/\/www.iesneiravilas.es\/arquivo\/?attachment_id=2579'><img loading=\"lazy\" decoding=\"async\" width=\"150\" height=\"150\" src=\"https:\/\/www.iesneiravilas.es\/arquivo\/wp-content\/uploads\/2014\/10\/neve_061-150x150.jpg\" class=\"attachment-thumbnail size-thumbnail\" alt=\"Semana na neve en Xaneiro\" aria-describedby=\"gallery-1-2579\" \/><\/a>\n\t\t\t<\/div>\n\t\t\t\t<figcaption class='wp-caption-text gallery-caption' id='gallery-1-2579'>\n\t\t\t\tSemana na neve en Xaneiro\n\t\t\t\t<\/figcaption><\/figure><figure class='gallery-item'>\n\t\t\t<div class='gallery-icon landscape'>\n\t\t\t\t<a href='https:\/\/www.iesneiravilas.es\/arquivo\/?attachment_id=2580'><img loading=\"lazy\" decoding=\"async\" width=\"150\" height=\"150\" src=\"https:\/\/www.iesneiravilas.es\/arquivo\/wp-content\/uploads\/2014\/10\/neve_10-150x150.jpg\" class=\"attachment-thumbnail size-thumbnail\" alt=\"Semana na neve en Xaneiro\" aria-describedby=\"gallery-1-2580\" \/><\/a>\n\t\t\t<\/div>\n\t\t\t\t<figcaption class='wp-caption-text gallery-caption' id='gallery-1-2580'>\n\t\t\t\tSemana na neve en Xaneiro\n\t\t\t\t<\/figcaption><\/figure><figure class='gallery-item'>\n\t\t\t<div class='gallery-icon landscape'>\n\t\t\t\t<a href='https:\/\/www.iesneiravilas.es\/arquivo\/?attachment_id=2581'><img loading=\"lazy\" decoding=\"async\" width=\"150\" height=\"150\" src=\"https:\/\/www.iesneiravilas.es\/arquivo\/wp-content\/uploads\/2014\/10\/neve_11-150x150.jpg\" class=\"attachment-thumbnail size-thumbnail\" alt=\"Semana na neve en Xaneiro\" aria-describedby=\"gallery-1-2581\" \/><\/a>\n\t\t\t<\/div>\n\t\t\t\t<figcaption class='wp-caption-text gallery-caption' id='gallery-1-2581'>\n\t\t\t\tSemana na neve en Xaneiro\n\t\t\t\t<\/figcaption><\/figure><figure class='gallery-item'>\n\t\t\t<div class='gallery-icon landscape'>\n\t\t\t\t<a href='https:\/\/www.iesneiravilas.es\/arquivo\/?attachment_id=2582'><img loading=\"lazy\" decoding=\"async\" width=\"150\" height=\"150\" src=\"https:\/\/www.iesneiravilas.es\/arquivo\/wp-content\/uploads\/2014\/10\/neve_12-150x150.jpg\" class=\"attachment-thumbnail size-thumbnail\" alt=\"Semana na neve en Xaneiro\" aria-describedby=\"gallery-1-2582\" \/><\/a>\n\t\t\t<\/div>\n\t\t\t\t<figcaption class='wp-caption-text gallery-caption' id='gallery-1-2582'>\n\t\t\t\tSemana na neve en Xaneiro\n\t\t\t\t<\/figcaption><\/figure><figure class='gallery-item'>\n\t\t\t<div class='gallery-icon landscape'>\n\t\t\t\t<a href='https:\/\/www.iesneiravilas.es\/arquivo\/?attachment_id=2583'><img loading=\"lazy\" decoding=\"async\" width=\"150\" height=\"150\" src=\"https:\/\/www.iesneiravilas.es\/arquivo\/wp-content\/uploads\/2014\/10\/neve_13-150x150.jpg\" class=\"attachment-thumbnail size-thumbnail\" alt=\"Semana na neve en Xaneiro\" aria-describedby=\"gallery-1-2583\" \/><\/a>\n\t\t\t<\/div>\n\t\t\t\t<figcaption class='wp-caption-text gallery-caption' id='gallery-1-2583'>\n\t\t\t\tSemana na neve en Xaneiro\n\t\t\t\t<\/figcaption><\/figure><figure class='gallery-item'>\n\t\t\t<div class='gallery-icon landscape'>\n\t\t\t\t<a href='https:\/\/www.iesneiravilas.es\/arquivo\/?attachment_id=2584'><img loading=\"lazy\" decoding=\"async\" width=\"150\" height=\"150\" src=\"https:\/\/www.iesneiravilas.es\/arquivo\/wp-content\/uploads\/2014\/10\/neve_14-150x150.jpg\" class=\"attachment-thumbnail size-thumbnail\" alt=\"Semana na neve en Xaneiro\" aria-describedby=\"gallery-1-2584\" \/><\/a>\n\t\t\t<\/div>\n\t\t\t\t<figcaption class='wp-caption-text gallery-caption' id='gallery-1-2584'>\n\t\t\t\tSemana na neve en Xaneiro\n\t\t\t\t<\/figcaption><\/figure><figure class='gallery-item'>\n\t\t\t<div class='gallery-icon landscape'>\n\t\t\t\t<a href='https:\/\/www.iesneiravilas.es\/arquivo\/?attachment_id=2585'><img loading=\"lazy\" decoding=\"async\" width=\"150\" height=\"150\" src=\"https:\/\/www.iesneiravilas.es\/arquivo\/wp-content\/uploads\/2014\/10\/neve_15-150x150.jpg\" class=\"attachment-thumbnail size-thumbnail\" alt=\"Semana na neve en Xaneiro\" aria-describedby=\"gallery-1-2585\" \/><\/a>\n\t\t\t<\/div>\n\t\t\t\t<figcaption class='wp-caption-text gallery-caption' id='gallery-1-2585'>\n\t\t\t\tSemana na neve en Xaneiro\n\t\t\t\t<\/figcaption><\/figure><figure class='gallery-item'>\n\t\t\t<div class='gallery-icon landscape'>\n\t\t\t\t<a href='https:\/\/www.iesneiravilas.es\/arquivo\/?attachment_id=2586'><img loading=\"lazy\" decoding=\"async\" width=\"150\" height=\"150\" src=\"https:\/\/www.iesneiravilas.es\/arquivo\/wp-content\/uploads\/2014\/10\/neve_16-150x150.jpg\" class=\"attachment-thumbnail size-thumbnail\" alt=\"Semana na neve en Xaneiro\" aria-describedby=\"gallery-1-2586\" \/><\/a>\n\t\t\t<\/div>\n\t\t\t\t<figcaption class='wp-caption-text gallery-caption' id='gallery-1-2586'>\n\t\t\t\tSemana na neve en Xaneiro\n\t\t\t\t<\/figcaption><\/figure><figure class='gallery-item'>\n\t\t\t<div class='gallery-icon landscape'>\n\t\t\t\t<a href='https:\/\/www.iesneiravilas.es\/arquivo\/?attachment_id=2587'><img loading=\"lazy\" decoding=\"async\" width=\"150\" height=\"150\" src=\"https:\/\/www.iesneiravilas.es\/arquivo\/wp-content\/uploads\/2014\/10\/neve_17-150x150.jpg\" class=\"attachment-thumbnail size-thumbnail\" alt=\"Semana na neve en Xaneiro\" aria-describedby=\"gallery-1-2587\" \/><\/a>\n\t\t\t<\/div>\n\t\t\t\t<figcaption class='wp-caption-text gallery-caption' id='gallery-1-2587'>\n\t\t\t\tSemana na neve en Xaneiro\n\t\t\t\t<\/figcaption><\/figure><figure class='gallery-item'>\n\t\t\t<div class='gallery-icon landscape'>\n\t\t\t\t<a href='https:\/\/www.iesneiravilas.es\/arquivo\/?attachment_id=2588'><img loading=\"lazy\" decoding=\"async\" width=\"150\" height=\"150\" src=\"https:\/\/www.iesneiravilas.es\/arquivo\/wp-content\/uploads\/2014\/10\/neve_18-150x150.jpg\" class=\"attachment-thumbnail size-thumbnail\" alt=\"Semana na neve en Xaneiro\" aria-describedby=\"gallery-1-2588\" \/><\/a>\n\t\t\t<\/div>\n\t\t\t\t<figcaption class='wp-caption-text gallery-caption' id='gallery-1-2588'>\n\t\t\t\tSemana na neve en Xaneiro\n\t\t\t\t<\/figcaption><\/figure><figure class='gallery-item'>\n\t\t\t<div class='gallery-icon landscape'>\n\t\t\t\t<a href='https:\/\/www.iesneiravilas.es\/arquivo\/?attachment_id=2589'><img loading=\"lazy\" decoding=\"async\" width=\"150\" height=\"150\" src=\"https:\/\/www.iesneiravilas.es\/arquivo\/wp-content\/uploads\/2014\/10\/neve_19-150x150.jpg\" class=\"attachment-thumbnail size-thumbnail\" alt=\"Semana na neve en Xaneiro\" aria-describedby=\"gallery-1-2589\" \/><\/a>\n\t\t\t<\/div>\n\t\t\t\t<figcaption class='wp-caption-text gallery-caption' id='gallery-1-2589'>\n\t\t\t\tSemana na neve en Xaneiro\n\t\t\t\t<\/figcaption><\/figure><figure class='gallery-item'>\n\t\t\t<div class='gallery-icon landscape'>\n\t\t\t\t<a href='https:\/\/www.iesneiravilas.es\/arquivo\/?attachment_id=2590'><img loading=\"lazy\" decoding=\"async\" width=\"150\" height=\"150\" src=\"https:\/\/www.iesneiravilas.es\/arquivo\/wp-content\/uploads\/2014\/10\/neve_20-150x150.jpg\" class=\"attachment-thumbnail size-thumbnail\" alt=\"Semana na neve en Xaneiro\" aria-describedby=\"gallery-1-2590\" \/><\/a>\n\t\t\t<\/div>\n\t\t\t\t<figcaption class='wp-caption-text gallery-caption' id='gallery-1-2590'>\n\t\t\t\tSemana na neve en Xaneiro\n\t\t\t\t<\/figcaption><\/figure><figure class='gallery-item'>\n\t\t\t<div class='gallery-icon landscape'>\n\t\t\t\t<a href='https:\/\/www.iesneiravilas.es\/arquivo\/?attachment_id=2591'><img loading=\"lazy\" decoding=\"async\" width=\"150\" height=\"150\" src=\"https:\/\/www.iesneiravilas.es\/arquivo\/wp-content\/uploads\/2014\/10\/neve_21-150x150.jpg\" class=\"attachment-thumbnail size-thumbnail\" alt=\"Semana na neve en Xaneiro\" aria-describedby=\"gallery-1-2591\" \/><\/a>\n\t\t\t<\/div>\n\t\t\t\t<figcaption class='wp-caption-text gallery-caption' id='gallery-1-2591'>\n\t\t\t\tSemana na neve en Xaneiro\n\t\t\t\t<\/figcaption><\/figure><figure class='gallery-item'>\n\t\t\t<div class='gallery-icon landscape'>\n\t\t\t\t<a href='https:\/\/www.iesneiravilas.es\/arquivo\/?attachment_id=2592'><img loading=\"lazy\" decoding=\"async\" width=\"150\" height=\"150\" src=\"https:\/\/www.iesneiravilas.es\/arquivo\/wp-content\/uploads\/2014\/10\/neve_22-150x150.jpg\" class=\"attachment-thumbnail size-thumbnail\" alt=\"Semana na neve en Xaneiro\" aria-describedby=\"gallery-1-2592\" \/><\/a>\n\t\t\t<\/div>\n\t\t\t\t<figcaption class='wp-caption-text gallery-caption' id='gallery-1-2592'>\n\t\t\t\tSemana na neve en Xaneiro\n\t\t\t\t<\/figcaption><\/figure><figure class='gallery-item'>\n\t\t\t<div class='gallery-icon landscape'>\n\t\t\t\t<a href='https:\/\/www.iesneiravilas.es\/arquivo\/?attachment_id=2593'><img loading=\"lazy\" decoding=\"async\" width=\"150\" height=\"150\" src=\"https:\/\/www.iesneiravilas.es\/arquivo\/wp-content\/uploads\/2014\/10\/neve_23-150x150.jpg\" class=\"attachment-thumbnail size-thumbnail\" alt=\"Semana na neve en Xaneiro\" aria-describedby=\"gallery-1-2593\" \/><\/a>\n\t\t\t<\/div>\n\t\t\t\t<figcaption class='wp-caption-text gallery-caption' id='gallery-1-2593'>\n\t\t\t\tSemana na neve en Xaneiro\n\t\t\t\t<\/figcaption><\/figure><figure class='gallery-item'>\n\t\t\t<div class='gallery-icon landscape'>\n\t\t\t\t<a href='https:\/\/www.iesneiravilas.es\/arquivo\/?attachment_id=2594'><img loading=\"lazy\" decoding=\"async\" width=\"150\" height=\"150\" src=\"https:\/\/www.iesneiravilas.es\/arquivo\/wp-content\/uploads\/2014\/10\/neve_24-150x150.jpg\" class=\"attachment-thumbnail size-thumbnail\" alt=\"Semana na neve en Xaneiro\" aria-describedby=\"gallery-1-2594\" \/><\/a>\n\t\t\t<\/div>\n\t\t\t\t<figcaption class='wp-caption-text gallery-caption' id='gallery-1-2594'>\n\t\t\t\tSemana na neve en Xaneiro\n\t\t\t\t<\/figcaption><\/figure><figure class='gallery-item'>\n\t\t\t<div class='gallery-icon landscape'>\n\t\t\t\t<a href='https:\/\/www.iesneiravilas.es\/arquivo\/?attachment_id=2595'><img loading=\"lazy\" decoding=\"async\" width=\"150\" height=\"150\" src=\"https:\/\/www.iesneiravilas.es\/arquivo\/wp-content\/uploads\/2014\/10\/neve_25-150x150.jpg\" class=\"attachment-thumbnail size-thumbnail\" alt=\"Semana na neve en Xaneiro\" aria-describedby=\"gallery-1-2595\" \/><\/a>\n\t\t\t<\/div>\n\t\t\t\t<figcaption class='wp-caption-text gallery-caption' id='gallery-1-2595'>\n\t\t\t\tSemana na neve en Xaneiro\n\t\t\t\t<\/figcaption><\/figure><figure class='gallery-item'>\n\t\t\t<div class='gallery-icon landscape'>\n\t\t\t\t<a href='https:\/\/www.iesneiravilas.es\/arquivo\/?attachment_id=2596'><img loading=\"lazy\" decoding=\"async\" width=\"150\" height=\"150\" src=\"https:\/\/www.iesneiravilas.es\/arquivo\/wp-content\/uploads\/2014\/10\/neve_26-150x150.jpg\" class=\"attachment-thumbnail size-thumbnail\" alt=\"Semana na neve en Xaneiro\" aria-describedby=\"gallery-1-2596\" \/><\/a>\n\t\t\t<\/div>\n\t\t\t\t<figcaption class='wp-caption-text gallery-caption' id='gallery-1-2596'>\n\t\t\t\tSemana na neve en Xaneiro\n\t\t\t\t<\/figcaption><\/figure><figure class='gallery-item'>\n\t\t\t<div class='gallery-icon landscape'>\n\t\t\t\t<a href='https:\/\/www.iesneiravilas.es\/arquivo\/?attachment_id=2570'><img loading=\"lazy\" decoding=\"async\" width=\"150\" height=\"150\" src=\"https:\/\/www.iesneiravilas.es\/arquivo\/wp-content\/uploads\/2014\/10\/neve_06-150x150.jpg\" class=\"attachment-thumbnail size-thumbnail\" alt=\"Semana na neve en Xaneiro\" aria-describedby=\"gallery-1-2570\" \/><\/a>\n\t\t\t<\/div>\n\t\t\t\t<figcaption class='wp-caption-text gallery-caption' id='gallery-1-2570'>\n\t\t\t\tSemana na neve en Xaneiro\n\t\t\t\t<\/figcaption><\/figure>\n\t\t<\/div>\n\n","protected":false},"excerpt":{"rendered":"<p>Cansos e contentos chegaron os alumnos da semana de neve en Ast\u00fan. A pesar do tempo de neve, xistra e saraiba foron uns d\u00edas moi aproveitados porque cada ma\u00f1\u00e1n subiron durante d\u00faas horas e outras tantas polo ser\u00e1n. Os monitores acompa\u00f1aron en todo momento \u00f3s rapaces e fron capaces de lanzarse polas pistas de contado. &hellip; <a href=\"https:\/\/www.iesneiravilas.es\/arquivo\/?p=2569\" class=\"more-link\">Seguir lendo <span class=\"screen-reader-text\">Semana na neve en Xaneiro<\/span> <span class=\"meta-nav\">&rarr;<\/span><\/a><\/p>\n","protected":false},"author":1,"featured_media":0,"comment_status":"closed","ping_status":"open","sticky":false,"template":"","format":"standard","meta":{"footnotes":""},"categories":[17,142,86,152],"tags":[606,124],"class_list":["post-2569","post","type-post","status-publish","format-standard","hentry","category-actividades","category-curso","category-curso-2012-2013","category-excursionvisita","tag-isabel-moar","tag-juan-santamaria"],"_links":{"self":[{"href":"https:\/\/www.iesneiravilas.es\/arquivo\/index.php?rest_route=\/wp\/v2\/posts\/2569","targetHints":{"allow":["GET"]}}],"collection":[{"href":"https:\/\/www.iesneiravilas.es\/arquivo\/index.php?rest_route=\/wp\/v2\/posts"}],"about":[{"href":"https:\/\/www.iesneiravilas.es\/arquivo\/index.php?rest_route=\/wp\/v2\/types\/post"}],"author":[{"embeddable":true,"href":"https:\/\/www.iesneiravilas.es\/arquivo\/index.php?rest_route=\/wp\/v2\/users\/1"}],"replies":[{"embeddable":true,"href":"https:\/\/www.iesneiravilas.es\/arquivo\/index.php?rest_route=%2Fwp%2Fv2%2Fcomments&post=2569"}],"version-history":[{"count":1,"href":"https:\/\/www.iesneiravilas.es\/arquivo\/index.php?rest_route=\/wp\/v2\/posts\/2569\/revisions"}],"predecessor-version":[{"id":2597,"href":"https:\/\/www.iesneiravilas.es\/arquivo\/index.php?rest_route=\/wp\/v2\/posts\/2569\/revisions\/2597"}],"wp:attachment":[{"href":"https:\/\/www.iesneiravilas.es\/arquivo\/index.php?rest_route=%2Fwp%2Fv2%2Fmedia&parent=2569"}],"wp:term":[{"taxonomy":"category","embeddable":true,"href":"https:\/\/www.iesneiravilas.es\/arquivo\/index.php?rest_route=%2Fwp%2Fv2%2Fcategories&post=2569"},{"taxonomy":"post_tag","embeddable":true,"href":"https:\/\/www.iesneiravilas.es\/arquivo\/index.php?rest_route=%2Fwp%2Fv2%2Ftags&post=2569"}],"curies":[{"name":"wp","href":"https:\/\/api.w.org\/{rel}","templated":true}]}}