{"id":2598,"date":"2013-06-06T17:33:43","date_gmt":"2013-06-06T15:33:43","guid":{"rendered":"http:\/\/www.iesneiravilas.es\/arquivo\/?p=2598"},"modified":"2014-10-20T20:13:16","modified_gmt":"2014-10-20T18:13:16","slug":"mobilidade-comenius-regio","status":"publish","type":"post","link":"https:\/\/www.iesneiravilas.es\/arquivo\/?p=2598","title":{"rendered":"Mobilidade Comenius Regio"},"content":{"rendered":"<p>&nbsp;<\/p>\n<figure id=\"attachment_2599\" aria-describedby=\"caption-attachment-2599\" style=\"width: 300px\" class=\"wp-caption alignleft\"><a href=\"http:\/\/www.iesneiravilas.es\/arquivo\/wp-content\/uploads\/2014\/10\/mobilidade_comenius.jpg\"><img loading=\"lazy\" decoding=\"async\" class=\"size-medium wp-image-2599\" src=\"http:\/\/www.iesneiravilas.es\/arquivo\/wp-content\/uploads\/2014\/10\/mobilidade_comenius-300x225.jpg\" alt=\"Mobilidade Comenius Regio\" width=\"300\" height=\"225\" srcset=\"https:\/\/www.iesneiravilas.es\/arquivo\/wp-content\/uploads\/2014\/10\/mobilidade_comenius-300x225.jpg 300w, https:\/\/www.iesneiravilas.es\/arquivo\/wp-content\/uploads\/2014\/10\/mobilidade_comenius-1024x768.jpg 1024w, https:\/\/www.iesneiravilas.es\/arquivo\/wp-content\/uploads\/2014\/10\/mobilidade_comenius.jpg 1600w\" sizes=\"auto, (max-width: 300px) 100vw, 300px\" \/><\/a><figcaption id=\"caption-attachment-2599\" class=\"wp-caption-text\">Mobilidade Comenius Regio<\/figcaption><\/figure>\n<p>Do 31 de maio ao 5 de xu\u00f1o, tres profesores do IESP Xos\u00e9 Neira Vilas participaron na 2\u00aa das mobilidades a Vannes (Morbihan-Francia) no marco do Proxecto Comenius Regio \u201c\u00c9changeons notre \u00e9change scolaire!\u201d no que o noso centro participa en colaboraci\u00f3n con a Conseller\u00eda de Cultura, Educaci\u00f3n e O.U., a APFG -Asociaci\u00f3n de Profesores de Franc\u00e9s de Galicia-, o IES Monte Neme de Carballo, a Mairie de Vannes (Concello de Vannes), o Coll\u00e8ge Notre Dame Le M\u00e9nimur (Centro de ensino),e o Comit\u00e9 Bretagne-Galice (Asociaci\u00f3n cultural).<\/p>\n<p><a href=\"http:\/\/www.iesneiravilas.es\/arquivo\/wp-content\/uploads\/2014\/10\/mobilidade_comenius_rexio.pdf\">Informaci\u00f3n da mobilidade<\/a><\/p>\n","protected":false},"excerpt":{"rendered":"<p>&nbsp; Do 31 de maio ao 5 de xu\u00f1o, tres profesores do IESP Xos\u00e9 Neira Vilas participaron na 2\u00aa das mobilidades a Vannes (Morbihan-Francia) no marco do Proxecto Comenius Regio \u201c\u00c9changeons notre \u00e9change scolaire!\u201d no que o noso centro participa en colaboraci\u00f3n con a Conseller\u00eda de Cultura, Educaci\u00f3n e O.U., a APFG -Asociaci\u00f3n de Profesores &hellip; <a href=\"https:\/\/www.iesneiravilas.es\/arquivo\/?p=2598\" class=\"more-link\">Seguir lendo <span class=\"screen-reader-text\">Mobilidade Comenius Regio<\/span> <span class=\"meta-nav\">&rarr;<\/span><\/a><\/p>\n","protected":false},"author":1,"featured_media":0,"comment_status":"closed","ping_status":"open","sticky":false,"template":"","format":"standard","meta":{"footnotes":""},"categories":[17,142,86,472],"tags":[167,126,616,166],"class_list":["post-2598","post","type-post","status-publish","format-standard","hentry","category-actividades","category-curso","category-curso-2012-2013","category-outras","tag-college-notre-dame-le-menimur","tag-comenius-regio","tag-ies-monte-neme","tag-vannes"],"_links":{"self":[{"href":"https:\/\/www.iesneiravilas.es\/arquivo\/index.php?rest_route=\/wp\/v2\/posts\/2598","targetHints":{"allow":["GET"]}}],"collection":[{"href":"https:\/\/www.iesneiravilas.es\/arquivo\/index.php?rest_route=\/wp\/v2\/posts"}],"about":[{"href":"https:\/\/www.iesneiravilas.es\/arquivo\/index.php?rest_route=\/wp\/v2\/types\/post"}],"author":[{"embeddable":true,"href":"https:\/\/www.iesneiravilas.es\/arquivo\/index.php?rest_route=\/wp\/v2\/users\/1"}],"replies":[{"embeddable":true,"href":"https:\/\/www.iesneiravilas.es\/arquivo\/index.php?rest_route=%2Fwp%2Fv2%2Fcomments&post=2598"}],"version-history":[{"count":1,"href":"https:\/\/www.iesneiravilas.es\/arquivo\/index.php?rest_route=\/wp\/v2\/posts\/2598\/revisions"}],"predecessor-version":[{"id":2601,"href":"https:\/\/www.iesneiravilas.es\/arquivo\/index.php?rest_route=\/wp\/v2\/posts\/2598\/revisions\/2601"}],"wp:attachment":[{"href":"https:\/\/www.iesneiravilas.es\/arquivo\/index.php?rest_route=%2Fwp%2Fv2%2Fmedia&parent=2598"}],"wp:term":[{"taxonomy":"category","embeddable":true,"href":"https:\/\/www.iesneiravilas.es\/arquivo\/index.php?rest_route=%2Fwp%2Fv2%2Fcategories&post=2598"},{"taxonomy":"post_tag","embeddable":true,"href":"https:\/\/www.iesneiravilas.es\/arquivo\/index.php?rest_route=%2Fwp%2Fv2%2Ftags&post=2598"}],"curies":[{"name":"wp","href":"https:\/\/api.w.org\/{rel}","templated":true}]}}