{"id":2602,"date":"2013-05-25T17:38:22","date_gmt":"2013-05-25T15:38:22","guid":{"rendered":"http:\/\/www.iesneiravilas.es\/arquivo\/?p=2602"},"modified":"2014-10-20T20:16:09","modified_gmt":"2014-10-20T18:16:09","slug":"graduacion-do-alumnado-de-2o-de-bacherelato","status":"publish","type":"post","link":"https:\/\/www.iesneiravilas.es\/arquivo\/?p=2602","title":{"rendered":"Graduaci\u00f3n do alumnado de 2\u00ba de Bacherelato"},"content":{"rendered":"<figure id=\"attachment_2603\" aria-describedby=\"caption-attachment-2603\" style=\"width: 300px\" class=\"wp-caption alignleft\"><a href=\"http:\/\/www.iesneiravilas.es\/arquivo\/wp-content\/uploads\/2014\/10\/graduacion_2013_1.jpg\"><img loading=\"lazy\" decoding=\"async\" class=\"size-medium wp-image-2603\" src=\"http:\/\/www.iesneiravilas.es\/arquivo\/wp-content\/uploads\/2014\/10\/graduacion_2013_1-300x212.jpg\" alt=\"Orla. 2\u00ba BACH 2012-2013\" width=\"300\" height=\"212\" srcset=\"https:\/\/www.iesneiravilas.es\/arquivo\/wp-content\/uploads\/2014\/10\/graduacion_2013_1-300x212.jpg 300w, https:\/\/www.iesneiravilas.es\/arquivo\/wp-content\/uploads\/2014\/10\/graduacion_2013_1-1024x723.jpg 1024w, https:\/\/www.iesneiravilas.es\/arquivo\/wp-content\/uploads\/2014\/10\/graduacion_2013_1.jpg 1600w\" sizes=\"auto, (max-width: 300px) 100vw, 300px\" \/><\/a><figcaption id=\"caption-attachment-2603\" class=\"wp-caption-text\">Orla. 2\u00ba BACH 2012-2013<\/figcaption><\/figure>\n<p>Unha nova promoci\u00f3n de 2\u00ba de Bacharelato rematou a s\u00faa formaci\u00f3n neste nivel formativo e para eles organizouse o d\u00eda 24 de maio o acto de graduaci\u00f3n.<\/p>\n<p>Abriu a celebraci\u00f3n, que tivo lugar no sal\u00f3n de actos, o director Agust\u00edn Fern\u00e1ndez cunhas palabras para sinalar a importancia do momento para os seus protagonistas e para o instituto. A continuaci\u00f3n houbo un momento musical da man de Manuel Bode que dou paso \u00e1s intervenci\u00f3ns das s\u00faas compa\u00f1eiras e compa\u00f1eiro de promoci\u00f3n Camila Bargados, Luc\u00eda Rodr\u00edguez e Mart\u00edn Mejuto. Seguidamente tomaron a palabra X. Ignacio Taibo (en representaci\u00f3n do profesorado), Pilar R\u00edos (en representaci\u00f3n das familias) e Sandra Fern\u00e1ndez (en representaci\u00f3n do Concello).<\/p>\n<p>O acto proseguiu coa entrega de diplomas de mediaci\u00f3n a aqueles membros desta promoci\u00f3n que formaron parte do Equipo de Mediaci\u00f3n e Convivencia, do diploma Club Los Leones de Oleiros cunha beca de cincocentos euros e das orlas a todos os membros da promoci\u00f3n. Os diplomas de mediaci\u00f3n foron entregados por Jes\u00fas Fdez Llaneza. O diploma Club Los Leones foi entregado a Mar\u00eda Ramil por Ricardo G\u00f3mez, en representaci\u00f3n de dito club. As orlas foron entregadas por Elvira Sanz, Eduardo \u00c1lvarez e X. Ignacio Taibo.<\/p>\n<p>Como remate do acto proxectouse unha montaxe audiovisual alaborada polo profesor Xos\u00e9 Ant\u00f3n Garc\u00eda que recolle a traxectoria desta promoci\u00f3n desde que chegaron ao noso centro. A celebraci\u00f3n continuou coa plantaci\u00f3n dunha laranxeira conmemorativa previa a un pequeno \u00e1gape e unha cea de confraternizaci\u00f3n.<\/p>\n<p><iframe loading=\"lazy\" src=\"\/\/www.youtube.com\/embed\/GVq7vbYCxSE\" width=\"420\" height=\"315\" frameborder=\"0\" allowfullscreen=\"allowfullscreen\"><\/iframe><\/p>\n<div id='gallery-1' class='gallery galleryid-2602 gallery-columns-3 gallery-size-thumbnail'><figure class='gallery-item'>\n\t\t\t<div class='gallery-icon portrait'>\n\t\t\t\t<a href='https:\/\/www.iesneiravilas.es\/arquivo\/?attachment_id=2604'><img loading=\"lazy\" decoding=\"async\" width=\"150\" height=\"150\" src=\"https:\/\/www.iesneiravilas.es\/arquivo\/wp-content\/uploads\/2014\/10\/graduacion_2013_8-150x150.jpg\" class=\"attachment-thumbnail size-thumbnail\" alt=\"Graduaci\u00f3n do alumnado de 2\u00ba de Bacherelato\" aria-describedby=\"gallery-1-2604\" \/><\/a>\n\t\t\t<\/div>\n\t\t\t\t<figcaption class='wp-caption-text gallery-caption' id='gallery-1-2604'>\n\t\t\t\tGraduaci\u00f3n do alumnado de 2\u00ba de Bacherelato\n\t\t\t\t<\/figcaption><\/figure><figure class='gallery-item'>\n\t\t\t<div class='gallery-icon landscape'>\n\t\t\t\t<a href='https:\/\/www.iesneiravilas.es\/arquivo\/?attachment_id=2605'><img loading=\"lazy\" decoding=\"async\" width=\"150\" height=\"150\" src=\"https:\/\/www.iesneiravilas.es\/arquivo\/wp-content\/uploads\/2014\/10\/graduacion_2013_2-150x150.jpg\" class=\"attachment-thumbnail size-thumbnail\" alt=\"Graduaci\u00f3n do alumnado de 2\u00ba de Bacherelato\" aria-describedby=\"gallery-1-2605\" \/><\/a>\n\t\t\t<\/div>\n\t\t\t\t<figcaption class='wp-caption-text gallery-caption' id='gallery-1-2605'>\n\t\t\t\tGraduaci\u00f3n do alumnado de 2\u00ba de Bacherelato\n\t\t\t\t<\/figcaption><\/figure><figure class='gallery-item'>\n\t\t\t<div class='gallery-icon landscape'>\n\t\t\t\t<a href='https:\/\/www.iesneiravilas.es\/arquivo\/?attachment_id=2606'><img loading=\"lazy\" decoding=\"async\" width=\"150\" height=\"150\" src=\"https:\/\/www.iesneiravilas.es\/arquivo\/wp-content\/uploads\/2014\/10\/graduacion_2013_3-150x150.jpg\" class=\"attachment-thumbnail size-thumbnail\" alt=\"Graduaci\u00f3n do alumnado de 2\u00ba de Bacherelato\" aria-describedby=\"gallery-1-2606\" \/><\/a>\n\t\t\t<\/div>\n\t\t\t\t<figcaption class='wp-caption-text gallery-caption' id='gallery-1-2606'>\n\t\t\t\tGraduaci\u00f3n do alumnado de 2\u00ba de Bacherelato\n\t\t\t\t<\/figcaption><\/figure><figure class='gallery-item'>\n\t\t\t<div class='gallery-icon landscape'>\n\t\t\t\t<a href='https:\/\/www.iesneiravilas.es\/arquivo\/?attachment_id=2607'><img loading=\"lazy\" decoding=\"async\" width=\"150\" height=\"150\" src=\"https:\/\/www.iesneiravilas.es\/arquivo\/wp-content\/uploads\/2014\/10\/graduacion_2013_5-150x150.jpg\" class=\"attachment-thumbnail size-thumbnail\" alt=\"Graduaci\u00f3n do alumnado de 2\u00ba de Bacherelato\" aria-describedby=\"gallery-1-2607\" \/><\/a>\n\t\t\t<\/div>\n\t\t\t\t<figcaption class='wp-caption-text gallery-caption' id='gallery-1-2607'>\n\t\t\t\tGraduaci\u00f3n do alumnado de 2\u00ba de Bacherelato\n\t\t\t\t<\/figcaption><\/figure><figure class='gallery-item'>\n\t\t\t<div class='gallery-icon landscape'>\n\t\t\t\t<a href='https:\/\/www.iesneiravilas.es\/arquivo\/?attachment_id=2608'><img loading=\"lazy\" decoding=\"async\" width=\"150\" height=\"150\" src=\"https:\/\/www.iesneiravilas.es\/arquivo\/wp-content\/uploads\/2014\/10\/graduacion_2013_6-150x150.jpg\" class=\"attachment-thumbnail size-thumbnail\" alt=\"Graduaci\u00f3n do alumnado de 2\u00ba de Bacherelato\" aria-describedby=\"gallery-1-2608\" \/><\/a>\n\t\t\t<\/div>\n\t\t\t\t<figcaption class='wp-caption-text gallery-caption' id='gallery-1-2608'>\n\t\t\t\tGraduaci\u00f3n do alumnado de 2\u00ba de Bacherelato\n\t\t\t\t<\/figcaption><\/figure>\n\t\t<\/div>\n\n","protected":false},"excerpt":{"rendered":"<p>Unha nova promoci\u00f3n de 2\u00ba de Bacharelato rematou a s\u00faa formaci\u00f3n neste nivel formativo e para eles organizouse o d\u00eda 24 de maio o acto de graduaci\u00f3n. Abriu a celebraci\u00f3n, que tivo lugar no sal\u00f3n de actos, o director Agust\u00edn Fern\u00e1ndez cunhas palabras para sinalar a importancia do momento para os seus protagonistas e para &hellip; <a href=\"https:\/\/www.iesneiravilas.es\/arquivo\/?p=2602\" class=\"more-link\">Seguir lendo <span class=\"screen-reader-text\">Graduaci\u00f3n do alumnado de 2\u00ba de Bacherelato<\/span> <span class=\"meta-nav\">&rarr;<\/span><\/a><\/p>\n","protected":false},"author":1,"featured_media":0,"comment_status":"closed","ping_status":"open","sticky":false,"template":"","format":"standard","meta":{"footnotes":""},"categories":[17,142,86,144],"tags":[23,523,610,424,570,322,408,600,423,415,268,608,612,609,613],"class_list":["post-2602","post","type-post","status-publish","format-standard","hentry","category-actividades","category-curso","category-curso-2012-2013","category-graduacion","tag-agustin-fernandez-gago","tag-camila-bargados","tag-club-los-leones","tag-eduardo-alvarez","tag-elvira-sanz","tag-jesus-fernandez-llaneza","tag-lucia-rodriguez","tag-manuel-bode","tag-maria-ramil","tag-martin-mejuto","tag-nacho-taibo","tag-pilar-rios","tag-ricardo-gomez","tag-sandra-fernandez","tag-xose-anton-garcia"],"_links":{"self":[{"href":"https:\/\/www.iesneiravilas.es\/arquivo\/index.php?rest_route=\/wp\/v2\/posts\/2602","targetHints":{"allow":["GET"]}}],"collection":[{"href":"https:\/\/www.iesneiravilas.es\/arquivo\/index.php?rest_route=\/wp\/v2\/posts"}],"about":[{"href":"https:\/\/www.iesneiravilas.es\/arquivo\/index.php?rest_route=\/wp\/v2\/types\/post"}],"author":[{"embeddable":true,"href":"https:\/\/www.iesneiravilas.es\/arquivo\/index.php?rest_route=\/wp\/v2\/users\/1"}],"replies":[{"embeddable":true,"href":"https:\/\/www.iesneiravilas.es\/arquivo\/index.php?rest_route=%2Fwp%2Fv2%2Fcomments&post=2602"}],"version-history":[{"count":1,"href":"https:\/\/www.iesneiravilas.es\/arquivo\/index.php?rest_route=\/wp\/v2\/posts\/2602\/revisions"}],"predecessor-version":[{"id":2609,"href":"https:\/\/www.iesneiravilas.es\/arquivo\/index.php?rest_route=\/wp\/v2\/posts\/2602\/revisions\/2609"}],"wp:attachment":[{"href":"https:\/\/www.iesneiravilas.es\/arquivo\/index.php?rest_route=%2Fwp%2Fv2%2Fmedia&parent=2602"}],"wp:term":[{"taxonomy":"category","embeddable":true,"href":"https:\/\/www.iesneiravilas.es\/arquivo\/index.php?rest_route=%2Fwp%2Fv2%2Fcategories&post=2602"},{"taxonomy":"post_tag","embeddable":true,"href":"https:\/\/www.iesneiravilas.es\/arquivo\/index.php?rest_route=%2Fwp%2Fv2%2Ftags&post=2602"}],"curies":[{"name":"wp","href":"https:\/\/api.w.org\/{rel}","templated":true}]}}