{"id":2613,"date":"2013-05-04T17:46:53","date_gmt":"2013-05-04T15:46:53","guid":{"rendered":"http:\/\/www.iesneiravilas.es\/arquivo\/?p=2613"},"modified":"2014-10-20T17:48:18","modified_gmt":"2014-10-20T15:48:18","slug":"campana-de-colaboracion-con-ong-ecodesarrollo-gaia","status":"publish","type":"post","link":"https:\/\/www.iesneiravilas.es\/arquivo\/?p=2613","title":{"rendered":"Campa\u00f1a de colaboraci\u00f3n con ONG Ecodesarrollo GAIA"},"content":{"rendered":"<figure id=\"attachment_2614\" aria-describedby=\"caption-attachment-2614\" style=\"width: 300px\" class=\"wp-caption alignleft\"><a href=\"http:\/\/www.iesneiravilas.es\/arquivo\/wp-content\/uploads\/2014\/10\/gaia.jpg\"><img loading=\"lazy\" decoding=\"async\" class=\"wp-image-2614 size-medium\" src=\"http:\/\/www.iesneiravilas.es\/arquivo\/wp-content\/uploads\/2014\/10\/gaia-300x189.jpg\" alt=\"Guillermo Fern\u00e1ndez-Obanza\" width=\"300\" height=\"189\" srcset=\"https:\/\/www.iesneiravilas.es\/arquivo\/wp-content\/uploads\/2014\/10\/gaia-300x189.jpg 300w, https:\/\/www.iesneiravilas.es\/arquivo\/wp-content\/uploads\/2014\/10\/gaia-1024x647.jpg 1024w, https:\/\/www.iesneiravilas.es\/arquivo\/wp-content\/uploads\/2014\/10\/gaia.jpg 1600w\" sizes=\"auto, (max-width: 300px) 100vw, 300px\" \/><\/a><figcaption id=\"caption-attachment-2614\" class=\"wp-caption-text\">Guillermo Fern\u00e1ndez-Obanza<\/figcaption><\/figure>\n<p>Do 26 de abril ao 3 de maio estamos facendo no instituto unha recollida de alimentos non perecedeiros (arroz, pasta, latas de conserva, etc.) e de roupa (non importa o estado, sempre e cando est\u00e9 limpa).<\/p>\n<p>Esta campa\u00f1a ponse en marcha despois da participaci\u00f3n de Guillermo Fern\u00e1ndez-Obanza, responsables desta ong, na semana intercultural na que nos falou do traballo que desenvolven con emigrantes chegados \u00e1 nosa terra e dos proxectos de formaci\u00f3n que te\u00f1en en marcha en Senegal.<\/p>\n","protected":false},"excerpt":{"rendered":"<p>Do 26 de abril ao 3 de maio estamos facendo no instituto unha recollida de alimentos non perecedeiros (arroz, pasta, latas de conserva, etc.) e de roupa (non importa o estado, sempre e cando est\u00e9 limpa). Esta campa\u00f1a ponse en marcha despois da participaci\u00f3n de Guillermo Fern\u00e1ndez-Obanza, responsables desta ong, na semana intercultural na que &hellip; <a href=\"https:\/\/www.iesneiravilas.es\/arquivo\/?p=2613\" class=\"more-link\">Seguir lendo <span class=\"screen-reader-text\">Campa\u00f1a de colaboraci\u00f3n con ONG Ecodesarrollo GAIA<\/span> <span class=\"meta-nav\">&rarr;<\/span><\/a><\/p>\n","protected":false},"author":1,"featured_media":0,"comment_status":"closed","ping_status":"open","sticky":false,"template":"","format":"standard","meta":{"footnotes":""},"categories":[17,142,86,472],"tags":[614],"class_list":["post-2613","post","type-post","status-publish","format-standard","hentry","category-actividades","category-curso","category-curso-2012-2013","category-outras","tag-guillermo-fernandez-obanza"],"_links":{"self":[{"href":"https:\/\/www.iesneiravilas.es\/arquivo\/index.php?rest_route=\/wp\/v2\/posts\/2613","targetHints":{"allow":["GET"]}}],"collection":[{"href":"https:\/\/www.iesneiravilas.es\/arquivo\/index.php?rest_route=\/wp\/v2\/posts"}],"about":[{"href":"https:\/\/www.iesneiravilas.es\/arquivo\/index.php?rest_route=\/wp\/v2\/types\/post"}],"author":[{"embeddable":true,"href":"https:\/\/www.iesneiravilas.es\/arquivo\/index.php?rest_route=\/wp\/v2\/users\/1"}],"replies":[{"embeddable":true,"href":"https:\/\/www.iesneiravilas.es\/arquivo\/index.php?rest_route=%2Fwp%2Fv2%2Fcomments&post=2613"}],"version-history":[{"count":1,"href":"https:\/\/www.iesneiravilas.es\/arquivo\/index.php?rest_route=\/wp\/v2\/posts\/2613\/revisions"}],"predecessor-version":[{"id":2615,"href":"https:\/\/www.iesneiravilas.es\/arquivo\/index.php?rest_route=\/wp\/v2\/posts\/2613\/revisions\/2615"}],"wp:attachment":[{"href":"https:\/\/www.iesneiravilas.es\/arquivo\/index.php?rest_route=%2Fwp%2Fv2%2Fmedia&parent=2613"}],"wp:term":[{"taxonomy":"category","embeddable":true,"href":"https:\/\/www.iesneiravilas.es\/arquivo\/index.php?rest_route=%2Fwp%2Fv2%2Fcategories&post=2613"},{"taxonomy":"post_tag","embeddable":true,"href":"https:\/\/www.iesneiravilas.es\/arquivo\/index.php?rest_route=%2Fwp%2Fv2%2Ftags&post=2613"}],"curies":[{"name":"wp","href":"https:\/\/api.w.org\/{rel}","templated":true}]}}