{"id":2649,"date":"2013-01-09T19:24:16","date_gmt":"2013-01-09T17:24:16","guid":{"rendered":"http:\/\/www.iesneiravilas.es\/arquivo\/?p=2649"},"modified":"2014-10-20T19:26:33","modified_gmt":"2014-10-20T17:26:33","slug":"despedida-da-alumna-claudiane-da-silva","status":"publish","type":"post","link":"https:\/\/www.iesneiravilas.es\/arquivo\/?p=2649","title":{"rendered":"Despedida da alumna Claudiane da Silva"},"content":{"rendered":"<p>Con motivo da partida \u00f3 seu pa\u00eds Brasil Claudiane foi homenxeada cunha cea sorpresa \u00e1 que asistiron profesores e os seus compa\u00f1eiros de cuarto curso. Despois na clase foille regalada unha camiseta coas fotos dos compa\u00f1eiros, se lle entregou outra tam\u00e9n \u00f3 seu irm\u00e1n Kaike, de primeiro curso. Desex\u00e1moslles moita sorte no novo centro educativo no seu pa\u00eds.<\/p>\n<div id='gallery-1' class='gallery galleryid-2649 gallery-columns-3 gallery-size-thumbnail'><figure class='gallery-item'>\n\t\t\t<div class='gallery-icon landscape'>\n\t\t\t\t<a href='https:\/\/www.iesneiravilas.es\/arquivo\/?attachment_id=2650'><img loading=\"lazy\" decoding=\"async\" width=\"150\" height=\"150\" src=\"https:\/\/www.iesneiravilas.es\/arquivo\/wp-content\/uploads\/2014\/10\/despedida_claudiane_1-150x150.jpg\" class=\"attachment-thumbnail size-thumbnail\" alt=\"Despedida da alumna Claudiane da Silva\" aria-describedby=\"gallery-1-2650\" \/><\/a>\n\t\t\t<\/div>\n\t\t\t\t<figcaption class='wp-caption-text gallery-caption' id='gallery-1-2650'>\n\t\t\t\tDespedida da alumna Claudiane da Silva\n\t\t\t\t<\/figcaption><\/figure><figure class='gallery-item'>\n\t\t\t<div class='gallery-icon landscape'>\n\t\t\t\t<a href='https:\/\/www.iesneiravilas.es\/arquivo\/?attachment_id=2651'><img loading=\"lazy\" decoding=\"async\" width=\"150\" height=\"150\" src=\"https:\/\/www.iesneiravilas.es\/arquivo\/wp-content\/uploads\/2014\/10\/despedida_claudiane_2-150x150.jpg\" class=\"attachment-thumbnail size-thumbnail\" alt=\"Despedida da alumna Claudiane da Silva\" aria-describedby=\"gallery-1-2651\" \/><\/a>\n\t\t\t<\/div>\n\t\t\t\t<figcaption class='wp-caption-text gallery-caption' id='gallery-1-2651'>\n\t\t\t\tDespedida da alumna Claudiane da Silva\n\t\t\t\t<\/figcaption><\/figure>\n\t\t<\/div>\n\n","protected":false},"excerpt":{"rendered":"<p>Con motivo da partida \u00f3 seu pa\u00eds Brasil Claudiane foi homenxeada cunha cea sorpresa \u00e1 que asistiron profesores e os seus compa\u00f1eiros de cuarto curso. Despois na clase foille regalada unha camiseta coas fotos dos compa\u00f1eiros, se lle entregou outra tam\u00e9n \u00f3 seu irm\u00e1n Kaike, de primeiro curso. Desex\u00e1moslles moita sorte no novo centro educativo &hellip; <a href=\"https:\/\/www.iesneiravilas.es\/arquivo\/?p=2649\" class=\"more-link\">Seguir lendo <span class=\"screen-reader-text\">Despedida da alumna Claudiane da Silva<\/span> <span class=\"meta-nav\">&rarr;<\/span><\/a><\/p>\n","protected":false},"author":1,"featured_media":0,"comment_status":"closed","ping_status":"open","sticky":false,"template":"","format":"standard","meta":{"footnotes":""},"categories":[433,17,142,86,472,145],"tags":[23,388,595,322],"class_list":["post-2649","post","type-post","status-publish","format-standard","hentry","category-a-nosa-xente","category-actividades","category-curso","category-curso-2012-2013","category-outras","category-quen-fomos","tag-agustin-fernandez-gago","tag-carmen-garcia-rodeja","tag-claudiane-da-silva","tag-jesus-fernandez-llaneza"],"_links":{"self":[{"href":"https:\/\/www.iesneiravilas.es\/arquivo\/index.php?rest_route=\/wp\/v2\/posts\/2649","targetHints":{"allow":["GET"]}}],"collection":[{"href":"https:\/\/www.iesneiravilas.es\/arquivo\/index.php?rest_route=\/wp\/v2\/posts"}],"about":[{"href":"https:\/\/www.iesneiravilas.es\/arquivo\/index.php?rest_route=\/wp\/v2\/types\/post"}],"author":[{"embeddable":true,"href":"https:\/\/www.iesneiravilas.es\/arquivo\/index.php?rest_route=\/wp\/v2\/users\/1"}],"replies":[{"embeddable":true,"href":"https:\/\/www.iesneiravilas.es\/arquivo\/index.php?rest_route=%2Fwp%2Fv2%2Fcomments&post=2649"}],"version-history":[{"count":1,"href":"https:\/\/www.iesneiravilas.es\/arquivo\/index.php?rest_route=\/wp\/v2\/posts\/2649\/revisions"}],"predecessor-version":[{"id":2652,"href":"https:\/\/www.iesneiravilas.es\/arquivo\/index.php?rest_route=\/wp\/v2\/posts\/2649\/revisions\/2652"}],"wp:attachment":[{"href":"https:\/\/www.iesneiravilas.es\/arquivo\/index.php?rest_route=%2Fwp%2Fv2%2Fmedia&parent=2649"}],"wp:term":[{"taxonomy":"category","embeddable":true,"href":"https:\/\/www.iesneiravilas.es\/arquivo\/index.php?rest_route=%2Fwp%2Fv2%2Fcategories&post=2649"},{"taxonomy":"post_tag","embeddable":true,"href":"https:\/\/www.iesneiravilas.es\/arquivo\/index.php?rest_route=%2Fwp%2Fv2%2Ftags&post=2649"}],"curies":[{"name":"wp","href":"https:\/\/api.w.org\/{rel}","templated":true}]}}