{"id":2653,"date":"2012-12-22T19:26:41","date_gmt":"2012-12-22T17:26:41","guid":{"rendered":"http:\/\/www.iesneiravilas.es\/arquivo\/?p=2653"},"modified":"2014-10-20T19:30:36","modified_gmt":"2014-10-20T17:30:36","slug":"concerto-de-nadal","status":"publish","type":"post","link":"https:\/\/www.iesneiravilas.es\/arquivo\/?p=2653","title":{"rendered":"Concerto de Nadal"},"content":{"rendered":"<p>Como clausura do primeiro trimestre do curso, o d\u00eda 21 de decembro o alumnado de 2\u00ba e 3\u00ba de ESO asiste a un concerto do Tr\u00edo As Lens no Auditorio Garc\u00eda M\u00e1rquez de Mera. O contido do concerto foi a fusi\u00f3n de instrumentos ac\u00fasticos como o viol\u00edn, violoncello, piano, percusi\u00f3n e voz coa tecnolox\u00eda tipo smatphone, ipad e pedais de efectos sobre composici\u00f3n que van de Bethoven e Mozart a Colplay, Queen e Police.<\/p>\n<p>Este concerto estivo organizado polo Concello de Oleiros.<\/p>\n","protected":false},"excerpt":{"rendered":"<p>Como clausura do primeiro trimestre do curso, o d\u00eda 21 de decembro o alumnado de 2\u00ba e 3\u00ba de ESO asiste a un concerto do Tr\u00edo As Lens no Auditorio Garc\u00eda M\u00e1rquez de Mera. O contido do concerto foi a fusi\u00f3n de instrumentos ac\u00fasticos como o viol\u00edn, violoncello, piano, percusi\u00f3n e voz coa tecnolox\u00eda tipo &hellip; <a href=\"https:\/\/www.iesneiravilas.es\/arquivo\/?p=2653\" class=\"more-link\">Seguir lendo <span class=\"screen-reader-text\">Concerto de Nadal<\/span> <span class=\"meta-nav\">&rarr;<\/span><\/a><\/p>\n","protected":false},"author":1,"featured_media":0,"comment_status":"closed","ping_status":"open","sticky":false,"template":"","format":"standard","meta":{"footnotes":""},"categories":[17,142,86,472],"tags":[],"class_list":["post-2653","post","type-post","status-publish","format-standard","hentry","category-actividades","category-curso","category-curso-2012-2013","category-outras"],"_links":{"self":[{"href":"https:\/\/www.iesneiravilas.es\/arquivo\/index.php?rest_route=\/wp\/v2\/posts\/2653","targetHints":{"allow":["GET"]}}],"collection":[{"href":"https:\/\/www.iesneiravilas.es\/arquivo\/index.php?rest_route=\/wp\/v2\/posts"}],"about":[{"href":"https:\/\/www.iesneiravilas.es\/arquivo\/index.php?rest_route=\/wp\/v2\/types\/post"}],"author":[{"embeddable":true,"href":"https:\/\/www.iesneiravilas.es\/arquivo\/index.php?rest_route=\/wp\/v2\/users\/1"}],"replies":[{"embeddable":true,"href":"https:\/\/www.iesneiravilas.es\/arquivo\/index.php?rest_route=%2Fwp%2Fv2%2Fcomments&post=2653"}],"version-history":[{"count":1,"href":"https:\/\/www.iesneiravilas.es\/arquivo\/index.php?rest_route=\/wp\/v2\/posts\/2653\/revisions"}],"predecessor-version":[{"id":2654,"href":"https:\/\/www.iesneiravilas.es\/arquivo\/index.php?rest_route=\/wp\/v2\/posts\/2653\/revisions\/2654"}],"wp:attachment":[{"href":"https:\/\/www.iesneiravilas.es\/arquivo\/index.php?rest_route=%2Fwp%2Fv2%2Fmedia&parent=2653"}],"wp:term":[{"taxonomy":"category","embeddable":true,"href":"https:\/\/www.iesneiravilas.es\/arquivo\/index.php?rest_route=%2Fwp%2Fv2%2Fcategories&post=2653"},{"taxonomy":"post_tag","embeddable":true,"href":"https:\/\/www.iesneiravilas.es\/arquivo\/index.php?rest_route=%2Fwp%2Fv2%2Ftags&post=2653"}],"curies":[{"name":"wp","href":"https:\/\/api.w.org\/{rel}","templated":true}]}}