{"id":2689,"date":"1989-05-24T18:00:03","date_gmt":"1989-05-24T16:00:03","guid":{"rendered":"http:\/\/www.iesneiravilas.es\/arquivo\/?p=2689"},"modified":"2014-10-24T18:26:03","modified_gmt":"2014-10-24T16:26:03","slug":"inauguracion","status":"publish","type":"post","link":"https:\/\/www.iesneiravilas.es\/arquivo\/?p=2689","title":{"rendered":"Inauguraci\u00f3n"},"content":{"rendered":"<p>Asistir\u00f3n \u00e1 inauguraci\u00f3n o Primeiro Director Jos\u00e9 Ram\u00f3n L\u00f3pez Mart\u00edn, o Presidente da Xunta de Galicia, Fernando Gonz\u00e1lez Laxe, o Concelleiro de Educaci\u00f3n da Xunta, Aniceto N\u00fa\u00f1ez Garc\u00eda, O Alcalde de Oleiros, \u00c1ngel Garc\u00eda Seoane, O delegado do Goberno en Galicia, Domingo Garc\u00eda Sabell e o escritor Xos\u00e9 Neira Vilas entre outas persoas.<\/p>\n<div id='gallery-1' class='gallery galleryid-2689 gallery-columns-3 gallery-size-thumbnail'><figure class='gallery-item'>\n\t\t\t<div class='gallery-icon landscape'>\n\t\t\t\t<a href='https:\/\/www.iesneiravilas.es\/arquivo\/?attachment_id=2690'><img loading=\"lazy\" decoding=\"async\" width=\"150\" height=\"150\" src=\"https:\/\/www.iesneiravilas.es\/arquivo\/wp-content\/uploads\/2014\/10\/1-150x150.jpg\" class=\"attachment-thumbnail size-thumbnail\" alt=\"Presidente da Xunta de Galicia, Fernando Gonz\u00e1lez Laxe axudado polo Alcalde de Oleiros \u00e1ngel Garc\u00eda Seoane corta a cinta inaugural\" aria-describedby=\"gallery-1-2690\" \/><\/a>\n\t\t\t<\/div>\n\t\t\t\t<figcaption class='wp-caption-text gallery-caption' id='gallery-1-2690'>\n\t\t\t\tPresidente da Xunta de Galicia, Fernando Gonz\u00e1lez Laxe axudado polo Alcalde de Oleiros \u00e1ngel Garc\u00eda Seoane corta a cinta inaugural\n\t\t\t\t<\/figcaption><\/figure><figure class='gallery-item'>\n\t\t\t<div class='gallery-icon landscape'>\n\t\t\t\t<a href='https:\/\/www.iesneiravilas.es\/arquivo\/?attachment_id=2691'><img loading=\"lazy\" decoding=\"async\" width=\"150\" height=\"150\" src=\"https:\/\/www.iesneiravilas.es\/arquivo\/wp-content\/uploads\/2014\/10\/2-150x150.jpg\" class=\"attachment-thumbnail size-thumbnail\" alt=\"Inauguraci\u00f3n do centro\" aria-describedby=\"gallery-1-2691\" \/><\/a>\n\t\t\t<\/div>\n\t\t\t\t<figcaption class='wp-caption-text gallery-caption' id='gallery-1-2691'>\n\t\t\t\tInauguraci\u00f3n do centro\n\t\t\t\t<\/figcaption><\/figure><figure class='gallery-item'>\n\t\t\t<div class='gallery-icon portrait'>\n\t\t\t\t<a href='https:\/\/www.iesneiravilas.es\/arquivo\/?attachment_id=2692'><img loading=\"lazy\" decoding=\"async\" width=\"150\" height=\"150\" src=\"https:\/\/www.iesneiravilas.es\/arquivo\/wp-content\/uploads\/2014\/10\/3-150x150.jpg\" class=\"attachment-thumbnail size-thumbnail\" alt=\"Inauguraci\u00f3n do centro\" aria-describedby=\"gallery-1-2692\" \/><\/a>\n\t\t\t<\/div>\n\t\t\t\t<figcaption class='wp-caption-text gallery-caption' id='gallery-1-2692'>\n\t\t\t\tInauguraci\u00f3n do centro\n\t\t\t\t<\/figcaption><\/figure><figure class='gallery-item'>\n\t\t\t<div class='gallery-icon landscape'>\n\t\t\t\t<a href='https:\/\/www.iesneiravilas.es\/arquivo\/?attachment_id=2693'><img loading=\"lazy\" decoding=\"async\" width=\"150\" height=\"150\" src=\"https:\/\/www.iesneiravilas.es\/arquivo\/wp-content\/uploads\/2014\/10\/4-150x150.jpg\" class=\"attachment-thumbnail size-thumbnail\" alt=\"Inauguraci\u00f3n do centro\" aria-describedby=\"gallery-1-2693\" \/><\/a>\n\t\t\t<\/div>\n\t\t\t\t<figcaption class='wp-caption-text gallery-caption' id='gallery-1-2693'>\n\t\t\t\tInauguraci\u00f3n do centro\n\t\t\t\t<\/figcaption><\/figure><figure class='gallery-item'>\n\t\t\t<div class='gallery-icon landscape'>\n\t\t\t\t<a href='https:\/\/www.iesneiravilas.es\/arquivo\/?attachment_id=2694'><img loading=\"lazy\" decoding=\"async\" width=\"150\" height=\"150\" src=\"https:\/\/www.iesneiravilas.es\/arquivo\/wp-content\/uploads\/2014\/10\/5-150x150.jpg\" class=\"attachment-thumbnail size-thumbnail\" alt=\"Inauguraci\u00f3n do centro\" aria-describedby=\"gallery-1-2694\" \/><\/a>\n\t\t\t<\/div>\n\t\t\t\t<figcaption class='wp-caption-text gallery-caption' id='gallery-1-2694'>\n\t\t\t\tInauguraci\u00f3n do centro\n\t\t\t\t<\/figcaption><\/figure><figure class='gallery-item'>\n\t\t\t<div class='gallery-icon landscape'>\n\t\t\t\t<a href='https:\/\/www.iesneiravilas.es\/arquivo\/?attachment_id=2695'><img loading=\"lazy\" decoding=\"async\" width=\"150\" height=\"150\" src=\"https:\/\/www.iesneiravilas.es\/arquivo\/wp-content\/uploads\/2014\/10\/6-150x150.jpg\" class=\"attachment-thumbnail size-thumbnail\" alt=\"Inauguraci\u00f3n do centro\" aria-describedby=\"gallery-1-2695\" \/><\/a>\n\t\t\t<\/div>\n\t\t\t\t<figcaption class='wp-caption-text gallery-caption' id='gallery-1-2695'>\n\t\t\t\tInauguraci\u00f3n do centro\n\t\t\t\t<\/figcaption><\/figure><figure class='gallery-item'>\n\t\t\t<div class='gallery-icon landscape'>\n\t\t\t\t<a href='https:\/\/www.iesneiravilas.es\/arquivo\/?attachment_id=2696'><img loading=\"lazy\" decoding=\"async\" width=\"150\" height=\"150\" src=\"https:\/\/www.iesneiravilas.es\/arquivo\/wp-content\/uploads\/2014\/10\/7-150x150.jpg\" class=\"attachment-thumbnail size-thumbnail\" alt=\"Inauguraci\u00f3n do centro\" aria-describedby=\"gallery-1-2696\" \/><\/a>\n\t\t\t<\/div>\n\t\t\t\t<figcaption class='wp-caption-text gallery-caption' id='gallery-1-2696'>\n\t\t\t\tInauguraci\u00f3n do centro\n\t\t\t\t<\/figcaption><\/figure><figure class='gallery-item'>\n\t\t\t<div class='gallery-icon landscape'>\n\t\t\t\t<a href='https:\/\/www.iesneiravilas.es\/arquivo\/?attachment_id=2697'><img loading=\"lazy\" decoding=\"async\" width=\"150\" height=\"150\" src=\"https:\/\/www.iesneiravilas.es\/arquivo\/wp-content\/uploads\/2014\/10\/8-150x150.jpg\" class=\"attachment-thumbnail size-thumbnail\" alt=\"O primer director do centro Jos\u00e9 Ram\u00f3n L\u00f3pez Mart\u00edn\" aria-describedby=\"gallery-1-2697\" \/><\/a>\n\t\t\t<\/div>\n\t\t\t\t<figcaption class='wp-caption-text gallery-caption' id='gallery-1-2697'>\n\t\t\t\tO primer director do centro Jos\u00e9 Ram\u00f3n L\u00f3pez Mart\u00edn\n\t\t\t\t<\/figcaption><\/figure><figure class='gallery-item'>\n\t\t\t<div class='gallery-icon landscape'>\n\t\t\t\t<a href='https:\/\/www.iesneiravilas.es\/arquivo\/?attachment_id=2698'><img loading=\"lazy\" decoding=\"async\" width=\"150\" height=\"150\" src=\"https:\/\/www.iesneiravilas.es\/arquivo\/wp-content\/uploads\/2014\/10\/9-150x150.jpg\" class=\"attachment-thumbnail size-thumbnail\" alt=\"Inauguraci\u00f3n do centro\" aria-describedby=\"gallery-1-2698\" \/><\/a>\n\t\t\t<\/div>\n\t\t\t\t<figcaption class='wp-caption-text gallery-caption' id='gallery-1-2698'>\n\t\t\t\tInauguraci\u00f3n do centro\n\t\t\t\t<\/figcaption><\/figure><figure class='gallery-item'>\n\t\t\t<div class='gallery-icon landscape'>\n\t\t\t\t<a href='https:\/\/www.iesneiravilas.es\/arquivo\/?attachment_id=2699'><img loading=\"lazy\" decoding=\"async\" width=\"150\" height=\"150\" src=\"https:\/\/www.iesneiravilas.es\/arquivo\/wp-content\/uploads\/2014\/10\/10-150x150.jpg\" class=\"attachment-thumbnail size-thumbnail\" alt=\"Xos\u00e9 Neira Vilas e a s\u00faa dona Anisia Miranda\" aria-describedby=\"gallery-1-2699\" \/><\/a>\n\t\t\t<\/div>\n\t\t\t\t<figcaption class='wp-caption-text gallery-caption' id='gallery-1-2699'>\n\t\t\t\tXos\u00e9 Neira Vilas e a s\u00faa dona Anisia Miranda\n\t\t\t\t<\/figcaption><\/figure><figure class='gallery-item'>\n\t\t\t<div class='gallery-icon landscape'>\n\t\t\t\t<a href='https:\/\/www.iesneiravilas.es\/arquivo\/?attachment_id=2700'><img loading=\"lazy\" decoding=\"async\" width=\"150\" height=\"150\" src=\"https:\/\/www.iesneiravilas.es\/arquivo\/wp-content\/uploads\/2014\/10\/11-150x150.jpg\" class=\"attachment-thumbnail size-thumbnail\" alt=\"Inauguraci\u00f3n do centro\" aria-describedby=\"gallery-1-2700\" \/><\/a>\n\t\t\t<\/div>\n\t\t\t\t<figcaption class='wp-caption-text gallery-caption' id='gallery-1-2700'>\n\t\t\t\tInauguraci\u00f3n do centro\n\t\t\t\t<\/figcaption><\/figure><figure class='gallery-item'>\n\t\t\t<div class='gallery-icon landscape'>\n\t\t\t\t<a href='https:\/\/www.iesneiravilas.es\/arquivo\/?attachment_id=2701'><img loading=\"lazy\" decoding=\"async\" width=\"150\" height=\"150\" src=\"https:\/\/www.iesneiravilas.es\/arquivo\/wp-content\/uploads\/2014\/10\/12-150x150.jpg\" class=\"attachment-thumbnail size-thumbnail\" alt=\"O primeiro alumnado do centro\" aria-describedby=\"gallery-1-2701\" \/><\/a>\n\t\t\t<\/div>\n\t\t\t\t<figcaption class='wp-caption-text gallery-caption' id='gallery-1-2701'>\n\t\t\t\tO primeiro alumnado do centro\n\t\t\t\t<\/figcaption><\/figure><figure class='gallery-item'>\n\t\t\t<div class='gallery-icon landscape'>\n\t\t\t\t<a href='https:\/\/www.iesneiravilas.es\/arquivo\/?attachment_id=2702'><img loading=\"lazy\" decoding=\"async\" width=\"150\" height=\"150\" src=\"https:\/\/www.iesneiravilas.es\/arquivo\/wp-content\/uploads\/2014\/10\/13-150x150.jpg\" class=\"attachment-thumbnail size-thumbnail\" alt=\"Inauguraci\u00f3n do centro\" aria-describedby=\"gallery-1-2702\" \/><\/a>\n\t\t\t<\/div>\n\t\t\t\t<figcaption class='wp-caption-text gallery-caption' id='gallery-1-2702'>\n\t\t\t\tInauguraci\u00f3n do centro\n\t\t\t\t<\/figcaption><\/figure><figure class='gallery-item'>\n\t\t\t<div class='gallery-icon landscape'>\n\t\t\t\t<a href='https:\/\/www.iesneiravilas.es\/arquivo\/?attachment_id=2703'><img loading=\"lazy\" decoding=\"async\" width=\"150\" height=\"150\" src=\"https:\/\/www.iesneiravilas.es\/arquivo\/wp-content\/uploads\/2014\/10\/14-150x150.jpg\" class=\"attachment-thumbnail size-thumbnail\" alt=\"O primeiro Equipo Docente\" aria-describedby=\"gallery-1-2703\" \/><\/a>\n\t\t\t<\/div>\n\t\t\t\t<figcaption class='wp-caption-text gallery-caption' id='gallery-1-2703'>\n\t\t\t\tO primeiro Equipo Docente\n\t\t\t\t<\/figcaption><\/figure><figure class='gallery-item'>\n\t\t\t<div class='gallery-icon portrait'>\n\t\t\t\t<a href='https:\/\/www.iesneiravilas.es\/arquivo\/?attachment_id=2704'><img loading=\"lazy\" decoding=\"async\" width=\"150\" height=\"150\" src=\"https:\/\/www.iesneiravilas.es\/arquivo\/wp-content\/uploads\/2014\/10\/15-150x150.jpg\" class=\"attachment-thumbnail size-thumbnail\" alt=\"A estaua de Paco Pestana no primeiro andar\" aria-describedby=\"gallery-1-2704\" \/><\/a>\n\t\t\t<\/div>\n\t\t\t\t<figcaption class='wp-caption-text gallery-caption' id='gallery-1-2704'>\n\t\t\t\tA estaua de Pestana no primeiro andar\n\t\t\t\t<\/figcaption><\/figure>\n\t\t<\/div>\n\n","protected":false},"excerpt":{"rendered":"<p>Asistir\u00f3n \u00e1 inauguraci\u00f3n o Primeiro Director Jos\u00e9 Ram\u00f3n L\u00f3pez Mart\u00edn, o Presidente da Xunta de Galicia, Fernando Gonz\u00e1lez Laxe, o Concelleiro de Educaci\u00f3n da Xunta, Aniceto N\u00fa\u00f1ez Garc\u00eda, O Alcalde de Oleiros, \u00c1ngel Garc\u00eda Seoane, O delegado do Goberno en Galicia, Domingo Garc\u00eda Sabell e o escritor Xos\u00e9 Neira Vilas entre outas persoas.<\/p>\n","protected":false},"author":1,"featured_media":0,"comment_status":"closed","ping_status":"open","sticky":false,"template":"","format":"standard","meta":{"footnotes":""},"categories":[485,145],"tags":[27,625,626,26,624,28],"class_list":["post-2689","post","type-post","status-publish","format-standard","hentry","category-curso-1989-1990","category-quen-fomos","tag-angel-garcia-seoane","tag-aniceto-nunez-garcia","tag-domingo-garcia-sabell","tag-fernando-gonzalez-laxe","tag-jose-ramon-lopez-martin","tag-xose-neira-vilas"],"_links":{"self":[{"href":"https:\/\/www.iesneiravilas.es\/arquivo\/index.php?rest_route=\/wp\/v2\/posts\/2689","targetHints":{"allow":["GET"]}}],"collection":[{"href":"https:\/\/www.iesneiravilas.es\/arquivo\/index.php?rest_route=\/wp\/v2\/posts"}],"about":[{"href":"https:\/\/www.iesneiravilas.es\/arquivo\/index.php?rest_route=\/wp\/v2\/types\/post"}],"author":[{"embeddable":true,"href":"https:\/\/www.iesneiravilas.es\/arquivo\/index.php?rest_route=\/wp\/v2\/users\/1"}],"replies":[{"embeddable":true,"href":"https:\/\/www.iesneiravilas.es\/arquivo\/index.php?rest_route=%2Fwp%2Fv2%2Fcomments&post=2689"}],"version-history":[{"count":1,"href":"https:\/\/www.iesneiravilas.es\/arquivo\/index.php?rest_route=\/wp\/v2\/posts\/2689\/revisions"}],"predecessor-version":[{"id":2705,"href":"https:\/\/www.iesneiravilas.es\/arquivo\/index.php?rest_route=\/wp\/v2\/posts\/2689\/revisions\/2705"}],"wp:attachment":[{"href":"https:\/\/www.iesneiravilas.es\/arquivo\/index.php?rest_route=%2Fwp%2Fv2%2Fmedia&parent=2689"}],"wp:term":[{"taxonomy":"category","embeddable":true,"href":"https:\/\/www.iesneiravilas.es\/arquivo\/index.php?rest_route=%2Fwp%2Fv2%2Fcategories&post=2689"},{"taxonomy":"post_tag","embeddable":true,"href":"https:\/\/www.iesneiravilas.es\/arquivo\/index.php?rest_route=%2Fwp%2Fv2%2Ftags&post=2689"}],"curies":[{"name":"wp","href":"https:\/\/api.w.org\/{rel}","templated":true}]}}