{"id":2739,"date":"2014-10-08T22:23:47","date_gmt":"2014-10-08T20:23:47","guid":{"rendered":"http:\/\/iesneiravilas.es\/?p=908"},"modified":"2015-09-26T13:17:35","modified_gmt":"2015-09-26T11:17:35","slug":"uso-seguro-e-saludable-das-novas-tecnoloxias","status":"publish","type":"post","link":"https:\/\/www.iesneiravilas.es\/arquivo\/?p=2739","title":{"rendered":"Uso seguro e saudable das novas tecnolox\u00edas"},"content":{"rendered":"<figure id=\"attachment_905\" aria-describedby=\"caption-attachment-905\" style=\"width: 300px\" class=\"wp-caption alignleft\"><a href=\"http:\/\/iesneiravilas.es\/wp-content\/uploads\/2014\/09\/Uso_seguro_e_saudable_das_-novas_tecnoloxias.png\"><img loading=\"lazy\" decoding=\"async\" class=\"size-medium wp-image-905\" src=\"http:\/\/iesneiravilas.es\/wp-content\/uploads\/2014\/09\/Uso_seguro_e_saudable_das_-novas_tecnoloxias-300x233.png\" alt=\"Uso seguro e saudable das novas tecnolox\u00edas\" width=\"300\" height=\"233\" \/><\/a><figcaption id=\"caption-attachment-905\" class=\"wp-caption-text\">Uso seguro e saudable das novas tecnolox\u00edas<\/figcaption><\/figure>\n<p>O Ministerio do Interior, a trav\u00e9s do Corpo da Garda Civil, \u00a0e dentro do PLAN DE CONVIVENCIA E MELLORA DA SEGURIDADE ESCOLAR imparte unha serie de charlas dirixidas \u00e1s familias e alumnado. O calendario de actuaci\u00f3ns no noso Centro \u00e9 o que se recolle no\u00a0<a href=\"http:\/\/iesneiravilas.es\/wp-content\/uploads\/2014\/09\/Uso_seguro_e_saudable_das_-novas_tecnoloxias.pdf\">cartel<\/a>.<\/p>\n","protected":false},"excerpt":{"rendered":"<p>O Ministerio do Interior, a trav\u00e9s do Corpo da Garda Civil, \u00a0e dentro do PLAN DE CONVIVENCIA E MELLORA DA SEGURIDADE ESCOLAR imparte unha serie de charlas dirixidas \u00e1s familias e alumnado. O calendario de actuaci\u00f3ns no noso Centro \u00e9 o que se recolle no\u00a0cartel.<\/p>\n","protected":false},"author":1,"featured_media":0,"comment_status":"open","ping_status":"open","sticky":false,"template":"","format":"standard","meta":{"footnotes":""},"categories":[17,706,630],"tags":[],"class_list":["post-2739","post","type-post","status-publish","format-standard","hentry","category-actividades","category-curso-2014-2015","category-vicedireccion"],"_links":{"self":[{"href":"https:\/\/www.iesneiravilas.es\/arquivo\/index.php?rest_route=\/wp\/v2\/posts\/2739","targetHints":{"allow":["GET"]}}],"collection":[{"href":"https:\/\/www.iesneiravilas.es\/arquivo\/index.php?rest_route=\/wp\/v2\/posts"}],"about":[{"href":"https:\/\/www.iesneiravilas.es\/arquivo\/index.php?rest_route=\/wp\/v2\/types\/post"}],"author":[{"embeddable":true,"href":"https:\/\/www.iesneiravilas.es\/arquivo\/index.php?rest_route=\/wp\/v2\/users\/1"}],"replies":[{"embeddable":true,"href":"https:\/\/www.iesneiravilas.es\/arquivo\/index.php?rest_route=%2Fwp%2Fv2%2Fcomments&post=2739"}],"version-history":[{"count":1,"href":"https:\/\/www.iesneiravilas.es\/arquivo\/index.php?rest_route=\/wp\/v2\/posts\/2739\/revisions"}],"predecessor-version":[{"id":2840,"href":"https:\/\/www.iesneiravilas.es\/arquivo\/index.php?rest_route=\/wp\/v2\/posts\/2739\/revisions\/2840"}],"wp:attachment":[{"href":"https:\/\/www.iesneiravilas.es\/arquivo\/index.php?rest_route=%2Fwp%2Fv2%2Fmedia&parent=2739"}],"wp:term":[{"taxonomy":"category","embeddable":true,"href":"https:\/\/www.iesneiravilas.es\/arquivo\/index.php?rest_route=%2Fwp%2Fv2%2Fcategories&post=2739"},{"taxonomy":"post_tag","embeddable":true,"href":"https:\/\/www.iesneiravilas.es\/arquivo\/index.php?rest_route=%2Fwp%2Fv2%2Ftags&post=2739"}],"curies":[{"name":"wp","href":"https:\/\/api.w.org\/{rel}","templated":true}]}}