{"id":2740,"date":"2014-11-08T17:26:16","date_gmt":"2014-11-08T16:26:16","guid":{"rendered":"http:\/\/iesneiravilas.es\/?p=938"},"modified":"2015-09-26T13:17:35","modified_gmt":"2015-09-26T11:17:35","slug":"curso-residencial-en-ingles-para-alumnado-de-3o-da-eso","status":"publish","type":"post","link":"https:\/\/www.iesneiravilas.es\/arquivo\/?p=2740","title":{"rendered":"Curso residencial en Ingl\u00e9s para alumnado de 3\u00ba da ESO"},"content":{"rendered":"<figure id=\"attachment_936\" aria-describedby=\"caption-attachment-936\" style=\"width: 300px\" class=\"wp-caption alignleft\"><a href=\"http:\/\/iesneiravilas.es\/wp-content\/uploads\/2014\/09\/aldea_fenosa.png\"><img loading=\"lazy\" decoding=\"async\" class=\"size-medium wp-image-936\" src=\"http:\/\/iesneiravilas.es\/wp-content\/uploads\/2014\/09\/aldea_fenosa-300x159.png\" alt=\"Aldea Gas Natiural nos Peares\" width=\"300\" height=\"159\" \/><\/a><figcaption id=\"caption-attachment-936\" class=\"wp-caption-text\">Aldea Gas Natural Fenosa nos Peares<\/figcaption><\/figure>\n<p>O IESP Xos\u00e9 Neira Vilas participa este curso por primeira vez no Programa de Cursos Residencias de Inmersi\u00f3n en Ingl\u00e9s organizados pola Conseller\u00eda de Cultura, Educaci\u00f3n e Ordenaci\u00f3n Universitaria coa incorporaci\u00f3n aos mesmos de 25 alumnos e alumnas de 3\u00ba da ESO.<br \/>\nEste programa est\u00e1 dese\u00f1ado para estudantes que pos\u00faen un co\u00f1ecemento de ingl\u00e9s e que necesitan perfeccionar tanto a fluidez verbal como a comprensi\u00f3n auditiva. Os participantes recibir\u00e1n cinco horas de clase de luns a venres e realizar\u00e1n actividades nas que far\u00e1n uso do ingl\u00e9s en situaci\u00f3ns comunicativas reais, todo nun ambiente angloparlante na li\u00f1a dos programas que Play &amp; Say ven levando a cabo desde hai moitos anos.<br \/>\nO curso ter\u00e1 lugar nas instalaci\u00f3ns da aldea que Gas Natural Fenosa ten en Os Peares (Lugo), do 23 ao 29 de novembro. As familias dos participantes non ter\u00e1n que abonar directamente ningunha cantidade polo mesmo nin polo aloxamento e manutenci\u00f3n, sendo pola s\u00faa conta s\u00f3 os traslados.<br \/>\nPode ver a <a href=\"http:\/\/iesneiravilas.es\/wp-content\/uploads\/2014\/09\/briefing_3_eso.pdf\">documentaci\u00f3n de presentaci\u00f3n do curso <\/a>con informaci\u00f3n sobre o contido do mesmo e as normas de funcionamento (men\u00fas, equipaci\u00f3n persoal, urxencias, sitio web, &#8230;).<\/p>\n","protected":false},"excerpt":{"rendered":"<p>O IESP Xos\u00e9 Neira Vilas participa este curso por primeira vez no Programa de Cursos Residencias de Inmersi\u00f3n en Ingl\u00e9s organizados pola Conseller\u00eda de Cultura, Educaci\u00f3n e Ordenaci\u00f3n Universitaria coa incorporaci\u00f3n aos mesmos de 25 alumnos e alumnas de 3\u00ba da ESO. Este programa est\u00e1 dese\u00f1ado para estudantes que pos\u00faen un co\u00f1ecemento de ingl\u00e9s e &hellip; <a href=\"https:\/\/www.iesneiravilas.es\/arquivo\/?p=2740\" class=\"more-link\">Seguir lendo <span class=\"screen-reader-text\">Curso residencial en Ingl\u00e9s para alumnado de 3\u00ba da ESO<\/span> <span class=\"meta-nav\">&rarr;<\/span><\/a><\/p>\n","protected":false},"author":1,"featured_media":0,"comment_status":"open","ping_status":"open","sticky":false,"template":"","format":"standard","meta":{"footnotes":""},"categories":[17,706,634,635],"tags":[633,636,637],"class_list":["post-2740","post","type-post","status-publish","format-standard","hentry","category-actividades","category-curso-2014-2015","category-departamento-de-ingles","category-departamentos","tag-3o-eso","tag-inmersion-linguistica","tag-os-peares"],"_links":{"self":[{"href":"https:\/\/www.iesneiravilas.es\/arquivo\/index.php?rest_route=\/wp\/v2\/posts\/2740","targetHints":{"allow":["GET"]}}],"collection":[{"href":"https:\/\/www.iesneiravilas.es\/arquivo\/index.php?rest_route=\/wp\/v2\/posts"}],"about":[{"href":"https:\/\/www.iesneiravilas.es\/arquivo\/index.php?rest_route=\/wp\/v2\/types\/post"}],"author":[{"embeddable":true,"href":"https:\/\/www.iesneiravilas.es\/arquivo\/index.php?rest_route=\/wp\/v2\/users\/1"}],"replies":[{"embeddable":true,"href":"https:\/\/www.iesneiravilas.es\/arquivo\/index.php?rest_route=%2Fwp%2Fv2%2Fcomments&post=2740"}],"version-history":[{"count":1,"href":"https:\/\/www.iesneiravilas.es\/arquivo\/index.php?rest_route=\/wp\/v2\/posts\/2740\/revisions"}],"predecessor-version":[{"id":2836,"href":"https:\/\/www.iesneiravilas.es\/arquivo\/index.php?rest_route=\/wp\/v2\/posts\/2740\/revisions\/2836"}],"wp:attachment":[{"href":"https:\/\/www.iesneiravilas.es\/arquivo\/index.php?rest_route=%2Fwp%2Fv2%2Fmedia&parent=2740"}],"wp:term":[{"taxonomy":"category","embeddable":true,"href":"https:\/\/www.iesneiravilas.es\/arquivo\/index.php?rest_route=%2Fwp%2Fv2%2Fcategories&post=2740"},{"taxonomy":"post_tag","embeddable":true,"href":"https:\/\/www.iesneiravilas.es\/arquivo\/index.php?rest_route=%2Fwp%2Fv2%2Ftags&post=2740"}],"curies":[{"name":"wp","href":"https:\/\/api.w.org\/{rel}","templated":true}]}}