{"id":2742,"date":"2014-11-18T09:07:29","date_gmt":"2014-11-18T08:07:29","guid":{"rendered":"http:\/\/iesneiravilas.es\/?p=961"},"modified":"2015-09-26T13:17:35","modified_gmt":"2015-09-26T11:17:35","slug":"hora-de-ler","status":"publish","type":"post","link":"https:\/\/www.iesneiravilas.es\/arquivo\/?p=2742","title":{"rendered":"Hora de ler"},"content":{"rendered":"<figure id=\"attachment_977\" aria-describedby=\"caption-attachment-977\" style=\"width: 300px\" class=\"wp-caption alignleft\"><a href=\"http:\/\/iesneiravilas.es\/wp-content\/uploads\/2014\/11\/toca_ler_web.jpg\"><img loading=\"lazy\" decoding=\"async\" class=\"wp-image-977 size-medium\" src=\"http:\/\/iesneiravilas.es\/wp-content\/uploads\/2014\/11\/toca_ler_web-300x212.jpg\" alt=\"Toca Ler\" width=\"300\" height=\"212\" \/><\/a><figcaption id=\"caption-attachment-977\" class=\"wp-caption-text\">Toca Ler<\/figcaption><\/figure>\n<p>Por segundo curso consecutivo ponse en marcha no noso centro esta actividade coa que se pretende ampliar o interese pola lectura na nosa comunidade educativa con vinte minutos de lectura cada d\u00eda nos que cada un poder\u00e1 ler o libro que m\u00e1is lle interese.<\/p>\n<p>A hora seguir\u00e1 sendo rotatoria por semanas entre as seis sesi\u00f3ns de cada xornada cun <a href=\"http:\/\/iesneiravilas.es\/wp-content\/uploads\/2014\/11\/calendario_14_15.pdf\">calendario preestablecido<\/a>. A lectura \u00e9 individual e silenciosa no espazo que corresponda e co profesor que imparta clase nesa sesi\u00f3n. Cada alumno e alumna da ESO deber\u00e1 ter consigo un libro para ler nese momento e se non disp\u00f3n del seralle asignado polo profesor que est\u00e9 a cargo do grupo nese intre.<\/p>\n<p>Dadas as boas valoraci\u00f3ns recibidas por esta experiencia o curso pasado e a alta implicaci\u00f3n de toda a comunidade educativa na mesma, conf\u00edase en conseguir que a lectura pase a ser un dos eixos fundamentais da nosa actividade.<\/p>\n","protected":false},"excerpt":{"rendered":"<p>Por segundo curso consecutivo ponse en marcha no noso centro esta actividade coa que se pretende ampliar o interese pola lectura na nosa comunidade educativa con vinte minutos de lectura cada d\u00eda nos que cada un poder\u00e1 ler o libro que m\u00e1is lle interese. A hora seguir\u00e1 sendo rotatoria por semanas entre as seis sesi\u00f3ns &hellip; <a href=\"https:\/\/www.iesneiravilas.es\/arquivo\/?p=2742\" class=\"more-link\">Seguir lendo <span class=\"screen-reader-text\">Hora de ler<\/span> <span class=\"meta-nav\">&rarr;<\/span><\/a><\/p>\n","protected":false},"author":1,"featured_media":0,"comment_status":"open","ping_status":"open","sticky":false,"template":"","format":"standard","meta":{"footnotes":""},"categories":[17,706],"tags":[639],"class_list":["post-2742","post","type-post","status-publish","format-standard","hentry","category-actividades","category-curso-2014-2015","tag-biblioteca"],"_links":{"self":[{"href":"https:\/\/www.iesneiravilas.es\/arquivo\/index.php?rest_route=\/wp\/v2\/posts\/2742","targetHints":{"allow":["GET"]}}],"collection":[{"href":"https:\/\/www.iesneiravilas.es\/arquivo\/index.php?rest_route=\/wp\/v2\/posts"}],"about":[{"href":"https:\/\/www.iesneiravilas.es\/arquivo\/index.php?rest_route=\/wp\/v2\/types\/post"}],"author":[{"embeddable":true,"href":"https:\/\/www.iesneiravilas.es\/arquivo\/index.php?rest_route=\/wp\/v2\/users\/1"}],"replies":[{"embeddable":true,"href":"https:\/\/www.iesneiravilas.es\/arquivo\/index.php?rest_route=%2Fwp%2Fv2%2Fcomments&post=2742"}],"version-history":[{"count":1,"href":"https:\/\/www.iesneiravilas.es\/arquivo\/index.php?rest_route=\/wp\/v2\/posts\/2742\/revisions"}],"predecessor-version":[{"id":2834,"href":"https:\/\/www.iesneiravilas.es\/arquivo\/index.php?rest_route=\/wp\/v2\/posts\/2742\/revisions\/2834"}],"wp:attachment":[{"href":"https:\/\/www.iesneiravilas.es\/arquivo\/index.php?rest_route=%2Fwp%2Fv2%2Fmedia&parent=2742"}],"wp:term":[{"taxonomy":"category","embeddable":true,"href":"https:\/\/www.iesneiravilas.es\/arquivo\/index.php?rest_route=%2Fwp%2Fv2%2Fcategories&post=2742"},{"taxonomy":"post_tag","embeddable":true,"href":"https:\/\/www.iesneiravilas.es\/arquivo\/index.php?rest_route=%2Fwp%2Fv2%2Ftags&post=2742"}],"curies":[{"name":"wp","href":"https:\/\/api.w.org\/{rel}","templated":true}]}}