{"id":2744,"date":"2014-12-12T18:46:54","date_gmt":"2014-12-12T17:46:54","guid":{"rendered":"http:\/\/iesneiravilas.es\/?p=1015"},"modified":"2015-09-26T13:15:10","modified_gmt":"2015-09-26T11:15:10","slug":"novos-mediadores-do-neira-vilas","status":"publish","type":"post","link":"https:\/\/www.iesneiravilas.es\/arquivo\/?p=2744","title":{"rendered":"Novos mediadores do Neira Vilas"},"content":{"rendered":"<p>Dende o pasado m\u00e9rcores 5 de novembro ata o 10 de decembro desenvolveuse no centro cultural A F\u00e1brica de Perillo un novo <strong>Obradoiro de Formaci\u00f3n en Mediaci\u00f3n Escolar<\/strong>.<\/p>\n<p>Este obradoiro est\u00e1 promovido polo concello de Oleiros e contou con 12 horas de formaci\u00f3n que foron impartidas todos os m\u00e9rcores de 16:30 a 18:30.<\/p>\n<p>Neste curso form\u00e1ronse 16 novos mediadores, 12 de primeiro de ESO e 4 de segundo de ESO. Un gran \u00e9xito de convocatoria. Os novos mediadores xa forman parte do Equipo de Convivencia e Mediaci\u00f3n.<\/p>\n<p>Parab\u00e9ns a todos e o noso agradecemento a Octavio, que impartiu a Formaci\u00f3n, e \u00e1 Conceller\u00eda de Cultura do Concello de Oleiros, que nos apoia neste proxecto e nos axuda a mantelo vivo.<\/p>\n<div id='gallery-1' class='gallery galleryid-2744 gallery-columns-2 gallery-size-thumbnail'><figure class='gallery-item'>\n\t\t\t<div class='gallery-icon landscape'>\n\t\t\t\t<a href='https:\/\/www.iesneiravilas.es\/arquivo\/?attachment_id=1009'><img loading=\"lazy\" decoding=\"async\" width=\"150\" height=\"150\" src=\"https:\/\/www.iesneiravilas.es\/arquivo\/wp-content\/uploads\/2014\/10\/eso3b2-150x150.jpg\" class=\"attachment-thumbnail size-thumbnail\" alt=\"ESO 3\u00baB\" aria-describedby=\"gallery-1-1009\" \/><\/a>\n\t\t\t<\/div>\n\t\t\t\t<figcaption class='wp-caption-text gallery-caption' id='gallery-1-1009'>\n\t\t\t\tESO 3\u00baB\n\t\t\t\t<\/figcaption><\/figure><figure class='gallery-item'>\n\t\t\t<div class='gallery-icon landscape'>\n\t\t\t\t<a href='https:\/\/www.iesneiravilas.es\/arquivo\/?attachment_id=1010'><img loading=\"lazy\" decoding=\"async\" width=\"150\" height=\"150\" src=\"https:\/\/www.iesneiravilas.es\/arquivo\/wp-content\/uploads\/2014\/10\/eso4a4-150x150.jpg\" class=\"attachment-thumbnail size-thumbnail\" alt=\"ESO4\u00baA\" aria-describedby=\"gallery-1-1010\" \/><\/a>\n\t\t\t<\/div>\n\t\t\t\t<figcaption class='wp-caption-text gallery-caption' id='gallery-1-1010'>\n\t\t\t\tESO4\u00baA\n\t\t\t\t<\/figcaption><\/figure><figure class='gallery-item'>\n\t\t\t<div class='gallery-icon landscape'>\n\t\t\t\t<a href='https:\/\/www.iesneiravilas.es\/arquivo\/?attachment_id=1011'><img loading=\"lazy\" decoding=\"async\" width=\"150\" height=\"150\" src=\"https:\/\/www.iesneiravilas.es\/arquivo\/wp-content\/uploads\/2014\/10\/eso4b4-150x150.jpg\" class=\"attachment-thumbnail size-thumbnail\" alt=\"ESO 4\u00baB\" aria-describedby=\"gallery-1-1011\" \/><\/a>\n\t\t\t<\/div>\n\t\t\t\t<figcaption class='wp-caption-text gallery-caption' id='gallery-1-1011'>\n\t\t\t\tESO 4\u00baB\n\t\t\t\t<\/figcaption><\/figure><figure class='gallery-item'>\n\t\t\t<div class='gallery-icon landscape'>\n\t\t\t\t<a href='https:\/\/www.iesneiravilas.es\/arquivo\/?attachment_id=1012'><img loading=\"lazy\" decoding=\"async\" width=\"150\" height=\"150\" src=\"https:\/\/www.iesneiravilas.es\/arquivo\/wp-content\/uploads\/2014\/10\/eso4c2-150x150.jpg\" class=\"attachment-thumbnail size-thumbnail\" alt=\"ESO 4\u00baC\" aria-describedby=\"gallery-1-1012\" \/><\/a>\n\t\t\t<\/div>\n\t\t\t\t<figcaption class='wp-caption-text gallery-caption' id='gallery-1-1012'>\n\t\t\t\tESO 4\u00baC\n\t\t\t\t<\/figcaption><\/figure>\n\t\t<\/div>\n\n","protected":false},"excerpt":{"rendered":"<p>Dende o pasado m\u00e9rcores 5 de novembro ata o 10 de decembro desenvolveuse no centro cultural A F\u00e1brica de Perillo un novo Obradoiro de Formaci\u00f3n en Mediaci\u00f3n Escolar. Este obradoiro est\u00e1 promovido polo concello de Oleiros e contou con 12 horas de formaci\u00f3n que foron impartidas todos os m\u00e9rcores de 16:30 a 18:30. Neste curso &hellip; <a href=\"https:\/\/www.iesneiravilas.es\/arquivo\/?p=2744\" class=\"more-link\">Seguir lendo <span class=\"screen-reader-text\">Novos mediadores do Neira Vilas<\/span> <span class=\"meta-nav\">&rarr;<\/span><\/a><\/p>\n","protected":false},"author":1,"featured_media":0,"comment_status":"open","ping_status":"open","sticky":false,"template":"","format":"standard","meta":{"footnotes":""},"categories":[17,645,706,647],"tags":[63,261,646],"class_list":["post-2744","post","type-post","status-publish","format-standard","hentry","category-actividades","category-alumnos","category-curso-2014-2015","category-mediacion","tag-a-fabrica","tag-concello-de-oleiros","tag-mediacion"],"_links":{"self":[{"href":"https:\/\/www.iesneiravilas.es\/arquivo\/index.php?rest_route=\/wp\/v2\/posts\/2744","targetHints":{"allow":["GET"]}}],"collection":[{"href":"https:\/\/www.iesneiravilas.es\/arquivo\/index.php?rest_route=\/wp\/v2\/posts"}],"about":[{"href":"https:\/\/www.iesneiravilas.es\/arquivo\/index.php?rest_route=\/wp\/v2\/types\/post"}],"author":[{"embeddable":true,"href":"https:\/\/www.iesneiravilas.es\/arquivo\/index.php?rest_route=\/wp\/v2\/users\/1"}],"replies":[{"embeddable":true,"href":"https:\/\/www.iesneiravilas.es\/arquivo\/index.php?rest_route=%2Fwp%2Fv2%2Fcomments&post=2744"}],"version-history":[{"count":1,"href":"https:\/\/www.iesneiravilas.es\/arquivo\/index.php?rest_route=\/wp\/v2\/posts\/2744\/revisions"}],"predecessor-version":[{"id":2813,"href":"https:\/\/www.iesneiravilas.es\/arquivo\/index.php?rest_route=\/wp\/v2\/posts\/2744\/revisions\/2813"}],"wp:attachment":[{"href":"https:\/\/www.iesneiravilas.es\/arquivo\/index.php?rest_route=%2Fwp%2Fv2%2Fmedia&parent=2744"}],"wp:term":[{"taxonomy":"category","embeddable":true,"href":"https:\/\/www.iesneiravilas.es\/arquivo\/index.php?rest_route=%2Fwp%2Fv2%2Fcategories&post=2744"},{"taxonomy":"post_tag","embeddable":true,"href":"https:\/\/www.iesneiravilas.es\/arquivo\/index.php?rest_route=%2Fwp%2Fv2%2Ftags&post=2744"}],"curies":[{"name":"wp","href":"https:\/\/api.w.org\/{rel}","templated":true}]}}